{"id":4250,"date":"2014-04-08T23:19:35","date_gmt":"2014-04-08T23:19:35","guid":{"rendered":"http:\/\/revistakuvendi.org\/?p=4250"},"modified":"2014-04-08T23:19:36","modified_gmt":"2014-04-08T23:19:36","slug":"uashington-proteste-per-te-drejtat-e-shqiptareve-kunder-gjukanovicit","status":"publish","type":"post","link":"https:\/\/revistakuvendi.org\/?p=4250","title":{"rendered":"Uashington, protest\u00eb p\u00ebr t\u00eb drejtat e shqiptar\u00ebve, kund\u00ebr Gjukanovicit"},"content":{"rendered":"<p>GAZETAEXPRESS\u00a0E mart\u00eb, 08 Prill 2014 21:20<\/p>\n<ol>\n<li>\n<h2><a href=\"http:\/\/revistakuvendi.org\/wp-content\/uploads\/2014\/04\/demostrata1.jpg\"><img loading=\"lazy\" decoding=\"async\" class=\"alignleft size-full wp-image-4251\" title=\"demostrata1\" src=\"http:\/\/revistakuvendi.org\/wp-content\/uploads\/2014\/04\/demostrata1.jpg\" alt=\"\" width=\"633\" height=\"347\" srcset=\"https:\/\/revistakuvendi.org\/wp-content\/uploads\/2014\/04\/demostrata1.jpg 633w, https:\/\/revistakuvendi.org\/wp-content\/uploads\/2014\/04\/demostrata1-300x164.jpg 300w\" sizes=\"auto, (max-width: 633px) 100vw, 633px\" \/><\/a>Nj\u00eb num\u00ebr shoqatash shqiptare n\u00eb Shtetet e Bashkuara u mblodh\u00ebn sot p\u00ebrpara Sht\u00ebpis\u00eb s\u00eb Bardh\u00eb p\u00ebr t\u00eb k\u00ebrkuar m\u00eb shum\u00eb t\u00eb drejta p\u00ebr shqiptar\u00ebt n\u00eb Mal t\u00eb Zi.<!--more--><\/h2>\n<\/li>\n<\/ol>\n<p>Demonstrata u organizua me rastin e vizit\u00ebs n\u00eb Uashington t\u00eb Kryeministrit malazez Milo Gjukanovi\u00e7, p\u00ebrpara takimit t\u00eb tij n\u00eb Sht\u00ebpin\u00eb e Bardh\u00eb me N\u00ebnpresidentin Joe Biden.<\/p>\n<p>Shqiptaro-amerikan\u00ebt, pjesmarr\u00ebs n\u00eb demonstrat\u00ebn e sotme n\u00eb Uashington, p\u00ebrfaq\u00ebsonin shoqata nga Nju Jorku, Detroiti dhe \u00c7ikagoja.<\/p>\n<p>Ata than\u00eb se ishin mbledhur p\u00ebrpara Sht\u00ebpis\u00eb s\u00eb Bardh\u00eb p\u00ebr t\u00eb ngritur z\u00ebrin kund\u00ebr asaj q\u00eb ata e quajn\u00eb politik\u00eb diskriminuese t\u00eb qeveris\u00eb malazeze ndaj shqiptar\u00ebve. Protestuesit than\u00eb se shqiptar\u00ebt e Malit t\u00eb Zi duhet t\u00eb g\u00ebzojn\u00eb t\u00eb gjitha t\u00eb drejtat sipas konventave t\u00eb bot\u00ebs demokratike.<\/p>\n<p>Pashko Gjokaj, kryetar i shoqat\u00ebs Malsia e Madhe n\u00eb Detroit, tha se shqiptar\u00ebt e Malit t\u00eb Zi k\u00ebrkojn\u00eb t\u00eb drejta t\u00eb barabarta si t\u00eb gjitha pakicat e tjera.<\/p>\n<p>Don Fran Kolaj, famulltar i Kish\u00ebs s\u00eb Sh\u00ebn Palit n\u00eb Detroit, thot\u00eb se shteti malazez, megjith\u00eb premton lirit\u00eb nacionale, kur vjen puna te \u00e7\u00ebshtja e shqiptar\u00ebve ai nuk i praktikon dhe nuk i realizon ato me kushtetut\u00ebn e vet.<\/p>\n<p>Mark Gjonaj, an\u00ebtar i asambles\u00eb s\u00eb Nju Jorkut, \u00ebsht\u00eb shqiptari i vet\u00ebm q\u00eb p\u00ebrfaq\u00ebson komunitetin n\u00eb nj\u00eb organ t\u00eb r\u00ebnd\u00ebsish\u00ebm si asambleja e shtetit:<\/p>\n<p>&#8220;Zemra ime \u00ebsht\u00eb plot kur shikoj kaq shum\u00eb shqiptar\u00eb nga t\u00eb gjitha territoret shqiptare t\u00eb mbledhur bashk\u00eb, nga Kosova, nga Shqip\u00ebria, nga Mali i Zi, nga \u00c7am\u00ebria, p\u00ebr t\u00eb diskutuar \u00e7\u00ebshtjet e trajtimit t\u00eb shqiptar\u00ebve n\u00eb Mal t\u00eb Zi, nuk ndjej ve\u00e7se g\u00ebzim. Ky bashkim n\u00eb vetvete d\u00ebrgon nj\u00eb mesazh t\u00eb fort\u00eb jo vet\u00ebm p\u00ebr qeverin\u00eb e Malit t\u00eb Zi por p\u00ebr t\u00eb gjith\u00eb udh\u00ebheq\u00ebsit shqiptar\u00eb, se ne jemi ketu per ata, se do te jemi z\u00ebri p\u00ebr gjith\u00eb shqiptar\u00ebt n\u00eb Mal t\u00eb Zi dhe n\u00eb t\u00eb gjitha territoret shqiptare.&#8221;<\/p>\n<p>Disa prej pjesmarr\u00ebsve n\u00eb tubim u b\u00ebn\u00eb thirrje qeverive n\u00eb Tirane dhe Prishtin\u00eb q\u00eb t\u00eb interesohen p\u00ebr rregullimin e statusit t\u00eb shiptar\u00ebve n\u00eb Mal t\u00eb Zi.<\/p>\n<p>Ata thon\u00eb se fakti q\u00eb jan\u00eb kaq shum\u00eb shqiptar\u00eb t\u00eb Malit te Zi q\u00eb jetojn\u00eb n\u00eb emigracion provon se ata nuk gezojn\u00eb te drejta n\u00eb territoret e tyre.\/voa\/<\/p>\n","protected":false},"excerpt":{"rendered":"<p>GAZETAEXPRESS\u00a0E mart\u00eb, 08 Prill 2014 21:20 Nj\u00eb num\u00ebr shoqatash shqiptare n\u00eb Shtetet e Bashkuara u mblodh\u00ebn sot p\u00ebrpara Sht\u00ebpis\u00eb s\u00eb Bardh\u00eb p\u00ebr t\u00eb k\u00ebrkuar m\u00eb shum\u00eb t\u00eb drejta p\u00ebr shqiptar\u00ebt n\u00eb Mal t\u00eb Zi.<\/p>\n","protected":false},"author":1,"featured_media":0,"comment_status":"open","ping_status":"open","sticky":false,"template":"","format":"standard","meta":{"footnotes":""},"categories":[12],"tags":[],"class_list":["post-4250","post","type-post","status-publish","format-standard","hentry","category-jete-komuniteti"],"_links":{"self":[{"href":"https:\/\/revistakuvendi.org\/index.php?rest_route=\/wp\/v2\/posts\/4250","targetHints":{"allow":["GET"]}}],"collection":[{"href":"https:\/\/revistakuvendi.org\/index.php?rest_route=\/wp\/v2\/posts"}],"about":[{"href":"https:\/\/revistakuvendi.org\/index.php?rest_route=\/wp\/v2\/types\/post"}],"author":[{"embeddable":true,"href":"https:\/\/revistakuvendi.org\/index.php?rest_route=\/wp\/v2\/users\/1"}],"replies":[{"embeddable":true,"href":"https:\/\/revistakuvendi.org\/index.php?rest_route=%2Fwp%2Fv2%2Fcomments&post=4250"}],"version-history":[{"count":1,"href":"https:\/\/revistakuvendi.org\/index.php?rest_route=\/wp\/v2\/posts\/4250\/revisions"}],"predecessor-version":[{"id":4252,"href":"https:\/\/revistakuvendi.org\/index.php?rest_route=\/wp\/v2\/posts\/4250\/revisions\/4252"}],"wp:attachment":[{"href":"https:\/\/revistakuvendi.org\/index.php?rest_route=%2Fwp%2Fv2%2Fmedia&parent=4250"}],"wp:term":[{"taxonomy":"category","embeddable":true,"href":"https:\/\/revistakuvendi.org\/index.php?rest_route=%2Fwp%2Fv2%2Fcategories&post=4250"},{"taxonomy":"post_tag","embeddable":true,"href":"https:\/\/revistakuvendi.org\/index.php?rest_route=%2Fwp%2Fv2%2Ftags&post=4250"}],"curies":[{"name":"wp","href":"https:\/\/api.w.org\/{rel}","templated":true}]}}