{"id":4235,"date":"2014-04-02T12:04:25","date_gmt":"2014-04-02T12:04:25","guid":{"rendered":"http:\/\/revistakuvendi.org\/?p=4235"},"modified":"2014-04-02T12:04:25","modified_gmt":"2014-04-02T12:04:25","slug":"demostrata-e-2-prillit-91-endrra-e-deshmoreve-u-be-realitet","status":"publish","type":"post","link":"https:\/\/revistakuvendi.org\/?p=4235","title":{"rendered":"Demostrata e 2 Prillit &#8217;91 &#8211; Endrra e d\u00ebshmor\u00ebve u b\u00eb realitet"},"content":{"rendered":"<p><strong><a href=\"http:\/\/revistakuvendi.org\/wp-content\/uploads\/2014\/04\/2-prilli.jpg\"><img loading=\"lazy\" decoding=\"async\" class=\"alignleft size-full wp-image-4236\" title=\"2 prilli\" src=\"http:\/\/revistakuvendi.org\/wp-content\/uploads\/2014\/04\/2-prilli.jpg\" alt=\"\" width=\"448\" height=\"261\" srcset=\"https:\/\/revistakuvendi.org\/wp-content\/uploads\/2014\/04\/2-prilli.jpg 448w, https:\/\/revistakuvendi.org\/wp-content\/uploads\/2014\/04\/2-prilli-300x174.jpg 300w\" sizes=\"auto, (max-width: 448px) 100vw, 448px\" \/><\/a>BEQIR SINA, New York<\/strong><\/p>\n<p>&nbsp;<\/p>\n<p><em>2 prilli 1991, mbet\u00ebn t\u00eb vrar\u00eb kat\u00ebr d\u00ebshmor\u00ebt e demokracis\u00eb :\u00a0Arben Broci, Besnik Ceka, Bujar Bishanaku dhe Nazmi Kryeziu,<!--more--><\/em><\/p>\n<p>&nbsp;<\/p>\n<p><strong>NEW YORK :<\/strong>\u00a0Demostrata e 2 Prillit\u00a01991 p\u00ebrkujtohet\u00a0n\u00eb qytetin e demokracis\u00eb,\u00a0Shkodr\u00ebn si demonstrata antikomuniste e 2 prillit t\u00eb vitit 1991, ku mbet\u00ebn t\u00eb vrar\u00eb kat\u00ebr d\u00ebshmor\u00ebt e demokracis\u00eb :\u00a0Arben Broci, Besnik Ceka, Bujar Bishanaku dhe Nazmi Kryeziu, ata mbet\u00ebn\u00a0mbet\u00ebn t\u00eb vrar\u00eb nd\u00ebrsa u plagos\u00ebn rreth 30 t\u00eb tjer\u00eb. Ende nuk ka nj\u00eb proces t\u00eb drejt\u00ebsis\u00eb shqiptare &#8211; q\u00eb t\u00eb v\u00ebri para pergjegj\u00ebsis\u00eb urdh\u00ebruesit e k\u00ebsaj masakre dhe atyre q\u00eb shtin\u00eb me arm\u00eb zjarri nga ish Komiteti i Partis\u00eb s\u00eb Pun\u00ebs n\u00eb Shkod\u00ebr me 2 Prill 1991.<\/p>\n<p>&nbsp;<\/p>\n<p>Ngjarja e 2 prillit 1991 n\u00eb Shkod\u00ebr nisi si nj\u00eb protest\u00eb e qytetar\u00ebve kund\u00ebr komunizmit. Kjo ndodhi vet\u00ebm dy dit\u00eb pas zgjedhjeve t\u00eb 31 marsit, kur n\u00eb popullsin\u00eb shqiptare kishte nisur besimi se komunizmi kishte r\u00ebn\u00eb dhe po sigurohej nga Partia Demokratike, se i kishte ardhur fundi. N\u00eb val\u00ebn e k\u00ebsaj demonstrate anti -komuniste, u vran\u00eb pabesisht kat\u00ebr njer\u00ebz. Masakra e 2 prillit edhe sot e k\u00ebsaj dite mbulohet me nj\u00eb mister t\u00eb madh, disa t\u00eb akuzuar p\u00ebr k\u00ebt\u00eb ngjarje jan\u00eb n\u00ebrye t\u00eb kupol\u00ebs s\u00eb Partis\u00eb Socialiste, dhe ndodhit\u00eb e asaj dite t\u00eb kujtojn\u00eb se ky mister ka rr\u00ebnj\u00eb t\u00eb thella n\u00eb historin\u00eb politike t\u00eb demokracis\u00eb son\u00eb pas viteve 90.<\/p>\n<p>&nbsp;<\/p>\n<p><strong>Ende nuk ka nj\u00eb &#8220;zbardhje t\u00eb plot\u00eb t\u00eb ngjarjes s\u00eb 2 Prillit t\u00eb vitit 1991&#8221;!?<\/strong><br \/>\nN\u00eb kete dite, mendimi\u00a0i shqiptar\u00ebve demokrat\u00eb t\u00eb gjith\u00eb atyre q\u00eb luftuan dhe \u00ebnd\u00ebrruan k\u00ebt\u00eb dit\u00eb, natyrisht\u00eb q\u00eb\u00a0shkon n\u00eb nderim e respekt t\u00eb kujtimit t\u00eb kat\u00ebr d\u00ebshmor\u00ebve t\u00eb demokracis\u00eb q\u00eb u vran\u00eb pabesisht gjat\u00eb asaj proteste. Ata jan\u00eb tashm\u00eb pjes\u00eb e pashlyeshme e q\u00ebndres\u00ebs antikomuniste, e shpirtit demokrat shkodran q\u00eb nuk pranoi kompromis p\u00ebr demokracin\u00eb\u00a0dhe lirin\u00eb e\u00a0shum\u00ebpritur, por edhe e shpirtit shqiptar n\u00eb p\u00ebrgjith\u00ebsi q\u00eb p\u00ebr lirin\u00eb ka luftuar e sakrifikuar n\u00eb shekuj kan deklaruar disa politikan shqiptar p\u00ebr k\u00ebt\u00eb ngjarje duke shtuar se :&#8221; 23 vjet nga ajo demonstrat\u00eb q\u00eb pati si protagonist\u00eb kryesor\u00eb student\u00eb e gjimnazist\u00eb t\u00eb Shkodr\u00ebs,- vazhdon &#8211; rruga p\u00ebr nd\u00ebrtimin e demokracis\u00eb n\u00eb Shqip\u00ebri vazhdon t\u00eb jet\u00eb me sfida t\u00eb r\u00ebnd\u00ebsishme, t\u00eb cilat k\u00ebrkojn\u00eb impenjimin e gjithsecilit\u00a0me thirrjen p\u00ebr t\u00eb bashkuar p\u00ebrpjekjet e t\u00eb gjith\u00ebve p\u00ebr \u201cta konsoliduar demokracin\u00eb ton\u00eb t\u00eb re, si nj\u00eb garanci se po ecet n\u00eb drejtimin e duhur, at\u00eb drejt familjes s\u00eb madhe euroatlantike&#8221;.<\/p>\n<p>&nbsp;<\/p>\n<p><strong>Pas ardhjes s\u00eb PD-s\u00eb n\u00eb pushtet, kat\u00ebr t\u00eb vrar\u00ebt :\u00a0Arben Broci, Besnik Ceka, Bujar Bishanaku dhe Nazmi Kryeziu,\u00a0mor\u00ebn titullin &#8220;D\u00ebshmor\u00ebt e Demokracis\u00eb&#8221;<\/strong><\/p>\n<p>&nbsp;<\/p>\n<p>Ish &#8211; Kryeministri Berisha ne Shkod\u00ebr n\u00eb 20 vjetorin e k\u00ebsaj ngjarje p\u00ebr t\u00eb nderuar kujtimin e 4 D\u00ebshmor\u00ebve t\u00eb Demokracis\u00eb, Arben Broci, Bujar Bishanaku, Nazmi Kryeziu dhe Besnik Ceka q\u00eb u vran\u00eb barbarisht n\u00eb k\u00ebt\u00eb demonstrat\u00eb ka deklaruar \u00a0&#8220;Martir\u00ebt e Shkodr\u00ebs ran\u00eb p\u00ebr vlerat dhe aspiratat m\u00eb fisnike t\u00eb qytetar\u00ebve shqiptar\u00eb, por \u00ebndrra e tyre \u00ebsht\u00eb b\u00ebr\u00eb sot realitet&#8221;, ka th\u00ebn\u00eb Berisha.<\/p>\n<p>Duke nderuar vepr\u00ebn dhe sakrific\u00ebn e tyre sublime, Berisha\u00a0ka deklaruar se\u00a0&#8220;ata u ndan\u00eb nga jeta 20 vjet m\u00eb par\u00eb n\u00eb nj\u00eb betej\u00eb barbare t\u00eb regjimit stalinist t\u00eb bllokmen\u00ebve, t\u00eb cil\u00ebt zgjodh\u00ebn gjakun e Shkodr\u00ebs p\u00ebr t\u00eb festuar zgjedhjet e dhunuara nga klika Alia-Ru\u00e7i&#8221;.<\/p>\n<p>&#8220;Ky regjim &#8211; ka vazhduar n\u00eb at\u00eb p\u00ebrkujtimore\u00a0me tej Berisha- zgjodhi Shkodr\u00ebn, Rozaf\u00ebn e liris\u00eb p\u00ebr ta goditur me tanke n\u00eb m\u00ebnyr\u00ebn m\u00eb barbare. Por Shkodra ishte e pamposhtur. Ajo flijoi bijt\u00eb e saj, t\u00eb cil\u00ebt u b\u00ebn\u00eb drit\u00eb n\u00eb rrug\u00ebn e Shkodr\u00ebs dhe t\u00eb mbar\u00eb Shqip\u00ebris\u00eb drejt fitores p\u00ebrfundimtare t\u00eb demokracis\u00eb n\u00eb 22 mars 1991&#8221;<\/p>\n<p>Simbas tij \u00a0&#8220;Shkodra dhe Shqip\u00ebria n\u00eb Europ\u00eb ishte \u00ebndrra e martir\u00ebve t\u00eb Shkodr\u00ebs, q\u00eb u flijuan p\u00ebr t\u00eb fituar pavdek\u00ebsin\u00eb&#8221; dhe premtoi se &#8220;vitet q\u00eb vijn\u00eb, do t\u00eb jen\u00eb vitet e ndryshimeve m\u00eb t\u00eb m\u00ebdha pozitive t\u00eb k\u00ebtij qyteti&#8221;<\/p>\n<p>&nbsp;<\/p>\n<p><strong>Demostrata e 2 Prillit 1991<\/strong><\/p>\n<p>&nbsp;<\/p>\n<p>Demonstrata ndodhi dy dit\u00eb pas mbylljes s\u00eb kutive t\u00eb votimit, n\u00eb zgjedhjet e para pluraliste, ku PD-ja humbi p\u00ebrball\u00eb Partis\u00eb s\u00eb Pun\u00ebs. N\u00eb sheshin para ish-komitetit t\u00eb partis\u00eb n\u00eb Shkod\u00ebr, aktualisht sheshi &#8220;2 prilli&#8221;, u mblodh\u00ebn at\u00eb t\u00eb mart\u00eb nx\u00ebn\u00ebsit e dy shkollave t\u00eb mesme &#8220;Jordan Misja&#8221; dhe &#8220;29 n\u00ebntori&#8221;, (sot n\u00ebntori&#8221;). Ata iu rikthyen k\u00ebtij sheshi, pasi kishin q\u00ebndruar s\u00eb bashku me qytetar\u00ebt e Shkodr\u00ebs, edhe me dat\u00ebn 1 prill n\u00eb dark\u00eb, t\u00eb gjith\u00eb t\u00eb ulur n\u00eb shesh, por pa asnj\u00eb incident. T\u00eb mart\u00ebn n\u00eb m\u00ebngjes, situata u\u00a0 be krejt ndryshe, nx\u00ebn\u00ebsit u paralajm\u00ebruan vet\u00ebm nj\u00ebher\u00eb nga policia, m\u00eb pas\u00a0\u00a0 u l\u00ebshua mbi vajzat dhe djemt\u00eb e dy shkollave t\u00eb mesme me shkopa gome, duke l\u00ebnduar deri n\u00eb gjendje t\u00eb r\u00ebnd\u00eb tre vajza. M\u00ebsuesit e k\u00ebtyre dy shkollave pas sulmit t\u00eb par\u00eb t\u00eb policis\u00eb, mblodh\u00ebn n\u00ebp\u00ebr shesh dhe n\u00ebp\u00ebr lulishte, k\u00ebpuc\u00ebt dhe gj\u00ebrat e mbetura nga nj\u00eb vrapim i d\u00ebshp\u00ebruar q\u00eb b\u00ebjn\u00eb nx\u00ebn\u00ebsit p\u00ebr t&#8217;iu larguar dhun\u00ebs. Ky ishte fillimi, p\u00ebr t\u00eb p\u00ebrfunduar n\u00eb or\u00ebt e vona t\u00eb pasdites n\u00eb nj\u00eb Shkod\u00ebr t\u00eb djegur, ku ata q\u00eb e urrenin pushtetin, duke mos pasur se \u00e7far\u00eb t&#8217;i b\u00ebjn\u00eb m\u00eb atij pushteti, dogj\u00ebn librat e Enver Hoxh\u00ebs.<\/p>\n<p>&nbsp;<\/p>\n<p><strong>Nj\u00ebri prej udh\u00ebheq\u00ebsve t\u00eb k\u00ebtyre demostratave, pjes\u00ebmarr\u00ebs i tyre n\u00eb Shkod\u00ebr Alfonz Grishaj ka shkruar:<\/strong><\/p>\n<p>&nbsp;<\/p>\n<p>M\u00eb 1 prill 1991, demokrat\u00ebt e Shkodr\u00ebs v\u00ebrshuan para selis\u00eb s\u00eb PD-s\u00eb, me lot n\u00eb sy pyesnin p\u00ebr rezultatet. Dikush ishte dhe i acaruar. \u201cPrap\u00eb k\u00ebta kriminel\u00eb!\u201d. U munduam t\u2019i qet\u00ebsonim. Fol\u00ebn para selis\u00eb Kolec Ndoja, Viktor Martini, Azem Hajdari. Azemi ishte shum\u00eb i qart\u00eb n\u00eb fjal\u00ebn e tij\u2026 M\u00eb k\u00ebrkuan disa her\u00eb q\u00eb t\u00eb flisja. Isha shum\u00eb i lodhur, kisha net\u00eb pa gjum\u00eb. Ngarkesa dhe barra m\u00eb e madhe binte mbi mua, jo vet\u00ebm p\u00ebr njohjen e madhe me t\u00eb rinjt\u00eb e Shkodr\u00ebs, por dhe si nj\u00eb demokrat q\u00eb nuk njihja kompromise me ish-kast\u00ebn e kuqe.<\/p>\n<p>\u00cbsht\u00eb e v\u00ebrtet\u00eb q\u00eb Dilaveri dhe Gjeka erdh\u00ebn e k\u00ebrkuan \u201cbashk\u00ebpunim\u201d, p\u00ebr t\u00eb qet\u00ebsuar situat\u00ebn. Por, cila ishte arsyeja e v\u00ebrtet\u00eb? Vet\u00eb prania e tyre ngjallte neveri tek demonstruesit. Ata nuk shihnin tek Dilaveri dhe Gjeka figurat e rendit kushtetues, por kukullat e metalta t\u00eb nj\u00eb rendi antikushtetues dhe ilegjitim, t\u00eb cil\u00ebt me serumet e trur\u00ebve t\u00eb tyre t\u00eb lara i sh\u00ebrbenin nj\u00eb kaste gjakpir\u00ebse e delirante q\u00eb, p\u00ebr 47 vjet kishte burgosur, torturuar e vrar\u00eb.<\/p>\n<p>Pse duheshin shqet\u00ebsuar aq shum\u00eb k\u00ebta polic\u00eb, kur demonstruesit po demonstronin si qytetar\u00eb t\u00eb nj\u00eb bote t\u00eb lir\u00eb? Ata po protestonin p\u00ebr manipulimin e vot\u00ebs s\u00eb vjedhur dhe ata nuk protestonin p\u00ebr veten e tyre, por p\u00ebr Shqip\u00ebrin\u00eb se, Shkodra nuk ishte Republik\u00eb m\u00eb vete, ashtu si\u00e7 k\u00ebrkonin bashibozuk\u00ebt e Sigurimit, q\u00eb hidhnin parulla serbe: \u201cShkodra Republik\u00eb!\u201d, etj\u2026 Pse nuk u shqet\u00ebsuan k\u00ebta zot\u00ebrinj, kur makinat e tyre t\u00eb policis\u00eb dhe t\u00eb ushtris\u00eb shkonin p\u00ebr t\u00eb votuar, sa n\u00eb nj\u00eb zon\u00eb n\u00eb tjetr\u00ebn p\u00ebr t\u00eb manipuluar?<\/p>\n<p>&nbsp;<\/p>\n<p><strong>Motrat Zenelaj dy vjet\u00eb m\u00eb par\u00eb nga Hollivudi n\u00eb Shkod\u00ebr p\u00ebr ngjarjet e 2 prillit<\/strong><\/p>\n<p>&nbsp;<\/p>\n<p><em>Motrat Zenelaj, me syt\u00eb tan\u00eb pam\u00eb \u00e7far\u00eb ndodhi : \u201cNgjarjet e k\u00ebtij filmi b\u00ebjn\u00eb fjal\u00eb p\u00ebr demonstrat\u00ebn e 2 prillit n\u00eb Shkod\u00ebr dhe rr\u00ebzimin e diktatur\u00ebs komuniste n\u00eb Shqip\u00ebri\u201d, ka th\u00ebn\u00eb regjisorja Vilma Zenelaj. Sipas saj \u201cende nuk jan\u00eb trajtuar k\u00ebto tema t\u00eb r\u00ebnd\u00ebsishme komb\u00ebtare nga regjisor\u00ebt shqiptar\u00eb\u201d.<\/em><br \/>\nSimbas shtypit shqiptar\u00eb dy vjet\u00eb m\u00eb par\u00eb u tha se :&#8221;Dy motrat shqiptare Greta dhe Vilma Zenelaj, t\u00eb cilat jan\u00eb b\u00ebr\u00eb t\u00eb njohura si t\u00eb parat regjisore shqiptare q\u00eb themeluan nj\u00eb sht\u00ebpi filmike n\u00eb Hollivud (Colored Films),\u00a0shkuan \u00a0n\u00eb Shkod\u00ebr n\u00eb vitin 2012. Ato shkuan atje\u00a0jo vet\u00ebm q\u00eb do t\u00eb xhironin nj\u00eb film t\u00eb ri me tem\u00eb shqiptare, por do t\u00eb\u00a0ishin edhe vet protagoniste n\u00eb aktrim&#8221;. Gazeta shqiptare shkruante se me aktivitetin e tyre n\u00eb SHBA dy regjisoret shqiptare kan\u00eb b\u00ebr\u00eb t\u00eb mundur edhe prezantimin e nj\u00eb imazhi t\u00eb v\u00ebrtet\u00eb p\u00ebr Shqip\u00ebrin\u00eb. K\u00ebshtu q\u00eb Vilma dhe Greta Zenelaj simbas gazet\u00ebs Shqiptare, pohojn\u00eb se ky \u00ebsht\u00eb nj\u00eb nga q\u00ebllimet kryesore q\u00eb i ka \u00e7uar ato n\u00eb shesh-xhirimet e qytetit t\u00eb Shkodr\u00ebs. Xhirimet p\u00ebr filmin e ri sipas dy motrave Zenelaj kan\u00eb n\u00eb qend\u00ebr nj\u00eb histori shqiptare. Historia zhvillohet mes Shqip\u00ebris\u00eb dhe Amerik\u00ebs, ku udh\u00ebtojn\u00eb edhe personazhet e k\u00ebtij filmi. Motrat rr\u00ebfejn\u00eb se nj\u00ebri prej k\u00ebtyre personazheve quhet Helena dhe sipas tyre \u201ctek ajo p\u00ebrmblidhet drama e emigracionit t\u00eb detyruar si e shumic\u00ebs s\u00eb shqiptar\u00ebve n\u00eb vitet \u201890&#8243;. Por ka edhe personazhe t\u00eb tjer\u00eb q\u00eb u japin kuadrove t\u00eb filmit r\u00ebnd\u00ebsin\u00eb historike t\u00eb ngjarjes. Pra filmi n\u00eb Shkod\u00ebr me produksionin e sht\u00ebpis\u00eb filmime \u201cColored Film\u201d t\u00eb Hollivudit ka si pik\u00ebnisje ngjarjet tragjike t\u00eb 2 prillit 1991 n\u00eb Shkod\u00ebr, q\u00eb shoq\u00ebruan ardhjen e demokracis\u00eb dhe r\u00ebnien e komunizmit n\u00eb Shqip\u00ebri ka shkruar gazeta Shqiptare.<\/p>\n<p>&nbsp;<\/p>\n<p><strong>Revolucioni Popullor Antikomunist, 14 Janar 1990-22 Mars 1992<\/strong><\/p>\n<p>&nbsp;<\/p>\n<p>Simbas portalit Wikipedia nj\u00eb nga m\u00eb t\u00eb k\u00ebrkuarit n\u00eb interrnet thuhet se :&#8221;Kjo &#8220;L\u00ebvizje&#8221; klasifikohet tek &#8220;Revolucionet&#8221; pasi ishte nd\u00ebrrimi me dhun\u00eb i nj\u00eb sistemi dhe rendi shoq\u00ebror q\u00eb i kishte kaluar koha (sistemi komunist) dhe vendosja e nj\u00eb sistemi t\u00eb ri dhe rendi t\u00eb ri shoq\u00ebror, ekonomik e politik q\u00eb bazohej tek ideali dhe kauza e &#8220;Liris\u00eb, Demokracis\u00eb, Pluripartizmit dhe Ekonomis\u00eb s\u00eb Tregut&#8221;.<\/p>\n<p>&nbsp;<\/p>\n<p><strong>Azem Hajdari, drejtuesi i L\u00ebvizjes Studentore<\/strong><\/p>\n<p>&nbsp;<\/p>\n<p>Pas afro 46 vitesh n\u00ebn nj\u00eb tirani t\u00eb papar\u00eb n\u00eb histori, shqiptar\u00ebt t\u00eb nxitur nga ngjarjet n\u00eb Evrop\u00ebn Lindore por edhe nga gjendja e v\u00ebshtir\u00eb n\u00eb t\u00eb cil\u00ebn ndodhej vendi nga politikat e gabuara t\u00eb qeveris\u00eb filluan t\u00eb kund\u00ebrshtonin regjimin komunist t\u00eb Ramiz Alis\u00eb.<\/p>\n<p>&nbsp;<\/p>\n<p><strong>Situata politike para L\u00ebvizjes<\/strong><\/p>\n<p>&nbsp;<\/p>\n<p>Gjendja politike ishte e v\u00ebshtir\u00eb p\u00ebr Partin\u00eb e Pun\u00ebs. Regjimet komuniste n\u00eb t\u00eb gjitha vendet e Europ\u00ebs Lindore kishin r\u00ebn\u00eb. I fundit kishte qen\u00eb regjimi rumun q\u00eb kishte mbaruar n\u00eb m\u00ebnyr\u00eb t\u00eb p\u00ebrgjakshme. Komunist\u00ebt shqiptar\u00eb nuk po reflektonin. Shqip\u00ebria ishte i fundit vend me nj\u00eb regjim komunist n\u00eb Europ\u00eb.<\/p>\n<p>&nbsp;<\/p>\n<p><strong>Protestat antikomuniste Zona e L\u00ebvizjes<\/strong><\/p>\n<p>&nbsp;<\/p>\n<p>Shkodra, Kavaja, Tirana, Durr\u00ebsi, Elbasani, Kor\u00e7a, Pogradeci dhe Fieri.<\/p>\n<p>&nbsp;<\/p>\n<p><strong>Sali Berisha, drejtuesi i Partis\u00eb Demokratike Janar-N\u00ebntor 1990<\/strong><\/p>\n<p>&nbsp;<\/p>\n<p>14 Janar 1990 : Zhvillohet n\u00eb Shkod\u00ebr demostrata e par\u00eb antikomuniste n\u00eb Shqip\u00ebri. Mij\u00ebra shkodran\u00eb dalin n\u00eb qend\u00ebr t\u00eb qytetit dhe p\u00ebrpiqen t\u00eb hedhin bustin e Stalinit. Policia dhe ushtria arrijn\u00eb t\u00eb shp\u00ebrndajn\u00eb turm\u00ebn. Dhjet\u00ebra protestues arrestohen dhe dhunohen barbarisht n\u00eb burgje.<\/p>\n<p>26 Mars 1990 : Zhvillohet nj\u00eb demonstrat\u00eb masive antikomuniste n\u00eb Kavaj\u00eb. Forca t\u00eb shumta policore e shtyp\u00ebn me eg\u00ebrsi k\u00ebt\u00eb demostrat\u00eb. Masivisht fyhet diktatori Hoxha.<\/p>\n<p>2 Korrik 1990 : Fillon hyrja masive n\u00eb ambasada. Me mij\u00ebra t\u00eb rinj hyjn\u00eb n\u00eb ambasada n\u00eb k\u00ebrkim t\u00eb azilit politik. Ambasadat me m\u00eb shum\u00eb persona jan\u00eb ajo gjermane dhe ajo italiane. T\u00eb vetmet ambasada ku nuk pati azilant\u00eb ishin ajo kineze dhe ajo kubane. TVSh transmeton pamje ku azilant\u00ebt k\u00ebrkojn\u00eb t\u00eb dalin por nuk i &#8220;lejojn\u00eb&#8221; autoritetet e ambasadave. Fillojn\u00eb demonstratat antikomuniste n\u00eb gjith\u00eb vendin.<\/p>\n<p>Korrik-N\u00ebntor 1990: Demostrata antikomuniste zhvillohen n\u00eb gjith\u00eb vendin e ve\u00e7an\u00ebrisht n\u00eb Tiran\u00eb, Durr\u00ebs, Kavaj\u00eb, Shkod\u00ebr, Elbasan dhe Kor\u00e7\u00eb. K\u00ebrkesa kryesore e demostruesve \u00ebsht\u00eb hapja e Shqip\u00ebris\u00eb dhe rr\u00ebzimi i regjimit diktatorial komunist. Fillon emigrimi masiv drejt Italis\u00eb me an\u00eb t\u00eb anijeve. Mbi 20.000 shqiptar\u00eb largohen me mjete ujore. Policia kufitare vret shum\u00eb t\u00eb rinj shqiptar\u00eb q\u00eb po arratiseshin drejt nj\u00eb jete m\u00eb t\u00eb mir\u00eb.<\/p>\n<p>&nbsp;<\/p>\n<p><strong>Emigrimi masiv i shqiptar\u00ebve 1990-1991<\/strong><br \/>\n8 Dhjetor 1990 : Student\u00ebt e Universitetit t\u00eb Tiran\u00ebs formojn\u00eb Partin\u00eb Demokratike t\u00eb Shqip\u00ebris\u00eb, e para parti opozitare pas afro 50 vitesh. Udh\u00ebheq\u00ebsit kryesor\u00eb jan\u00eb Sali Berisha, Azem Hajdari, Genc Pollo, Aleksand\u00ebr Meksi dhe Gramoz Pashko. Partia e re bazohet mbi idealet e &#8220;Demokracis\u00eb, Liris\u00eb, Pluralizmit dhe Tregut t\u00eb Lir\u00eb&#8221;.<\/p>\n<p>11 Dhjetor 1990 : Student\u00ebt takohen me Presidentin e vendit, Ramiz Alin\u00eb. Ata i b\u00ebjn\u00eb t\u00eb ditur atij k\u00ebrkesat e tyre. Alia nuk pranon t&#8217;i plot\u00ebsoj\u00eb ato.<\/p>\n<p>12 Dhjetor 1990 : Zgjidhet kryetari i Partis\u00eb Demokratike. Me shumic\u00eb votash fiton Sali Berisha nj\u00ebri nga doktor\u00ebt m\u00eb t\u00eb njohur t\u00eb vendit.<\/p>\n<p>&nbsp;<\/p>\n<p><strong>D\u00ebshmor\u00ebt e 2 Prillit 1991, Arben Broci, Besnik Bishanaku, Nazmi Kryeziu dhe Besnik Ceka<br \/>\nJanar-Mars 199<\/strong><\/p>\n<p>&nbsp;<\/p>\n<p>5 Janar 1991 : Fillon botimi i gazet\u00ebs &#8220;Rilindja Demokratike&#8221;, organ i Partis\u00eb Demokratike.<\/p>\n<p>20 Shkurt 1991 : Demonstruesit pasi p\u00ebrleshen me policin\u00eb, rr\u00ebzojn\u00eb bustin e diktatorit Hoxha i cili sundoi vendin p\u00ebr 40 vjet n\u00ebn diktatur\u00ebn komuniste m\u00eb t\u00eb ashp\u00ebr n\u00eb bot\u00eb s\u00eb bashku me at\u00eb t\u00eb Kamboxhias.<\/p>\n<p>21 Shkurt 1991 : Situata p\u00ebr regjimin b\u00ebhet shum\u00eb kritike. Jep dor\u00ebheqjen kryeministri i vendit, Adil \u00c7ar\u00e7ani. N\u00eb krye t\u00eb qeveris\u00eb vjen Fatos Nano.<\/p>\n<p>31 Mars 1991 : Mbahen zgjedhjet e para pluraliste. Kodi Zgjedhor duksh\u00ebm favorizon PPSH. Me shum\u00eb manipulime fiton PPSH. N\u00eb qytetet e m\u00ebdha fiton Partia Demokratike. PPSH fiton n\u00eb zonat fshatare ku PD ende nuk ka mundur t\u00eb arrij\u00eb. Vet\u00eb Ramiz Alia humbet n\u00eb zon\u00ebn ku n\u00eb vitin 1941 u formua Partia Komuniste Shqiptare. Por ai zgjidhet President i Republik\u00ebs me votat pro t\u00eb PPSH dhe ato kund\u00ebr t\u00eb PDSH.<\/p>\n<p>&nbsp;<\/p>\n<p><strong>Rr\u00ebzimi i bustit t\u00eb Enver Hoxh\u00ebs m\u00eb 20 Shkurt 1991 ngjarjet Prill-Dhjetor 1991<\/strong><\/p>\n<p>&nbsp;<\/p>\n<p>2 Prill 1991 : Pas nj\u00eb demostrate paq\u00ebsore vriten n\u00eb Shkod\u00ebr 4 aktivist\u00eb t\u00eb PDSH dhe plagosen mbi 80 demonstrues. Kjo nxiti nj\u00eb val\u00eb t\u00eb re protestash. Demostruesit e eg\u00ebrsuar djegin Komitetin e Partis\u00eb s\u00eb Shkodr\u00ebs.<\/p>\n<p>Prill 1991 : Zhvillohen greva dhe demostrata t\u00eb fuqishme. Qeveria komuniste merr goditjen m\u00eb t\u00eb r\u00ebnd\u00eb pik\u00ebrisht nga pun\u00ebtor\u00ebt t\u00eb cil\u00ebt hyjn\u00eb masivisht n\u00eb greva.<\/p>\n<p>4 Qershor 1991 : Jep dor\u00ebheqjen kryeministri Fatos Nano p\u00ebr shkak t\u00eb protestave masive. Formohet qeveria e re e koalicionit e drejtuar nga Ylli Bufi.<\/p>\n<p>10 Qershor 1991 : N\u00eb nj\u00eb Kongres historik PPSH (Partia e Pun\u00ebs e Shqip\u00ebris\u00eb) ndryshon emrin n\u00eb PSSH (Partia Socialiste e Shqip\u00ebris\u00eb). Ndryshon edhe udh\u00ebheqja e Partis\u00eb.<\/p>\n<p>Qershor-N\u00ebntor 1991 : Zhvillohen demostrata antikomuniste. Thirrjet e demostruesve jan\u00eb &#8220;Ta b\u00ebjm\u00eb Shqip\u00ebrin\u00eb si gjith\u00eb Europa!&#8221;, &#8220;Liri-Demokraci!&#8221;, &#8220;Enver-Hitler!&#8221;, &#8220;Posht\u00eb komunizmi&#8221;! etj. N\u00eb \u00e7do qytet rr\u00ebzohen bustet e Enver Hoxh\u00ebs, Leninit dhe Stalinit, simbole t\u00eb diktatur\u00ebs s\u00eb eg\u00ebr komuniste. K\u00ebrkohet ndryshimi i emrave t\u00eb institucioneve t\u00eb ndryshme q\u00eb kan\u00eb emrin e Enver Hoxh\u00ebs, Leninit, Stalinit ose dat\u00ebn e krijmit t\u00eb PKSH. Ushtria demostron forc\u00ebn duke l\u00ebvizur tanket n\u00ebp\u00ebr qytetet e vendit. Vazhdon emigrimi masiv. Mij\u00ebra t\u00eb rinj k\u00ebrkojn\u00eb nj\u00eb jet\u00eb m\u00eb t\u00eb mir\u00eb drejt vendeve per\u00ebndimore.<\/p>\n<p>6 Dhjetor 1991 : Jep dor\u00ebheqjen qeveria e koalicionit p\u00ebr shkak t\u00eb largimit nga qeveria e ministrave t\u00eb PD.<\/p>\n<p>&nbsp;<\/p>\n<p><strong>Janar-Mars 1992<\/strong><\/p>\n<p>&nbsp;<\/p>\n<p>Janar 1992 : Formohet qeveria teknike e Vilson Ahmetit q\u00eb do t\u00eb p\u00ebrgatis\u00eb vendin p\u00ebr zgjedhjet e parakohshme.<\/p>\n<p>22 Mars 1992 : Mbahen zgjedhjet e parakohshme. Me nj\u00eb rezultat t\u00eb thell\u00eb fiton PDSH. Rotacioni i rezultatit \u00ebsht\u00eb 90 %. N\u00eb krye vjen nj\u00eb qeveri e djatht\u00eb, e para qeveri e djatht\u00eb q\u00eb nga koha e Zogut. Parlamenti i ri zgjedh President t\u00eb Republik\u00ebs z. Sali Berisha, i treti President i vendit (m\u00eb p\u00ebrpara kan\u00eb qen\u00eb Ahmet Zogu dhe Ramiz Alia) dhe i pari i zgjedhur n\u00eb m\u00ebnyr\u00eb demokratike. Protestat antikomuniste marrin fund. Revolucioni Antikomunist triumfon.<\/p>\n<p>&nbsp;<\/p>\n","protected":false},"excerpt":{"rendered":"<p>BEQIR SINA, New York &nbsp; 2 prilli 1991, mbet\u00ebn t\u00eb vrar\u00eb kat\u00ebr d\u00ebshmor\u00ebt e demokracis\u00eb :\u00a0Arben Broci, Besnik Ceka, Bujar Bishanaku dhe Nazmi Kryeziu,<\/p>\n","protected":false},"author":1,"featured_media":0,"comment_status":"open","ping_status":"open","sticky":false,"template":"","format":"standard","meta":{"footnotes":""},"categories":[15],"tags":[],"class_list":["post-4235","post","type-post","status-publish","format-standard","hentry","category-histori-gjeografi"],"_links":{"self":[{"href":"https:\/\/revistakuvendi.org\/index.php?rest_route=\/wp\/v2\/posts\/4235","targetHints":{"allow":["GET"]}}],"collection":[{"href":"https:\/\/revistakuvendi.org\/index.php?rest_route=\/wp\/v2\/posts"}],"about":[{"href":"https:\/\/revistakuvendi.org\/index.php?rest_route=\/wp\/v2\/types\/post"}],"author":[{"embeddable":true,"href":"https:\/\/revistakuvendi.org\/index.php?rest_route=\/wp\/v2\/users\/1"}],"replies":[{"embeddable":true,"href":"https:\/\/revistakuvendi.org\/index.php?rest_route=%2Fwp%2Fv2%2Fcomments&post=4235"}],"version-history":[{"count":1,"href":"https:\/\/revistakuvendi.org\/index.php?rest_route=\/wp\/v2\/posts\/4235\/revisions"}],"predecessor-version":[{"id":4237,"href":"https:\/\/revistakuvendi.org\/index.php?rest_route=\/wp\/v2\/posts\/4235\/revisions\/4237"}],"wp:attachment":[{"href":"https:\/\/revistakuvendi.org\/index.php?rest_route=%2Fwp%2Fv2%2Fmedia&parent=4235"}],"wp:term":[{"taxonomy":"category","embeddable":true,"href":"https:\/\/revistakuvendi.org\/index.php?rest_route=%2Fwp%2Fv2%2Fcategories&post=4235"},{"taxonomy":"post_tag","embeddable":true,"href":"https:\/\/revistakuvendi.org\/index.php?rest_route=%2Fwp%2Fv2%2Ftags&post=4235"}],"curies":[{"name":"wp","href":"https:\/\/api.w.org\/{rel}","templated":true}]}}