{"id":38,"date":"2012-02-28T16:30:44","date_gmt":"2012-02-28T16:30:44","guid":{"rendered":"http:\/\/revistakuvendi.org\/?p=38"},"modified":"2012-02-28T16:30:44","modified_gmt":"2012-02-28T16:30:44","slug":"do-te-doja-te-beja-film-per-riza-bllacen","status":"publish","type":"post","link":"https:\/\/revistakuvendi.org\/?p=38","title":{"rendered":"Do t\u00eb doja t\u00eb b\u00ebja film p\u00ebr Riza Bllac\u00ebn!"},"content":{"rendered":"<p><strong><a href=\"http:\/\/revistakuvendi.org\/wp-content\/uploads\/2012\/02\/zeqiri.jpg\"><img loading=\"lazy\" decoding=\"async\" class=\"alignleft size-medium wp-image-39\" title=\"zeqiri\" src=\"http:\/\/revistakuvendi.org\/wp-content\/uploads\/2012\/02\/zeqiri-300x187.jpg\" alt=\"\" width=\"300\" height=\"187\" srcset=\"https:\/\/revistakuvendi.org\/wp-content\/uploads\/2012\/02\/zeqiri-300x187.jpg 300w, https:\/\/revistakuvendi.org\/wp-content\/uploads\/2012\/02\/zeqiri.jpg 489w\" sizes=\"auto, (max-width: 300px) 100vw, 300px\" \/><\/a>Intervist\u00eb me Blerta Zeqirin-regjisore<\/strong><\/p>\n<p>Blerta Zeqiri, nuk \u00ebsht\u00eb em\u00ebr I panjohur n\u00eb Kosov\u00eb. Ajo ka kaluar tashm\u00eb edhe kufijt\u00eb komb\u00ebtar\u00eb. Para pak\u00eb dit\u00ebsh ajo I solli shqiptar\u00ebve nj\u00eb cmim jasht\u00ebzakonisht t\u00eb r\u00ebnd\u00ebaish\u00ebm. Wsht\u00eb e para regjisore shqiptare q\u00eb merr pjes\u00eb n\u00eb nj\u00eb festival t\u00eb p\u00ebrmasave t\u00eb tilla sic \u00ebsht\u00eb Festivali I Filmit Sundance n\u00eb SHBA. Nga atje, Blerta dhe ekipi I filmit \u201cKthimi\u201d, u kthyen me cmimin e par\u00eb p\u00ebr filmin nd\u00ebrkomb\u00ebtar.<!--more--><\/p>\n<p><strong>Blert\u00eb, urime p\u00ebr cmimin! Faleminderit q\u00eb na b\u00ebre t\u00eb ndihemi krenar\u00eb!<\/strong><\/p>\n<p>Blerta Zeqiri: Faleminderit shum\u00eb, shum\u00eb.<\/p>\n<p><strong>Filmi \u201cKthimi\u201d mori cmimin e par\u00eb n\u00eb Festivalin e Filmit\u00a0 Sundance. I pari film shqiptar q\u00eb merr nj\u00eb cmim t\u00eb till\u00eb n\u00eb nj\u00eb konkurrenc\u00eb jasht\u00ebzakonisht t\u00eb madhe. Duhet t\u00eb jesh ndier krenare dhe e lumtur at\u00eb dit\u00eb!<\/strong><\/p>\n<p>Blerta Zeqiri: T\u00eb githa nga pak\u00eb dhe nga shum\u00eb! Jam ndier shum\u00eb krenare, n\u00eb radh\u00eb t\u00eb par\u00eb, se ka dashur fati q\u00eb, un\u00eb ta p\u00ebrfaq\u00ebsoj Kosov\u00ebn n\u00eb Festivalin e Filmit Sundance I cili mbahet n\u00eb SHBA, dhe I cili, \u00ebsht\u00eb nj\u00eb prej festivaleve m\u00eb t\u00eb m\u00ebdha t\u00eb filmit t\u00eb pavarur n\u00eb Amerik\u00eb. Gjithashtu m\u00eb ka b\u00ebr\u00eb t\u00eb ndihem\u00a0 shum\u00eb krenare edhe p\u00ebr faktin se ka qen\u00eb hera e par\u00eb q\u00eb nj\u00eb film shqiptar merr pes\u00eb n\u00eb k\u00ebt\u00eb Festival e aq m\u00eb tep\u00ebr q\u00eb ndodhi t\u00eb kthehem prej atje me nj\u00eb cmim t\u00eb par\u00eb p\u00ebr filmin nd\u00ebrkomb\u00ebtar!<\/p>\n<p><strong>Ky film t\u00eb ka sjellur shum\u00eb fat. Po ky film mori 6 nga 8 cmimet e Festivalit \u201cNine eleven\u201d!<\/strong><\/p>\n<p>Blerta Zeqiri: Duhet t\u00eb them q\u00eb filmi \u201cKthimi\u201d ka konkurruar p\u00ebr 7 cmime k\u00ebshtu q\u00eb, n\u00eb fakt, ka marr\u00eb 6 nga 7 cmimet. Nj\u00eb prej cmimeve q\u00eb ndahej ka qen\u00eb p\u00ebr muzik\u00eb p\u00ebr t\u00eb cilin ne nuk kemi konkurruar ngase filmi nuk ka pasur muzik\u00eb. Zakonisht un\u00eb nuk p\u00ebrdor muzik\u00eb n\u00eb filmat e mi. Ky film ka qen\u00eb pjes\u00eb e Festivalit Nine eleven, q\u00eb p\u00ebr kosovar\u00ebt \u00ebsht\u00eb I njohur se u jep mund\u00ebsi regjisor\u00ebve t\u00eb rinj dhe skenarist\u00ebve t\u00eb rinj t\u00eb b\u00ebjn\u00eb filma. Skenarist\u00ebt konkurrojn\u00eb me skenaret e tyre n\u00eb Festival dhe, n\u00ebse skenaret e tyre p\u00ebrzgjidhen t\u00eb realizohen, at\u00ebher\u00eb zgjidhen regjisor\u00ebt t\u00eb cil\u00ebve u ofrohen\u00a0 k\u00ebto skenare. K\u00ebshtu ka ndodhur edhe me filmin \u201cKthimi\u201d.<\/p>\n<p><strong>Filmi \u201cKthimi\u201d u cil\u00ebsua si nj\u00eb film I vog\u00ebl me p\u00ebrmbajte t\u00eb madhe, si nj\u00eb film intelegjent e me p\u00ebrmbajtje\u2026<\/strong><\/p>\n<p>Blerta Zeqiri: V\u00ebrtet\u00eb? Oh g\u00ebzohem! \u00cbsht\u00eb e v\u00ebrtet\u00eb q\u00eb filmi trajton nj\u00eb tem\u00eb shum\u00eb t\u00eb madhe t\u00eb viktimave t\u00eb krimeve t\u00eb luft\u00ebs, le t\u00eb themi, t\u00eb t\u00eb burgosurve, t\u00eb t\u2019zhdukurve, viktimave t\u00eb dhun\u00ebs\u2026gjithcka. I ka t\u00eb g\u00ebrshetuara t\u00eb gjitha m\u00eb t\u00eb k\u00ebqijat q\u00eb mundet njeriu t\u2019i paramendoj\u00eb se dikujt I ndodhin n\u00eb luft\u00eb. Mir\u00ebpo prapseprap\u00eb nuk \u00ebsht\u00eb I trajtuar n\u00eb m\u00ebnyr\u00eb patetike. \u00cbsht\u00eb I trajtuar n\u00eb m\u00ebnyr\u00eb shum\u00eb t\u00eb thesht\u00eb\u2026<\/p>\n<p><strong>Dometh\u00ebn\u00eb pa zbukurime!<\/strong><\/p>\n<p>Blerta Zeqiri: Aspak! Aty nuk shihet dhun\u00eb. Asgj\u00eb prej k\u00ebtyre gj\u00ebrave t\u00eb k\u00ebqija, q\u00eb k\u00ebto p\u00ebrsonazhe kan\u00eb p\u00ebrjetuar, nuk shihen n\u00eb film, mir\u00ebpo ndjehen n\u00eb ndjenjat e tyre q\u00eb I kan\u00eb n\u00eb vazhdimin e jet\u00ebs s\u00eb tyre t\u00eb p\u00ebrditshme n\u00eb koh\u00ebn e tashme, pas luft\u00ebs.<\/p>\n<p><strong>Film q\u00eb t\u00eb krijon emocione dhe nuk mund t\u00eb jesh indiferent!<\/strong><\/p>\n<p>Blerta Zeqiri: Fatmir\u00ebrisht ashtu ka qen\u00eb. Ne, kur punojm\u00eb n\u00eb film, nuk jemi iniferent\u00eb kurr\u00eb por, nuk e di sa po kemi mund\u00ebsi me pa k\u00ebt\u00eb gj\u00eb objektivisht e sa jemi subjektiv ndaj kesaj. Prej vler\u00ebsimeve t\u00eb njer\u00ebzve, q\u00eb e kan\u00eb pa filmin k\u00ebtu n\u00eb Kosov\u00eb, \u00ebsht\u00eb v\u00ebrejtur se filmi ka komunikuar shum\u00eb mir\u00eb me njer\u00ebz dhe ka l\u00ebn\u00eb mbresa t\u00eb ta. Njejt\u00eb ka ndodhur edhe n\u00eb Festivalin e Filmit Sundance.<\/p>\n<p><strong>E shikon, gjuh\u00ebn e artit e kuptojn\u00eb t\u00eb gjith\u00eb!<\/strong><\/p>\n<p>Blerta Zeqiri: Po,e v\u00ebrtet\u00eb, k\u00ebt\u00eb gjuh\u00eb e din\u00eb t\u00eb gjith\u00eb!<\/p>\n<p><strong>Si lindi ideja, inspirimi, kishte koh\u00eb q\u00eb e kishe menduar dhe tani I erdhi moment apo?<\/strong><\/p>\n<p>Blerta Zeqiri: \u00cbsht\u00eb pak\u00eb m\u00eb e koklavitur se kaq. Shum\u00eb njer\u00ebz n\u00eb t\u00eb njejt\u00ebn koh\u00eb kemi menduar p\u00ebr problemet e njejta! Dhe, kjo mendoj q\u00eb e ka sjell\u00eb suksesin n\u00eb k\u00ebt\u00eb film, duke filluar prej skenaristit t\u00eb filmit I cili, e ka shkruar nj\u00eb skenar dhe ka konkuruar n\u00eb Festivalin Nine Eleven ku edhe i \u00ebsht\u00eb p\u00ebrzgjedhur skenari n\u00eb t\u00eb cilin, ka qen\u00eb tema dhe situatat n\u00eb t\u00eb cilat jan\u00eb gjendur k\u00ebto personazhe . Kur un\u00eb e kam marr\u00eb skenarin, kam vazhduar ta trajtoj n\u00eb nj\u00eb m\u00ebnyr\u00eb pak\u00eb m\u00eb ndryshe nga ajo se si \u00a0e ka trajtuar skenaristi n\u00eb fillim. Kjo p\u00ebr ar\u00ebsye se e kam marr\u00eb skenarin shum\u00eb von\u00eb n\u00eb koh\u00eb. Kam pasur vet\u00ebm nj\u00eb muaj koh\u00eb p\u00ebr ta kryer filmin e, secili regjisor duhet ta p\u00ebrshtat\u00eb p\u00ebr stilin e vet\u00eb k\u00ebshtu q\u00eb kam b\u00ebr\u00eb disa ndryshime t\u00eb r\u00ebnd\u00ebsishme por q\u00eb gjithmon\u00eb thelbi ka mbetur ai q\u00eb ka qen\u00eb.\u00a0 P\u00ebr tem\u00ebn e t\u00eb zhdukurve githmon\u00eb kam dashur t\u00eb punoj mir\u00ebpo nuk kam pasur guximin q\u00eb t\u00eb filloj ta trajtoj k\u00ebt\u00eb tem\u00eb. Jam frik\u00ebsuar se mos nuk po e trajtoj n\u00eb m\u00ebnyr\u00ebn e duhur, e n\u00ebse nj\u00eb tem\u00eb e till\u00eb nuk trajtohet si duhet e kam pasur ndjen\u00ebn se mund t\u2019I ofendoj n\u00eb nj\u00eb far\u00eb m\u00ebnyr\u00eb k\u00ebto viktima. N\u00eb momentin kur e kam marr\u00eb skenarin vec I kam pasur t\u00eb gatshme ato ndjenat dhe mendimet e kahmotshme p\u00ebr k\u00ebt\u00eb dukuri .<\/p>\n<p><strong>Kam p\u00ebrshtypjen se skenari nuk ka qen\u00eb prej atyre skenareve klasike me q\u00eb, me sa kam d\u00ebgjuar, aktor\u00ebt e kan\u00eb pasur lirin\u00eb t\u00eb veprojn\u00eb n\u00eb m\u00ebnyr\u00ebn e tyre. \u00cbsht\u00eb k\u00ebshtu apo jo?<\/strong><\/p>\n<p>Blerta Zeqiri: \u00a0Jo, skenari ka qen\u00eb mjaft klasik, le t\u00eb themi, n\u00eb zhvillim por, m\u00ebnyra se si kam dashur ta trajtoj ka qen\u00eb m\u00ebnyra moderne e pun\u00ebs. Mua m\u00eb ka p\u00eblqyer shum\u00eb, n\u00eb skenar, tema dhe gjetja e skenaristit q\u00eb e ka b\u00ebr\u00eb: me I sjell\u00eb dy njer\u00ebz me tramuma shum\u00eb t\u00eb tmerrshme individuale dhe k\u00ebta dy njer\u00ebz jan\u00eb cift q\u00eb provojn\u00eb t\u00eb jetojn\u00eb nj\u00eb j\u00ebt\u00eb t\u00eb mir\u00eb ndoshta n\u00eb t\u00eb ardhm\u00ebn por, q\u00eb ka shum\u00eb tragjedi brenda.<strong> <\/strong>Kam dashur<strong> <\/strong>q\u00eb krejt k\u00ebt\u00eb tragjedi ta leht\u00ebsoj. Rr\u00ebfimi \u00ebsht\u00eb shum\u00eb tragjik dhe ta trajtoj edhe un\u00eb n\u00eb m\u00ebnyr\u00eb tragjike at\u00ebher\u00eb do t\u00eb b\u00ebhej tep\u00ebr p\u00ebr shikuesin! Njeriu p\u00ebrton t\u00eb lidhet me dicka q\u00eb \u00ebsht\u00eb shum\u00eb e r\u00ebnd\u00eb. Gjith\u00ebsesi kam dashur q\u00eb me skenar t\u00eb arrij nj\u00eb moment q\u00eb ta b\u00ebj\u00eb p\u00ebr t\u00eb qeshur publikun e pastaj dal\u00ebngadal\u00eb t\u00eb tregoj dhimbjet e m\u00ebdha. P\u00ebr shkak t\u00eb koh\u00ebs s\u00eb shkurt\u00ebr q\u00eb kishim n\u00eb dispozicion nuk kemi mundur t\u00eb bashk\u00ebpunojm\u00eb me skenaristin deri n\u00eb fund t\u00eb procesit k\u00ebshtu q\u00eb, jemi marr\u00eb vesh t\u00eb gjith\u00eb, q\u00eb ta mbaj tem\u00ebn, brumin, dhe pastaj u desh t\u00eb intervenohej\u00a0 goxha shum\u00eb n\u00eb dialog\u00eb.<\/p>\n<p><strong>Na shpjego m\u00eb shum\u00eb k\u00ebt\u00eb m\u00ebnyr\u00ebn modern t\u00eb pun\u00ebs!<\/strong><\/p>\n<p>Blerta Zeqiri: \u00cbsht\u00eb nj\u00eb m\u00ebnyr\u00eb e re e pun\u00ebs t\u00eb cil\u00ebn e kisha par\u00eb n\u00eb disa filma q\u00eb b\u00ebheshin tash n\u00eb Amerik\u00eb, quhesh stili Mumblecore, ku I lihet liria aktorit q\u00eb t\u00eb b\u00ebj\u00eb dialogun, ta b\u00ebj\u00eb filmin vet\u00eb. Ti vet\u00ebm ia jep situat\u00ebn dhe ai luan vet\u00eb n\u00eb at\u00eb situat\u00eb.<\/p>\n<p><strong>Dometh\u00ebn\u00eb aktor\u00ebt e kan\u00eb b\u00ebr\u00eb filmin vet\u00eb!<\/strong><\/p>\n<p>Blerta Zeqiri: Jo, un\u00eb nuk e kam b\u00ebr\u00eb t\u00ebr\u00eb filmin n\u00eb at\u00eb stil p\u00ebr ar\u00ebsye se un\u00eb e dija sakt\u00ebsisht se ku duhet t\u00eb shkohet. Dometh\u00ebn\u00eb, aktor\u00ebt nuk e kan\u00eb pasur lirin\u00eb deri n\u00eb fund por e kan\u00eb pasur lirin\u00eb e gjetjes s\u00eb dialog\u00ebve. N\u00eb k\u00ebt\u00eb m\u00ebnyr\u00eb un\u00eb kam q\u00ebndruar prapa kamer\u00ebs, me laps n\u00eb dor\u00eb dhe kam shkruar cdo dialog q\u00eb m\u00eb ka p\u00eblqyer e pastaj I kemi p\u00ebrs\u00ebritur gj\u00ebrat e njejta. Mund t\u00eb them q\u00eb baz\u00ebn e skenarit e ka punuar skenaristi Shefqet Gjocaj se pa t\u00eb as nuk kishte filluar t\u00ebr\u00eb kjo pun\u00eb. Pastaj ka pasur shum\u00eb njer\u00ebz q\u00eb kan\u00eb dh\u00ebn\u00eb ndihmes\u00ebn e tyre duke filluar nga un\u00eb, aktor\u00ebt (Adriana Matoshi, Lulzim Bucolli dhe Kreshnik Berisha) t\u00eb cil\u00ebt kan\u00eb dh\u00ebn\u00eb ndihmes\u00eb jasht\u00ebzakonisht t\u00eb madhe n\u00eb nd\u00ebrtimin e dialog\u00ebve sepse I t\u00ebr\u00eb filmi pothuajse \u00ebsht\u00eb I bazuar n\u00eb dialog\u00eb.<\/p>\n<p><strong>Cili \u00ebsht\u00eb mesazhi I filmit \u201cKthimi\u201d?<\/strong><\/p>\n<p>Blerta Zeqiri: Nuk besoj se filmi \u201cKthimi\u201d ka mesazh. Zakonisht nuk provoj t\u00eb jap mesazhe. E vetmja gj\u00eb q\u00eb provoj t\u00eb b\u00ebj\u00eb n\u00eb pun\u00ebn time \u00ebsht\u00eb q\u00eb ai q\u00eb e shikon filmin, n\u00eb nj\u00eb moment t\u00eb caktuar, ta shoh\u00eb v\u00ebshtir\u00ebsin\u00eb e vendimeve t\u00eb caktuara q\u00eb njeriu I merr n\u00eb jet\u00eb. Kisha dashur q\u00eb njer\u00ebzit duke shikuar filmin tim t\u00eb thon\u00eb \u201c po un\u00eb si do t\u00eb kisha vepruar po t\u00eb isha n\u00eb vendin e k\u00ebtij personazhi?\u201d<\/p>\n<p><strong>Ky film nuk \u00ebsht\u00eb I vetmi q\u00eb ti ke punuar me tem\u00eb luft\u00ebn. Ke pasur edhe filma t\u00eb tjer\u00eb. Do t\u2019I kthehesh k\u00ebsaj teme p\u00ebrs\u00ebri?<\/strong><\/p>\n<p>Blerta Zeqiri: Sigurisht qe do t\u2019I kthehem shpesh p\u00ebr ar\u00ebsye se lufta \u00ebsht\u00eb q\u00eb, kur e p\u00ebrjeton nj\u00eb her\u00eb nd\u00ebrron shum\u00eb gj\u00ebra dhe njeriu nuk mund t\u00eb q\u00ebndroj\u00eb indiferent. P\u00ebrjetim shum\u00eb I fuqish\u00ebm dhe jo I mir\u00eb, sigurisht. Un\u00eb punoj nj\u00eb tem\u00eb t\u00eb till\u00eb e pastaj disa tema t\u00eb tjera pak\u00eb m\u00eb t\u00eb lehta n\u00eb m\u00ebnyr\u00eb q\u00eb t\u00eb marr fuqi p\u00ebr t\u2019iu rikthyer tem\u00ebs s\u00eb luft\u00ebs. T\u00eb punosh n\u00eb tema t\u00eb tilla \u00ebsht\u00eb shum\u00eb e v\u00ebshtir\u00eb emocionalisht.<\/p>\n<p><strong>Do t\u00eb konkurroni edhe n\u00eb festivale t\u00eb tjera me k\u00ebt\u00eb film?<\/strong><\/p>\n<p>Blerta Zeqiri: Patjet\u00ebr! Tash, pasi filmi ka pasur fillimin e jet\u00ebs s\u00eb tij nd\u00ebrkomb\u00ebtare n\u00eb Festivalin e Filmit n\u00eb Sundance, sigurisht q\u00eb do ta th\u00ebrrasin n\u00eb festivalet tjera. N\u00eb mars t\u00eb k\u00ebtij viti do t\u00eb marrim pjes\u00eb n\u00eb nj\u00eb festival n\u00eb Holand\u00eb pastaj do t\u00eb vazhdojm\u00eb me prezantime t\u00eb tjera por ende nuk I kemi t\u00eb konfirmuara.<\/p>\n<p><strong>Tashm\u00eb e keni t\u00eb hapur rrug\u00ebn p\u00ebr Oskar!<\/strong><\/p>\n<p>Blerta Zeqiri: Po, pik\u00ebrisht k\u00ebt\u00eb desha t\u00eb them. Me faktin q\u00eb e kemi fituar cmimin e juris\u00eb p\u00ebr filmin e shkurt\u00ebr nd\u00ebrkomb\u00ebtar na \u00ebsht\u00eb hapur rruga t\u00eb konkurojm\u00eb p\u00ebr Oscar e ky ka qen\u00eb nj\u00eb prej lajmeve m\u00eb t\u00eb g\u00ebzuara q\u00eb kemi marr\u00eb. Tani e dijm\u00eb q\u00eb kemi hyr\u00eb n\u00eb nj\u00eb gar\u00eb shum\u00eb t\u00eb ngusht\u00eb ku do t\u00eb konkurojn\u00eb maksimalisht 50 filma e nominohen vet\u00ebm 4!<\/p>\n<p><strong>Filmi \u201cKthimi\u201d \u00ebsht\u00eb nj\u00eb film I metrazhit t\u00eb shkurt\u00ebr. E ke menduar ta b\u00ebsh film t\u00eb metrazhit t\u00eb gjat\u00eb?<\/strong><\/p>\n<p>Blerta Zeqiri: Projekti I ardhsh\u00ebm do t\u00eb jet\u00eb film I metrazhit t\u00eb gjat\u00eb mir\u00ebpo jo ky film. Ka shum\u00eb tema t\u00eb tjera q\u00eb po presin n\u00eb radh\u00eb q\u00eb t\u00eb trajtohen. Mendoj q\u00eb nuk duhet t\u00eb kalojm\u00eb shum\u00eb koh\u00eb n\u00eb nj\u00eb tem\u00eb t\u00eb caktuar. \u00cbsht\u00eb b\u00ebr\u00eb film I shkurt\u00ebr, ka pasur sukses, jemi t\u00eb gjith\u00eb t\u00eb lumtur, ka edhe tema t\u00eb tjera.<\/p>\n<p><strong>Blerta thon\u00eb se arti ka fuqin\u00eb e ndikimit n\u00eb nd\u00ebrgjegjen e\u00a0 njer\u00ebzve! Pret q\u00eb ky film, por edhe filmat tjer\u00eb q\u00eb ke b\u00ebr\u00eb dhe do t\u00eb b\u00ebsh, do t\u00eb ndikojn\u00eb te njer\u00ebzit q\u00eb t\u00eb mendojn\u00eb, t\u00eb pakt\u00ebn, se cfar\u00eb po b\u00ebjn\u00eb dhe si po sillen?<\/strong><\/p>\n<p>Blerta Zeqiri: Do t\u00eb doja shum\u00eb t\u00eb ishte k\u00ebshtu! Gjithmon\u00eb kur I punoj filmat e vetmja gj\u00eb q\u00eb kam n\u00eb kok\u00eb \u00ebsht\u00eb q\u00eb njeriu kur e sheh filmin, I ulur n\u00eb sall\u00eb, n\u00eb ndonj\u00eb moment t\u00eb caktuar, ta v\u00eb veten n\u00eb pozit\u00eb t\u00eb ndonj\u00ebrit prej personazheve t\u00eb filmit. Mendoj se ajo \u00ebsht\u00eb m\u00ebnyra m\u00eb e mir\u00eb, shpesh her\u00eb, p\u00ebr me qen\u00eb m\u00eb af\u00ebr me ndjenjat e ndonj\u00eb situate t\u00eb caktuar ose problemi t\u00eb caktuar.<\/p>\n<p><strong>Cila \u00ebsht\u00eb pozita e regjisor\u00ebve t\u00eb rinj n\u00eb Kosov\u00eb?<\/strong><\/p>\n<p>Blerta Zeqiri: Nuk jan\u00eb n\u00eb pozit\u00eb t\u00eb lakmueshme ngase nuk kan\u00eb mund\u00ebsi ta b\u00ebjn\u00eb pun\u00ebn e tyre! Nuk ka mjete p\u00ebr t\u00eb b\u00ebr\u00eb filma. Filmi \u00ebsht\u00eb nj\u00eb prej arteve q\u00eb kushton shum\u00eb dhe k\u00ebshtu, q\u00eb n\u00eb start, ne kemi probleme q\u00eb t\u00eb b\u00ebjm\u00eb filma. Mendoj q\u00eb \u00ebsht\u00eb nj\u00eb platform\u00eb e mir\u00eb Festivali I Filmit 9\/11 sepse ai t\u00eb jep mund\u00ebsi t\u00eb b\u00ebsh filmin por prap\u00eb se prap\u00eb nuk \u00ebsht\u00eb platform\u00eb ideale. Kisha dashur q\u00eb shteti t\u00eb investoj\u00eb m\u00eb shum\u00eb n\u00eb filma t\u00eb shkurt\u00ebr por edhe n\u00eb filma t\u00eb tjer\u00eb. Filmi \u00ebsht\u00eb nj\u00eb prej arteve q\u00eb m\u00eb s\u00eb shumti po dep\u00ebrton n\u00eb bot\u00eb sepse \u00ebsht\u00eb shum\u00eb m\u00eb I preksh\u00ebm dhe konsumohet shum\u00eb m\u00eb shpejt. P\u00ebr t\u00eb mos e zgjatur shum\u00eb, pozita e regjisor\u00ebve t\u00eb rinj \u00ebsht\u00eb e v\u00ebshtir\u00eb.<\/p>\n<p><strong>Ti vet\u00eb, deri tani, ke arritur t\u00eb realizosh iden\u00eb q\u00eb ke pasur?<\/strong><\/p>\n<p>Blerta Zeqiri: Cdo her\u00eb kur kam dashur t\u00eb b\u00ebj film I kam gjetur m\u00ebnyrat si t\u00eb b\u00ebj\u00eb film edhe pse nuk jan\u00eb ato m\u00ebnyrat m\u00eb t\u00eb mira q\u00eb un\u00eb kam gjetur. Njejt ndodh edhe me regjisor\u00ebt tjer\u00eb t\u00eb rinj. Duhet t\u00eb sakrifikohet shum\u00eb p\u00ebr t\u00eb punuar nj\u00eb film t\u00eb shkurt\u00ebr. Shpesh here, \u00ebsht\u00eb e v\u00ebrtet\u00eb q\u00eb, paguhet puna q\u00eb po e b\u00ebjm\u00eb, shprt\u00ebrisht, por nuk \u00ebsht\u00eb inkurajuese.<\/p>\n<p><strong>Jasht Kosov\u00ebs jo rrall\u00eb prezantohemi me lajme jo fort t\u00eb mira. A \u00ebsht\u00eb filmi, dhe arti p\u00ebrgjith\u00ebsisht, nj\u00eb form\u00eb e mir\u00eb p\u00ebr t\u00eb dal\u00eb nga k\u00ebto lajme?<\/strong><\/p>\n<p>Blerta Zeqiri: <strong>\u00a0<\/strong>Po, \u00ebsht\u00eb nj\u00eb prej formave m\u00eb t\u00eb mira p\u00ebr t\u00eb dal\u00eb nga lajmet e k\u00ebqija p\u00ebr, t\u00eb nd\u00ebrruar imazhin q\u00eb Kosova ka n\u00eb bot\u00eb. T\u00eb kujtoj k\u00ebtu koh\u00ebn kur Milloshevici b\u00ebnte luft\u00eb me t\u00eb gjitha shtetet q\u00eb d\u00ebshironin t\u00eb ndaheshin nga Serbia. Ajo (Serbia) prap\u00eb se prap\u00eb kishte nj\u00eb far\u00eb imazhi t\u00eb mir\u00eb ose t\u00eb \u00ebmb\u00ebl n\u00eb syt\u00eb e njer\u00ebzve n\u00ebp\u00ebr bot\u00eb! Kjo p\u00ebr hir\u00eb t\u00eb filmave q\u00eb vazhdonte t\u00eb shfacte n\u00ebp\u00ebr bot\u00eb. Vazhdonte t\u00eb investonte n\u00eb filmat si reklam\u00eb p\u00ebr shtetin e vet\u00eb. Mendoj q\u00eb filmi \u00ebsht\u00eb mjet jasht\u00ebzakonisht I fuqish\u00ebm p\u00ebr t\u00eb prezantuar shtetin dhe imazhin p\u00ebr t\u00eb.<\/p>\n<p><strong>Blert\u00eb, ti ke b\u00ebr\u00eb filma shum\u00eb p\u00ebrmbat\u00ebsor, emocional\u00eb. Si duket rruga e provokimit deri te realizimi I filmit? Si lindin ato shk\u00ebndijat e para p\u00ebr nj\u00eb film?<\/strong><\/p>\n<p>Blerta Zeqiri: P\u00ebr mua, shum\u00eb shpesh, jan\u00eb momente t\u00eb caktuara nga jeta, ndjenja t\u00eb caktuara, situata n\u00ebp\u00ebr t\u00eb cilat ndoshta kam kaluar, v\u00ebzhguar ose dicka e till\u00eb. Mund t\u00eb them se m\u00eb s\u00eb shumti m\u00eb nxit, n\u00eb mendimin filmik t\u00eb pakt\u00ebn, jan\u00eb: tingujt, ndonj\u00eb dialog, ndonj\u00eb zhurm\u00eb, si bie bor\u00eb, tingulli I pikave t\u00eb shiut etj. Sa her\u00eb ia tregoj dikujt k\u00ebt\u00eb pik\u00eb timen, t\u00eb pakt\u00ebn nxit\u00ebse, q\u00eb shum\u00eb shpesh \u00ebsht\u00eb tingulli apo z\u00ebri n\u00eb film, p\u00ebr shum\u00eb njer\u00ebz \u00ebsht\u00eb \u00a0e cuditshme sepse p\u00ebr shumic\u00ebn \u00ebsht\u00eb vizuelja, imazhi nd\u00ebrsa te un\u00eb e kund\u00ebrta, \u00ebsht\u00eb dialogu, tingulli, z\u00ebri\u2026<\/p>\n<p><strong>Ke q\u00ebndruar nj\u00eb koh\u00eb n\u00eb Paris por ke shikuar edhe shum\u00eb filma amerikan\u00eb. Ku dallojn\u00eb filmat amerikan\u00eb nga ata evropian\u00eb?<\/strong><\/p>\n<p>Blerta Zeqiri: Amerikan\u00ebt e kan\u00eb jasht\u00ebzakonisht t\u00eb zhvilluar industrin\u00eb e filmit p\u00ebr k\u00ebt\u00eb ar\u00ebsye edhe\u00a0 b\u00ebjn\u00eb shum\u00eb m\u00eb tep\u00ebr filma komercial\u00eb t\u00eb cil\u00ebt jo domosdoshm\u00ebrisht m\u00eb p\u00eblqejn\u00eb mua. Ata e kan\u00eb shum\u00eb t\u00eb zhvilluar k\u00ebt\u00eb industri dhe din\u00eb jasht\u00ebzakonisht mir\u00eb t\u2019I punojn\u00eb k\u00ebto zhanre t\u00eb filmave. Krejt bota I njeh p\u00ebr k\u00ebt\u00eb. Mua shum\u00eb m\u00eb tep\u00ebr m\u00eb t\u00ebrheqin filmat evropian\u00eb.Por, pastaj filmat evropian\u00eb shkojn\u00eb, nga ana filozofike, shum\u00eb larg e harrojn\u00eb ta b\u00ebjn\u00eb filmin interesant p\u00ebr publikun. Idealja p\u00ebr mua jan\u00eb filmat q\u00eb gjenden diku n\u00eb mes. Mendoj q\u00eb filmat q\u00eb shfacen n\u00eb Festivalin e Filmit n\u00eb Sundance e kan\u00eb shum\u00eb shpesh k\u00ebt\u00eb mesin e art\u00eb q\u00eb jan\u00eb filma edhe interesant\u00eb edhe filozofik\u00eb n\u00eb t\u00eb njejt\u00ebn koh\u00eb.<\/p>\n<p><strong>Blert\u00eb, kush ju ka m\u00ebsuar t\u00eb b\u00ebni regji?<\/strong><\/p>\n<p>Blerta Zeqiri: H\u00eb, n\u00eb pun\u00ebn time kan\u00eb ndikuar shum\u00eb njer\u00ebz t\u00eb ndrysh\u00ebm duke filluar nga profesor\u00ebt e mi k\u00ebtu n\u00eb Kosov\u00eb, takimeve me njer\u00ebz t\u00eb ndrysh\u00ebm, pastaj profesor\u00ebt n\u00eb Franc\u00eb, takimet me njer\u00ebz t\u00eb ndrysh\u00ebm n\u00eb Franc\u00eb, librat e shumt\u00eb\u2026gjithcka nga pak\u00eb.<\/p>\n<p><strong>Karriera yte ka filluar pothuase me fillimin e nd\u00ebrtimit t\u00eb nj\u00eb Kosove t\u00eb re, do t\u00eb thosha. Sa ka ndikuar lufta dhe nd\u00ebrtimi I k\u00ebsaj Kosove n\u00eb an\u00ebn profesionale?<\/strong><\/p>\n<p>Blerta Zeqiri: Nuk di si do t\u2019I p\u00ebrgjigjesha k\u00ebsaj pyetjeje. Lufta na ka shkat\u00ebrruar. Un\u00eb kam qen\u00eb njeri I shkat\u00ebrruar pas luft\u00ebs. Nuk di cila \u00ebsht\u00eb nd\u00ebrtuar m\u00eb par\u00eb karriera ime apo un\u00eb kam filluar t\u2019I mbledh cop\u00ebzat e shkat\u00ebrrimit q\u00eb I ka b\u00ebr\u00eb lufta e me nd\u00ebrtu edhe veten. Nuk di as vet\u00eb ndoshta nj\u00ebra n\u00eb tjetr\u00ebn ose jeta vet\u00eb.<\/p>\n<p><strong>N\u00eb f\u00ebmij\u00ebrin\u00eb t\u00ebnde kush kan\u00eb qen\u00eb herojt\u00eb e tu, ke pasur t\u00eb till\u00eb?<\/strong><\/p>\n<p>Blerta Zeqiri: Kam lexuar shum\u00eb. Kam jetuar n\u00eb Suharek\u00eb (Therand\u00eb), n\u00eb nj\u00eb qytet ku nuk ka pasur edhe shum\u00eb gj\u00ebra, nuk ka ndodhur ndonj\u00eb gj\u00eb interesante. Nuk ka pasur ndonj\u00eb aktivitet. Aktivitetin m\u00eb interesant e kam gjetur n\u00eb libra. M\u00eb duket q\u00eb asnj\u00ebher\u00eb nuk kam pasur heronj n\u00eb jet\u00ebn time!<\/p>\n<p><strong>A ka mjaft personazhe q\u00eb meritojn\u00eb t\u00eb tregohen n\u00eb filma sot? <\/strong><\/p>\n<p>Blerta Zeqiri: Ka jasht\u00ebzakonisht shum\u00eb personazhe q\u00eb duhet t\u00eb trajtohen te ne. Ka jasht\u00ebzakonisht tema dhe ngjarje q\u00eb jan\u00eb t\u00eb pa trajtuara. Ar\u00ebsyeja kryesore pse nuk trajtohen, t\u00eb pakt\u00ebn n\u00eb film, \u00ebsht\u00eb se nuk ka mjete t\u00eb mjaftueshme financiare q\u00eb t\u00eb b\u00ebhen t\u00eb gjitha temat q\u00eb duhet t\u00eb b\u00ebhen. Kosova \u00ebsht\u00eb vend I vog\u00ebl dhe nuk mund ta fajsojm\u00eb askend pse nuk ka mjete m\u00eb shum\u00eb. Ka aq sa ka, por do t\u00eb ishte mir\u00eb t\u00eb shkoj\u00eb duke u rritur buxheti p\u00ebr filmin n\u00eb m\u00ebnyr\u00eb q\u00eb t\u00eb trajtohen personazhet e ndryshme q\u00eb meritojn\u00eb t\u00eb trajtohen. Un\u00eb, ta z\u00ebm\u00eb, do t\u00eb doja shum\u00eb q\u00eb, n\u00eb nj\u00eb t\u00eb ardhme t\u00eb af\u00ebrt, t\u00eb b\u00ebja nj\u00eb film p\u00ebr rapsodin Riza Bllaca. Ka pasur nj\u00eb jet\u00eb shum\u00eb interesante q\u00eb mendoj se meriton t\u2019I b\u00ebhet nj\u00eb rr\u00ebfim. Por ka edhe shum\u00eb e shum\u00eb t\u00eb tjer\u00eb.<\/p>\n<p><strong>Do t\u00eb jet\u00eb film dokumentaro-artistik apo vet\u00ebm dokumentar?<\/strong><\/p>\n<p>Blerta Zeqiri: Vet\u00ebm artistik!<\/p>\n<p><strong>P\u00ebrvec k\u00ebtij projekti t\u00eb cilin sapo na e shpalose cili do t\u00eb jet\u00eb filmi I radh\u00ebs?<\/strong><\/p>\n<p>Blerta Zeqiri: Tani vec kam filluar t\u00eb punoj n\u00eb nj\u00eb projekt t\u00eb metrazhit t\u00eb gjat\u00eb. Jam n\u00eb fillet e para t\u00eb nd\u00ebrtimit t\u00eb nj\u00eb skenari n\u00eb bashk\u00ebpunim me disa skenarist\u00eb. Tani p\u00ebr tani \u00ebsht\u00eb her\u00ebt t\u00eb shpalos m\u00eb shum\u00eb p\u00ebrvec se do t\u00eb jet\u00eb nj\u00eb projekt I filmit t\u00eb gjat\u00eb shum\u00eb shpejt I cili p\u00ebr teme do t\u00eb ket\u00eb problemet sociale q\u00eb kemi ne k\u00ebtu.<\/p>\n<p><strong>Cila \u00ebsht\u00eb puna m\u00eb e v\u00ebshtir\u00eb gjat\u00eb realizimit t\u00eb nj\u00eb filmi?<\/strong><\/p>\n<p>Blerta Zeqiri: Puna m\u00eb e v\u00ebshtir\u00eb \u00ebsht\u00eb sigurimi I mjeteve p\u00ebr ar\u00ebsye se gjithmon\u00eb ndihem jasht\u00ebzakonisht keq kur I th\u00ebrras bashk\u00ebpun\u00ebtor\u00ebt t\u00eb punojn\u00eb me shuma simbolike t\u00eb cilat shifra m\u00eb vjen turp t\u2019I nxjerr nga goja! Do kisha dashur shum\u00eb q\u00eb nj\u00eb dit\u00eb t\u00eb me jepej mund\u00ebsia q\u00eb t\u00eb mund t\u2019I ftoj bashk\u00ebpun\u00ebtor\u00ebt dhe ata t\u00eb shp\u00ebrblehen p\u00ebr pun\u00ebn q\u00eb b\u00ebjn\u00eb aq sa e meritojn\u00eb. Nj\u00eb prej ar\u00ebsyeve pse jam g\u00ebzuar shum\u00eb edhe kur kemi fituar n\u00eb Sundance \u00ebsht\u00eb se kjo fitore, ky cmim, \u00a0\u00ebsht\u00eb nj\u00eb satisfakcion edhe p\u00ebr bashk\u00ebpun\u00ebtor\u00ebt q\u00eb kan\u00eb punuar n\u00eb k\u00ebt\u00eb film pothuase vullnetarisht.<\/p>\n<p><strong>Ka mjaft aktor\u00eb n\u00eb Kosov\u00eb me t\u00eb cil\u00ebt do doje t\u00eb punoje?<\/strong><\/p>\n<p>Blerta Zeqiri: Po po po! Mendoj q\u00eb n\u00eb Kosov\u00eb pjesa m\u00eb e mir\u00eb e industris\u00eb t\u00eb filmit e edhe teatrit, jan\u00eb aktor\u00ebt. Kemi jasht\u00ebzakonisht shum\u00eb aktor\u00eb t\u00eb talentuar. Kam d\u00ebshir\u00eb t\u00eb punoj pothuajse me secilin prej tyre.<\/p>\n<p><strong>Blert\u00eb, faleminderit! Uroj edhe p\u00ebr shum\u00eb suksese t\u00eb tjera deri te Oskari!\u00a0 <\/strong><\/p>\n<p>Sundance Film Festival \u00a0\u00ebsht\u00eb themeluar nga aktori i famsh\u00ebm amerikan Robert Redford dhe njihet si festivali m\u00eb i madh i filmit t\u00eb pavarur n\u00eb SHBA. Mbahet \u00e7do vit n\u00eb Park City, Utah.Shum\u00eb regjisor\u00eb t\u00eb njohur bot\u00ebror\u00eb si Quentin Tarantino, Jim Jarmush, Alexander Payne, Robert Rodrigez, Kevin Smith, Steven Soderbergh, Spike Jonze kan\u00eb dal\u00eb nga ky festival.<\/p>\n<p><strong>Flora Durmishi<\/strong><\/p>\n","protected":false},"excerpt":{"rendered":"<p>Intervist\u00eb me Blerta Zeqirin-regjisore Blerta Zeqiri, nuk \u00ebsht\u00eb em\u00ebr I panjohur n\u00eb Kosov\u00eb. Ajo ka kaluar tashm\u00eb edhe kufijt\u00eb komb\u00ebtar\u00eb. Para pak\u00eb dit\u00ebsh ajo I solli shqiptar\u00ebve nj\u00eb cmim jasht\u00ebzakonisht t\u00eb r\u00ebnd\u00ebaish\u00ebm. Wsht\u00eb e para regjisore shqiptare q\u00eb merr pjes\u00eb n\u00eb nj\u00eb festival t\u00eb p\u00ebrmasave t\u00eb tilla sic \u00ebsht\u00eb Festivali I Filmit Sundance n\u00eb SHBA.&hellip;<\/p>\n","protected":false},"author":1,"featured_media":0,"comment_status":"open","ping_status":"open","sticky":false,"template":"","format":"standard","meta":{"footnotes":""},"categories":[1],"tags":[],"class_list":["post-38","post","type-post","status-publish","format-standard","hentry","category-intervista"],"_links":{"self":[{"href":"https:\/\/revistakuvendi.org\/index.php?rest_route=\/wp\/v2\/posts\/38","targetHints":{"allow":["GET"]}}],"collection":[{"href":"https:\/\/revistakuvendi.org\/index.php?rest_route=\/wp\/v2\/posts"}],"about":[{"href":"https:\/\/revistakuvendi.org\/index.php?rest_route=\/wp\/v2\/types\/post"}],"author":[{"embeddable":true,"href":"https:\/\/revistakuvendi.org\/index.php?rest_route=\/wp\/v2\/users\/1"}],"replies":[{"embeddable":true,"href":"https:\/\/revistakuvendi.org\/index.php?rest_route=%2Fwp%2Fv2%2Fcomments&post=38"}],"version-history":[{"count":1,"href":"https:\/\/revistakuvendi.org\/index.php?rest_route=\/wp\/v2\/posts\/38\/revisions"}],"predecessor-version":[{"id":40,"href":"https:\/\/revistakuvendi.org\/index.php?rest_route=\/wp\/v2\/posts\/38\/revisions\/40"}],"wp:attachment":[{"href":"https:\/\/revistakuvendi.org\/index.php?rest_route=%2Fwp%2Fv2%2Fmedia&parent=38"}],"wp:term":[{"taxonomy":"category","embeddable":true,"href":"https:\/\/revistakuvendi.org\/index.php?rest_route=%2Fwp%2Fv2%2Fcategories&post=38"},{"taxonomy":"post_tag","embeddable":true,"href":"https:\/\/revistakuvendi.org\/index.php?rest_route=%2Fwp%2Fv2%2Ftags&post=38"}],"curies":[{"name":"wp","href":"https:\/\/api.w.org\/{rel}","templated":true}]}}