{"id":3182,"date":"2013-07-30T14:45:42","date_gmt":"2013-07-30T14:45:42","guid":{"rendered":"http:\/\/revistakuvendi.org\/?p=3182"},"modified":"2013-07-30T14:45:42","modified_gmt":"2013-07-30T14:45:42","slug":"xhoina-shqiptarja-me-pese-gjuhe-te-huaja-qe-punon-ne-nato","status":"publish","type":"post","link":"https:\/\/revistakuvendi.org\/?p=3182","title":{"rendered":"Xhoina, shqiptarja me pes\u00eb gjuh\u00eb t\u00eb huaja q\u00eb punon n\u00eb NATO"},"content":{"rendered":"<p><strong>Nga:\u00a0Xhemil Beharaj<\/strong><\/p>\n<p><a href=\"http:\/\/revistakuvendi.org\/wp-content\/uploads\/2013\/07\/u2_xhoinagishti1.jpg\"><img loading=\"lazy\" decoding=\"async\" class=\"alignleft size-medium wp-image-3183\" title=\"u2_xhoinagishti1\" src=\"http:\/\/revistakuvendi.org\/wp-content\/uploads\/2013\/07\/u2_xhoinagishti1-282x300.jpg\" alt=\"\" width=\"282\" height=\"300\" srcset=\"https:\/\/revistakuvendi.org\/wp-content\/uploads\/2013\/07\/u2_xhoinagishti1-282x300.jpg 282w, https:\/\/revistakuvendi.org\/wp-content\/uploads\/2013\/07\/u2_xhoinagishti1.jpg 320w\" sizes=\"auto, (max-width: 282px) 100vw, 282px\" \/><\/a>Quhet Xhoina \u00a0dhe \u00ebsht\u00eb 25 vje\u00e7e. Ajo ka lindur n\u00eb 21 prill t\u00eb vitit 1988, n\u00eb Patos. S\u00eb bashku me prind\u00ebrit dhe t\u00eb v\u00ebllan\u00eb, n\u00eb vitin 1999 shkuan dhe emigruan n\u00eb Milano t\u00eb Italis\u00eb.<!--more--> Pasi mbaroi shkoll\u00ebn e mesme, ajo p\u00ebrfundoi studimet e larta n\u00eb universitetin katolik \u201cSacro del Cuore\u201d n\u00eb Milano, me rezultate shum\u00eb t\u00eb mira. Pasi ka mbrojtur pes\u00eb gjuh\u00eb t\u00eb huaja, ajo momentalisht punon me NGO (shoqat\u00eb joqeveritare) dhe YATA (Atlantic Treaty Association), nj\u00eb deg\u00eb e s\u00eb cil\u00ebs \u00ebsht\u00eb edhe n\u00eb Shqip\u00ebri, q\u00eb \u00ebsht\u00eb nj\u00eb shoqat\u00eb q\u00eb merret me organizimin e t\u00eb rinjve t\u00eb rajonit p\u00ebr diplomat\u00ebt e s\u00eb ardhmes\u2026 T\u00eb dyja k\u00ebto organizata kan\u00eb nj\u00eb bashk\u00ebpunim shum\u00eb t\u00eb ngusht\u00eb me NATO-n dhe jan\u00eb krijuar p\u00ebr llogari t\u00eb NATO-s. Ajo ka vizituar shum\u00eb vende t\u00eb bot\u00ebs, ku dhe ka dh\u00ebn\u00eb kontributin e saj, deri n\u00eb ambasad\u00ebn ton\u00eb n\u00eb Kin\u00eb, ku p\u00ebr nj\u00eb vit ka mbrojtur edhe gjuh\u00ebn kineze n\u00eb m\u00ebnyr\u00eb perfekte, fal\u00eb edhe ndihm\u00ebs s\u00eb ambasadorit ton\u00eb n\u00eb Kin\u00eb. N\u00eb intervist\u00ebn e sotme Xhoina rr\u00ebfen rrug\u00ebtimin e saj anemban\u00eb bot\u00ebs\u2026<br \/>\n\u00c7far\u00eb studimesh keni p\u00ebrfunduar?<br \/>\nNj\u00eb vit m\u00eb par\u00eb p\u00ebrfundova studimet dhe u diplomova, duke u specializuar p\u00ebr marr\u00ebdh\u00ebnie nd\u00ebrkomb\u00ebtare n\u00eb universitetin katolik \u201cSacro del Cuore\u201d n\u00eb Milano. Pak koh\u00eb m\u00eb par\u00eb u laureova n\u00eb gjuh\u00ebn kineze, ku p\u00ebr nj\u00eb vit isha me studime n\u00eb Kin\u00eb. Atje m\u00eb mori personeli i ambasad\u00ebs son\u00eb n\u00eb Kin\u00eb, ku b\u00ebra praktik\u00ebn. M\u00eb pas p\u00ebrfundova edhe specializimin p\u00ebr marr\u00ebdh\u00ebnie nd\u00ebrkomb\u00ebtare n\u00eb Itali.<br \/>\nSa gjuh\u00eb t\u00eb huaja flisni?<br \/>\nKam mbrojtur dhe flas shum\u00eb mir\u00eb gjuh\u00ebt: italisht, anglisht, fr\u00ebngjisht, spanjisht, kinezisht, edhe shqip sigurisht.<br \/>\nNa tregoni di\u00e7ka m\u00eb shum\u00eb p\u00ebr p\u00ebrvoj\u00ebn n\u00eb Kin\u00eb. Si ju priti ambasadori yn\u00eb atje?<br \/>\nAmbasadori yn\u00eb n\u00eb Kin\u00eb, Kujtim Xhani m\u00eb priti shum\u00eb mir\u00eb. Pasi pa CV-n\u00eb time (sepse ia dhash\u00eb dorazi, duke qen\u00eb se isha n\u00eb Kin\u00eb p\u00ebr studimin nj\u00ebvje\u00e7ar t\u00eb gjuh\u00ebs kineze), ai ra dakord e m\u00eb pranoi q\u00eb un\u00eb t\u00eb b\u00ebja praktik\u00ebn n\u00eb ambasad\u00ebn ton\u00eb n\u00eb Kin\u00eb. Si ambasadori, ashtu edhe gjith\u00eb stafi i ambasad\u00ebs, ishin njer\u00ebz shum\u00eb t\u00eb mir\u00eb. Edhe vet\u00eb zoti Kujtim e kishte nisur pun\u00ebn k\u00ebshtu si un\u00eb, por n\u00eb Koren\u00eb e Veriut.<br \/>\nAktualisht, ku po punoni dhe \u00e7far\u00eb pune b\u00ebni konkretisht?<br \/>\nN\u00eb NGO (shoqat\u00eb joqeveritare) dhe YATA (Atlantic Treaty Association), nj\u00eb deg\u00eb e saj \u00ebsht\u00eb edhe n\u00eb Shqip\u00ebri. Kjo organizat\u00eb merret me praktika t\u00eb tilla, si p\u00ebr shembull kur bien kriza, \u00e7far\u00eb krizash jan\u00eb, si zgjidhen etj. K\u00ebto zhvillohen p\u00ebr zona e rajone ta caktuara, si n\u00eb Ballkan etj. Si duhet t\u00eb organizohen t\u00eb rinjt\u00eb q\u00eb t\u00eb zgjidhin krizat, si punojn\u00eb Ministrit\u00eb e Jashtme, si jan\u00eb t\u00eb organizuara etj., etj.<br \/>\nNa trego pak p\u00ebr jet\u00ebn private\u2026 Je e fejuar apo jo? Na thuaj di\u00e7ka p\u00ebr personin e zemr\u00ebs?<br \/>\nJam e fejuar me nj\u00eb italian, Andrean. Jam njohur me t\u00eb n\u00eb nj\u00eb mbledhje t\u00eb NATO-s, q\u00eb \u00ebsht\u00eb b\u00ebr\u00eb disa vite m\u00eb par\u00eb n\u00eb Palermo t\u00eb Italis\u00eb. Ai \u00ebsht\u00eb i pun\u00ebsuar n\u00eb Ministrin\u00eb e Turizmit n\u00eb Itali dhe mbulon zon\u00ebn e mal\u00ebsis\u00eb s\u00eb Milanos. Nj\u00eb her\u00eb, i fejuari im Andrea ka qen\u00eb p\u00ebr vizit\u00eb n\u00eb Shqip\u00ebri nga NATO. Ishte viti 2011. Aty e kan\u00eb pritur shum\u00eb mir\u00eb, q\u00eb nga drejtuesit e lart\u00eb t\u00eb Ministris\u00eb s\u00eb Mbrojtjes dhe deri tek kamerieri i lokalit ku ata shkonin p\u00ebr t\u00eb drekuar apo pir\u00eb kafe. Andrea u kishte th\u00ebn\u00eb q\u00eb \u201ce fejuara ime \u00ebsht\u00eb shqiptare, nga Patosi i Fierit\u201d dhe ata ishin p\u00ebrgjigjur \u201cMir\u00eb se erdhe n\u00eb familjen ton\u00eb\u201d.<br \/>\nA ke d\u00ebshir\u00eb q\u00eb nj\u00eb dit\u00eb t\u00eb kthehesh e t\u00eb punosh n\u00eb Shqip\u00ebri?<br \/>\nDo t\u00eb m\u00eb p\u00eblqente shum\u00eb t\u00eb kthehesha n\u00eb Shqip\u00ebri. Do t\u00eb doja t\u00eb punoja, ose n\u00eb Ministrin\u00eb e Mbrojtjes, ose n\u00eb at\u00eb t\u00eb Jashtme. E di q\u00eb gj\u00ebrat nuk jan\u00eb kaq t\u00eb thjeshta n\u00eb Shqip\u00ebri dhe duhet q\u00eb t\u2019i mendoj shum\u00eb mir\u00eb gj\u00ebrat. Kam qen\u00eb n\u00eb veri t\u00eb Shqip\u00ebris\u00eb me disa shoqata t\u00eb ndryshme italiane. Do t\u00eb m\u00eb p\u00eblqente q\u00eb t\u00eb punoja edhe me ndihmat humanitare. K\u00ebt\u00eb gj\u00eb akoma s\u2019e kam vendosur. I fejuari im \u00ebsht\u00eb dakord q\u00eb, n\u00eb qoft\u00eb se un\u00eb gjej nj\u00eb pun\u00eb t\u00eb mir\u00eb n\u00eb Shqip\u00ebri, t\u00eb vijm\u00eb e t\u00eb jetojm\u00eb aty.<br \/>\n(e.m\/GazetaShqiptare\/BalkanWeb) 30 Korrik 2013<\/p>\n","protected":false},"excerpt":{"rendered":"<p>Nga:\u00a0Xhemil Beharaj Quhet Xhoina \u00a0dhe \u00ebsht\u00eb 25 vje\u00e7e. Ajo ka lindur n\u00eb 21 prill t\u00eb vitit 1988, n\u00eb Patos. S\u00eb bashku me prind\u00ebrit dhe t\u00eb v\u00ebllan\u00eb, n\u00eb vitin 1999 shkuan dhe emigruan n\u00eb Milano t\u00eb Italis\u00eb.<\/p>\n","protected":false},"author":1,"featured_media":0,"comment_status":"open","ping_status":"open","sticky":false,"template":"","format":"standard","meta":{"footnotes":""},"categories":[11],"tags":[],"class_list":["post-3182","post","type-post","status-publish","format-standard","hentry","category-publicistike"],"_links":{"self":[{"href":"https:\/\/revistakuvendi.org\/index.php?rest_route=\/wp\/v2\/posts\/3182","targetHints":{"allow":["GET"]}}],"collection":[{"href":"https:\/\/revistakuvendi.org\/index.php?rest_route=\/wp\/v2\/posts"}],"about":[{"href":"https:\/\/revistakuvendi.org\/index.php?rest_route=\/wp\/v2\/types\/post"}],"author":[{"embeddable":true,"href":"https:\/\/revistakuvendi.org\/index.php?rest_route=\/wp\/v2\/users\/1"}],"replies":[{"embeddable":true,"href":"https:\/\/revistakuvendi.org\/index.php?rest_route=%2Fwp%2Fv2%2Fcomments&post=3182"}],"version-history":[{"count":1,"href":"https:\/\/revistakuvendi.org\/index.php?rest_route=\/wp\/v2\/posts\/3182\/revisions"}],"predecessor-version":[{"id":3184,"href":"https:\/\/revistakuvendi.org\/index.php?rest_route=\/wp\/v2\/posts\/3182\/revisions\/3184"}],"wp:attachment":[{"href":"https:\/\/revistakuvendi.org\/index.php?rest_route=%2Fwp%2Fv2%2Fmedia&parent=3182"}],"wp:term":[{"taxonomy":"category","embeddable":true,"href":"https:\/\/revistakuvendi.org\/index.php?rest_route=%2Fwp%2Fv2%2Fcategories&post=3182"},{"taxonomy":"post_tag","embeddable":true,"href":"https:\/\/revistakuvendi.org\/index.php?rest_route=%2Fwp%2Fv2%2Ftags&post=3182"}],"curies":[{"name":"wp","href":"https:\/\/api.w.org\/{rel}","templated":true}]}}