{"id":3179,"date":"2013-07-30T14:33:55","date_gmt":"2013-07-30T14:33:55","guid":{"rendered":"http:\/\/revistakuvendi.org\/?p=3179"},"modified":"2013-07-30T14:34:13","modified_gmt":"2013-07-30T14:34:13","slug":"kur-nena-shtatzene-tymos-duhan-femijet-kane-sjellje-antishoqerore","status":"publish","type":"post","link":"https:\/\/revistakuvendi.org\/?p=3179","title":{"rendered":"Kur n\u00ebna shtatz\u00ebn\u00eb tymos duhan, f\u00ebmij\u00ebt kan\u00eb sjellje antishoq\u00ebrore"},"content":{"rendered":"<p><img decoding=\"async\" title=\"Kur n\u00ebna shtatz\u00ebn\u00eb tymos duhan, f\u00ebmij\u00ebt kan\u00eb sjellje antishoq\u00ebrore\" src=\"http:\/\/www.balkanweb.com\/foto\/71127.jpg\" alt=\"Kur n\u00ebna shtatz\u00ebn\u00eb tymos duhan, f\u00ebmij\u00ebt kan\u00eb sjellje antishoq\u00ebrore\" align=\"left\" border=\"0\" \/>N\u00ebse nj\u00eb n\u00ebn\u00eb shtatz\u00ebn\u00eb tymos, at\u00ebher\u00eb f\u00ebmij\u00ebt q\u00eb do t\u00eb lindin kan\u00eb m\u00eb shum\u00eb t\u00eb ngjar\u00eb t\u00eb jen\u00eb t\u00eb padisiplinuar dhe nj\u00eb sjellje t\u00eb keqe.\u00a0<!--more--><\/p>\n<p>Ky \u00ebsht\u00eb p\u00ebrfundimi n\u00eb t\u00eb cilin kan\u00eb arritur s\u00eb fundmi studiuesit n\u00eb baz\u00eb t\u00eb nj\u00eb analize t\u00eb tre studimeve ekzistuese nga Zelanda e Re, SHBA dhe Britanis\u00eb s\u00eb Madhe, t\u00eb cilat analizuan normat e problemeve t\u00eb sjelljes mes f\u00ebmij\u00ebve t\u00eb mosh\u00ebs kat\u00ebr dhe 10 vjet.<\/p>\n<p>Rreziku i sjelljeve antishoq\u00ebrore u rrit n\u00eb mesin e f\u00ebmij\u00ebve, n\u00ebnat e t\u00eb cil\u00ebve tymosnin gjat\u00eb shtatz\u00ebnis\u00eb, than\u00eb studiuesit.<\/p>\n<p>Ata kishin m\u00eb shum\u00eb risk q\u00eb t\u00eb ken\u00eb v\u00ebmendje t\u00eb varf\u00ebr dhe t\u00eb tregojn\u00eb sjellje shkat\u00ebrruese t\u00eb tilla si ADHD (deficiti v\u00ebmendjes), shkruan Idea. Gordon Harold thot\u00eb: \u201dRritja \u00ebsht\u00eb n\u00eb lidhje me frekuenc\u00ebn e pirjes s\u00eb duhanit\u201d.<br \/>\n<strong>(a.k\/tg\/BalkanWeb) 30 korrik 2013<\/strong><\/p>\n","protected":false},"excerpt":{"rendered":"<p>N\u00ebse nj\u00eb n\u00ebn\u00eb shtatz\u00ebn\u00eb tymos, at\u00ebher\u00eb f\u00ebmij\u00ebt q\u00eb do t\u00eb lindin kan\u00eb m\u00eb shum\u00eb t\u00eb ngjar\u00eb t\u00eb jen\u00eb t\u00eb padisiplinuar dhe nj\u00eb sjellje t\u00eb keqe.\u00a0<\/p>\n","protected":false},"author":1,"featured_media":0,"comment_status":"open","ping_status":"open","sticky":false,"template":"","format":"standard","meta":{"footnotes":""},"categories":[6],"tags":[],"class_list":["post-3179","post","type-post","status-publish","format-standard","hentry","category-mjekesi"],"_links":{"self":[{"href":"https:\/\/revistakuvendi.org\/index.php?rest_route=\/wp\/v2\/posts\/3179","targetHints":{"allow":["GET"]}}],"collection":[{"href":"https:\/\/revistakuvendi.org\/index.php?rest_route=\/wp\/v2\/posts"}],"about":[{"href":"https:\/\/revistakuvendi.org\/index.php?rest_route=\/wp\/v2\/types\/post"}],"author":[{"embeddable":true,"href":"https:\/\/revistakuvendi.org\/index.php?rest_route=\/wp\/v2\/users\/1"}],"replies":[{"embeddable":true,"href":"https:\/\/revistakuvendi.org\/index.php?rest_route=%2Fwp%2Fv2%2Fcomments&post=3179"}],"version-history":[{"count":2,"href":"https:\/\/revistakuvendi.org\/index.php?rest_route=\/wp\/v2\/posts\/3179\/revisions"}],"predecessor-version":[{"id":3181,"href":"https:\/\/revistakuvendi.org\/index.php?rest_route=\/wp\/v2\/posts\/3179\/revisions\/3181"}],"wp:attachment":[{"href":"https:\/\/revistakuvendi.org\/index.php?rest_route=%2Fwp%2Fv2%2Fmedia&parent=3179"}],"wp:term":[{"taxonomy":"category","embeddable":true,"href":"https:\/\/revistakuvendi.org\/index.php?rest_route=%2Fwp%2Fv2%2Fcategories&post=3179"},{"taxonomy":"post_tag","embeddable":true,"href":"https:\/\/revistakuvendi.org\/index.php?rest_route=%2Fwp%2Fv2%2Ftags&post=3179"}],"curies":[{"name":"wp","href":"https:\/\/api.w.org\/{rel}","templated":true}]}}