{"id":3162,"date":"2013-07-30T02:17:36","date_gmt":"2013-07-30T02:17:36","guid":{"rendered":"http:\/\/revistakuvendi.org\/?p=3162"},"modified":"2013-07-31T12:15:48","modified_gmt":"2013-07-31T12:15:48","slug":"te-ndihmojme-gary-peters-ne-fushaten-elektorale-per-senatin-amerikan","status":"publish","type":"post","link":"https:\/\/revistakuvendi.org\/?p=3162","title":{"rendered":"T\u00eb ndihmojm\u00eb Gary Peters n\u00eb fushat\u00ebn elektorale p\u00ebr  Senatin Amerikan!"},"content":{"rendered":"<p><strong><a href=\"http:\/\/revistakuvendi.org\/wp-content\/uploads\/2013\/07\/per-kongresmen-28-korrik-2013-041.jpg\"><img loading=\"lazy\" decoding=\"async\" class=\"alignleft size-medium wp-image-3163\" title=\"per kongresmen 28 korrik 2013 041\" src=\"http:\/\/revistakuvendi.org\/wp-content\/uploads\/2013\/07\/per-kongresmen-28-korrik-2013-041-224x300.jpg\" alt=\"\" width=\"224\" height=\"300\" srcset=\"https:\/\/revistakuvendi.org\/wp-content\/uploads\/2013\/07\/per-kongresmen-28-korrik-2013-041-224x300.jpg 224w, https:\/\/revistakuvendi.org\/wp-content\/uploads\/2013\/07\/per-kongresmen-28-korrik-2013-041-764x1024.jpg 764w, https:\/\/revistakuvendi.org\/wp-content\/uploads\/2013\/07\/per-kongresmen-28-korrik-2013-041.jpg 1936w\" sizes=\"auto, (max-width: 224px) 100vw, 224px\" \/><\/a>Pjet\u00ebr Jaku<\/strong><\/p>\n<p>N\u00eb mjediset e \u201cAmerican Albanian Club\u201d t\u00eb Kish\u00ebs s\u00eb Sh\u00ebn Palit, t\u00eb dielen me 28 Korrik 2013, nga ora 2:00 deri 5:00 Pm, u takua nj\u00eb p\u00ebrfaq\u00ebsi e\u00a0 Komunitetit Shqiptar t\u00eb Detroitit p\u00ebr t\u00eb diskutuar n\u00eb lidhje me p\u00ebrkrahjen dhe ndihm\u00ebn q\u00eb do i jepej Kongresmenit\u00a0 Amerikan, Gary Peters n\u00eb gar\u00ebn e tij p\u00ebr Senator.<!--more--><\/p>\n<p>Kongresmeni Peters prej vitesh \u00ebsht\u00eb mik i shqiptar\u00ebve. Ai ka vizituar, pothuajse t\u00eb gjitha trojet shqiptare, duke u ndalur ve\u00e7an\u00ebrisht n\u00eb Kosov\u00eb e\u00a0 Shqip\u00ebri, por gjith\u00ebnj\u00eb ka ngritur z\u00ebrin p\u00ebr t\u00eb drejtat e mal\u00ebsor\u00ebve dhe Malsis\u00eb n\u00ebn Mal t\u00eb Zi.<\/p>\n<p>\u201cKongresmeni Peters, nes\u00ebr Senatori Peters, do t\u00eb jet\u00eb krejt ndryshe n\u00eb mund\u00ebsit\u00eb q\u00eb ka p\u00ebr t\u00eb ndihmuar shqiptar\u00ebt dhe\u00a0 \u00e7eshtjen shqiptare n\u00eb p\u00ebrgjith\u00ebsi. Ai i njeh dhe i do shqiptar\u00ebt, \u00e7do dit\u00eb e m\u00eb shum\u00eb po njeh historin\u00eb dhe problemet e tyre, sidomos t\u00eb\u00a0 atyre pjes\u00ebve q\u00eb nuk jan\u00eb ende t\u00eb lira dhe do i ndihmoi e do jet\u00eb z\u00ebri i tyre n\u00eb Senatin\u00a0 Amerikan, do t\u00eb ngre problemet e emigracionit, pasi n\u00eb p\u00ebrgjith\u00ebsi shqiptar\u00ebt e meritojn\u00eb, fal\u00eb pun\u00ebs dhe vuajtjeve t\u00eb tyre,- tha Hy Safran, menaxher i fushat\u00ebs elektorale t\u00eb Peters n\u00eb gar\u00ebn p\u00ebr Senator.\u201d<\/p>\n<p>N\u00eb takim foli dhe bashk\u00ebkoordinatorja e zgjedhur nga zyra e Peters, Donika Bardha, e cila\u00a0 me Mondi Rakaj, edhe\u00a0 ky i zgjedhur nga zyra e Kongresmenit po punojne per takimin ndihmues te kesaj fushate qe do behet me 04 Gusht 2013.<\/p>\n<p>Donika vuri n\u00eb dukje r\u00ebnd\u00ebsin\u00eb q\u00eb ka ndihma e\u00a0 Peters n\u00eb k\u00ebt\u00eb gar\u00eb t\u00eb r\u00ebnd\u00ebsishme. \u201cFitimi i k\u00ebsaj gare\u00a0 \u00ebsht\u00eb edhe n\u00eb \u00a0t\u00eb mir\u00eb t\u00eb shqiptar\u00ebve. Pasja e nj\u00eb miku t\u00eb k\u00ebtij rangu, gjith\u00ebsesi, &#8211; vijoi Donika, &#8211; \u00ebsht\u00eb n\u00eb nderin ton\u00eb, por edhe n\u00eb t\u00eb mir\u00ebn ton\u00eb.\u201d<\/p>\n<p>Takimin e p\u00ebrsh\u00ebndeti Famullitari i Qendr\u00ebs s\u00eb Sh\u00ebn Palit, Don Fran Kola, i cili e vuri theksin n\u00eb r\u00ebnd\u00ebsin\u00eb q\u00eb ka zeri i shqiptar\u00ebve n\u00eb\u00a0 Senatin\u00a0 Amerikan n\u00ebp\u00ebrmjet Gary Peters.<\/p>\n<p>Ekrem Bardha, Konsulli i Nderit, theksoi njohjen me Gary Peters dhe se si e ka t\u00ebrhequr n\u00eb\u00a0 problemet shqiptare. \u201c\u00cbsht\u00eb n\u00eb nderin e secilit shqiptar q\u00eb ka mund\u00ebsi ta ndihmoi k\u00ebt\u00eb\u00a0 burr\u00eb shteti. Esht\u00eb nd\u00ebr t\u00eb rrall\u00ebt amerikan, q\u00eb n\u00eb t\u00eb v\u00ebrtet\u00eb e don Shqip\u00ebrin\u00eb dhe shqiptar\u00ebt. Kur th\u00ebm Shqip\u00ebrin\u00eb dhe shqiptar\u00ebt, kam parasysh kudo q\u00eb t\u00eb jen\u00eb ata, n\u00eb Preshev\u00eb e n\u00eb Mal\u00ebsi, n\u00eb Mitrovic\u00eb e \u00c7am\u00ebri, n\u00eb diaspor\u00eb e gjetk\u00eb\u201d, &#8211; p\u00ebrfundoi n\u00eb fjal\u00ebn e tij Ekremi.<\/p>\n<p>N\u00eb k\u00ebt\u00eb takim nj\u00eb p\u00ebrsh\u00ebndetje shum\u00eb efikase qe ajo e aktivistit dhe publicistit t\u00eb njohur Nevrus Nazarko si dhe aktivisteve t\u00eb tjer\u00eb dhe t\u00eb zgjedhurve n\u00eb krye te disa nga shoqatat m\u00eb t\u00eb njohura t\u00eb komunitetit, si: Alfons Grishaj, \u00a0Kujtim Qafa, Pashko Gjokaj, Nikoll Vneshtaj, Luigj Gjokaj, Ndue Grabanica dhe Kol\u00eb Gjokaj.<\/p>\n<p>Nga t\u00eb gjith\u00eb diskutant\u00ebt u vu n\u00eb dukje r\u00ebnd\u00ebsia\u00a0 e takimit me Kongresmenin Peters dit\u00ebn e diel\u00eb me dat\u00ebn 04 Gusht 2013, nga ora 2:00 Pm deri n\u00eb 4:00 Pm, n\u00eb sall\u00ebn Gjergj Kastrioti \u2013 Sk\u00ebnd\u00ebrbeu t\u00eb \u201c American Albanian Club\u201d t\u00eb Qendres s\u00eb Sh\u00ebn Palit dhe suportimin e tij n\u00eb zgjedhjet p\u00ebr Senatin Amerikan.<\/p>\n<p>Foto nga takimi:<\/p>\n<p>&nbsp;<\/p>\n<p><a href=\"http:\/\/revistakuvendi.org\/wp-content\/uploads\/2013\/07\/per-kongresmen-28-korrik-2013-034.jpg\"><img loading=\"lazy\" decoding=\"async\" class=\"alignleft size-large wp-image-3174\" title=\"per kongresmen 28 korrik 2013 034\" src=\"http:\/\/revistakuvendi.org\/wp-content\/uploads\/2013\/07\/per-kongresmen-28-korrik-2013-034-764x1024.jpg\" alt=\"\" width=\"620\" height=\"830\" srcset=\"https:\/\/revistakuvendi.org\/wp-content\/uploads\/2013\/07\/per-kongresmen-28-korrik-2013-034-764x1024.jpg 764w, https:\/\/revistakuvendi.org\/wp-content\/uploads\/2013\/07\/per-kongresmen-28-korrik-2013-034-224x300.jpg 224w, https:\/\/revistakuvendi.org\/wp-content\/uploads\/2013\/07\/per-kongresmen-28-korrik-2013-034.jpg 1936w\" sizes=\"auto, (max-width: 620px) 100vw, 620px\" \/><\/a><\/p>\n<p><a href=\"http:\/\/revistakuvendi.org\/wp-content\/uploads\/2013\/07\/per-kongresmen-28-korrik-2013-052.jpg\"><img loading=\"lazy\" decoding=\"async\" class=\"alignleft size-large wp-image-3173\" title=\"per kongresmen 28 korrik 2013 052\" src=\"http:\/\/revistakuvendi.org\/wp-content\/uploads\/2013\/07\/per-kongresmen-28-korrik-2013-052-764x1024.jpg\" alt=\"\" width=\"620\" height=\"830\" srcset=\"https:\/\/revistakuvendi.org\/wp-content\/uploads\/2013\/07\/per-kongresmen-28-korrik-2013-052-764x1024.jpg 764w, https:\/\/revistakuvendi.org\/wp-content\/uploads\/2013\/07\/per-kongresmen-28-korrik-2013-052-224x300.jpg 224w, https:\/\/revistakuvendi.org\/wp-content\/uploads\/2013\/07\/per-kongresmen-28-korrik-2013-052.jpg 1936w\" sizes=\"auto, (max-width: 620px) 100vw, 620px\" \/><\/a><\/p>\n<p><a href=\"http:\/\/revistakuvendi.org\/wp-content\/uploads\/2013\/07\/per-kongresmen-28-korrik-2013-047.jpg\"><img loading=\"lazy\" decoding=\"async\" class=\"alignleft size-large wp-image-3172\" title=\"per kongresmen 28 korrik 2013 047\" src=\"http:\/\/revistakuvendi.org\/wp-content\/uploads\/2013\/07\/per-kongresmen-28-korrik-2013-047-764x1024.jpg\" alt=\"\" width=\"620\" height=\"830\" srcset=\"https:\/\/revistakuvendi.org\/wp-content\/uploads\/2013\/07\/per-kongresmen-28-korrik-2013-047-764x1024.jpg 764w, https:\/\/revistakuvendi.org\/wp-content\/uploads\/2013\/07\/per-kongresmen-28-korrik-2013-047-224x300.jpg 224w, https:\/\/revistakuvendi.org\/wp-content\/uploads\/2013\/07\/per-kongresmen-28-korrik-2013-047.jpg 1936w\" sizes=\"auto, (max-width: 620px) 100vw, 620px\" \/><\/a><\/p>\n<p><a href=\"http:\/\/revistakuvendi.org\/wp-content\/uploads\/2013\/07\/per-kongresmen-28-korrik-2013-054.jpg\"><img loading=\"lazy\" decoding=\"async\" class=\"alignleft size-large wp-image-3171\" title=\"per kongresmen 28 korrik 2013 054\" src=\"http:\/\/revistakuvendi.org\/wp-content\/uploads\/2013\/07\/per-kongresmen-28-korrik-2013-054-764x1024.jpg\" alt=\"\" width=\"620\" height=\"830\" srcset=\"https:\/\/revistakuvendi.org\/wp-content\/uploads\/2013\/07\/per-kongresmen-28-korrik-2013-054-764x1024.jpg 764w, https:\/\/revistakuvendi.org\/wp-content\/uploads\/2013\/07\/per-kongresmen-28-korrik-2013-054-224x300.jpg 224w, https:\/\/revistakuvendi.org\/wp-content\/uploads\/2013\/07\/per-kongresmen-28-korrik-2013-054.jpg 1936w\" sizes=\"auto, (max-width: 620px) 100vw, 620px\" \/><\/a><\/p>\n<p><a href=\"http:\/\/revistakuvendi.org\/wp-content\/uploads\/2013\/07\/per-kongresmen-28-korrik-2013-049.jpg\"><img loading=\"lazy\" decoding=\"async\" class=\"alignleft size-large wp-image-3170\" title=\"per kongresmen 28 korrik 2013 049\" src=\"http:\/\/revistakuvendi.org\/wp-content\/uploads\/2013\/07\/per-kongresmen-28-korrik-2013-049-764x1024.jpg\" alt=\"\" width=\"620\" height=\"830\" srcset=\"https:\/\/revistakuvendi.org\/wp-content\/uploads\/2013\/07\/per-kongresmen-28-korrik-2013-049-764x1024.jpg 764w, https:\/\/revistakuvendi.org\/wp-content\/uploads\/2013\/07\/per-kongresmen-28-korrik-2013-049-224x300.jpg 224w, https:\/\/revistakuvendi.org\/wp-content\/uploads\/2013\/07\/per-kongresmen-28-korrik-2013-049.jpg 1936w\" sizes=\"auto, (max-width: 620px) 100vw, 620px\" \/><\/a><\/p>\n<p><a href=\"http:\/\/revistakuvendi.org\/wp-content\/uploads\/2013\/07\/per-kongresmen-28-korrik-2013-056.jpg\"><img loading=\"lazy\" decoding=\"async\" class=\"alignleft size-large wp-image-3169\" title=\"per kongresmen 28 korrik 2013 056\" src=\"http:\/\/revistakuvendi.org\/wp-content\/uploads\/2013\/07\/per-kongresmen-28-korrik-2013-056-764x1024.jpg\" alt=\"\" width=\"620\" height=\"830\" srcset=\"https:\/\/revistakuvendi.org\/wp-content\/uploads\/2013\/07\/per-kongresmen-28-korrik-2013-056-764x1024.jpg 764w, https:\/\/revistakuvendi.org\/wp-content\/uploads\/2013\/07\/per-kongresmen-28-korrik-2013-056-224x300.jpg 224w, https:\/\/revistakuvendi.org\/wp-content\/uploads\/2013\/07\/per-kongresmen-28-korrik-2013-056.jpg 1936w\" sizes=\"auto, (max-width: 620px) 100vw, 620px\" \/><\/a><\/p>\n<p><a href=\"http:\/\/revistakuvendi.org\/wp-content\/uploads\/2013\/07\/per-kongresmen-28-korrik-2013-058.jpg\"><img loading=\"lazy\" decoding=\"async\" class=\"alignleft size-large wp-image-3168\" title=\"per kongresmen 28 korrik 2013 058\" src=\"http:\/\/revistakuvendi.org\/wp-content\/uploads\/2013\/07\/per-kongresmen-28-korrik-2013-058-764x1024.jpg\" alt=\"\" width=\"620\" height=\"830\" srcset=\"https:\/\/revistakuvendi.org\/wp-content\/uploads\/2013\/07\/per-kongresmen-28-korrik-2013-058-764x1024.jpg 764w, https:\/\/revistakuvendi.org\/wp-content\/uploads\/2013\/07\/per-kongresmen-28-korrik-2013-058-224x300.jpg 224w, https:\/\/revistakuvendi.org\/wp-content\/uploads\/2013\/07\/per-kongresmen-28-korrik-2013-058.jpg 1936w\" sizes=\"auto, (max-width: 620px) 100vw, 620px\" \/><\/a><\/p>\n<p><a href=\"http:\/\/revistakuvendi.org\/wp-content\/uploads\/2013\/07\/per-kongresmen-28-korrik-2013-061.jpg\"><img loading=\"lazy\" decoding=\"async\" class=\"alignleft size-large wp-image-3167\" title=\"per kongresmen 28 korrik 2013 061\" src=\"http:\/\/revistakuvendi.org\/wp-content\/uploads\/2013\/07\/per-kongresmen-28-korrik-2013-061-764x1024.jpg\" alt=\"\" width=\"620\" height=\"830\" srcset=\"https:\/\/revistakuvendi.org\/wp-content\/uploads\/2013\/07\/per-kongresmen-28-korrik-2013-061-764x1024.jpg 764w, https:\/\/revistakuvendi.org\/wp-content\/uploads\/2013\/07\/per-kongresmen-28-korrik-2013-061-224x300.jpg 224w, https:\/\/revistakuvendi.org\/wp-content\/uploads\/2013\/07\/per-kongresmen-28-korrik-2013-061.jpg 1936w\" sizes=\"auto, (max-width: 620px) 100vw, 620px\" \/><\/a><\/p>\n<p><a href=\"http:\/\/revistakuvendi.org\/wp-content\/uploads\/2013\/07\/per-kongresmen-28-korrik-2013-063.jpg\"><img loading=\"lazy\" decoding=\"async\" class=\"alignleft size-large wp-image-3166\" title=\"per kongresmen 28 korrik 2013 063\" src=\"http:\/\/revistakuvendi.org\/wp-content\/uploads\/2013\/07\/per-kongresmen-28-korrik-2013-063-764x1024.jpg\" alt=\"\" width=\"620\" height=\"830\" srcset=\"https:\/\/revistakuvendi.org\/wp-content\/uploads\/2013\/07\/per-kongresmen-28-korrik-2013-063-764x1024.jpg 764w, https:\/\/revistakuvendi.org\/wp-content\/uploads\/2013\/07\/per-kongresmen-28-korrik-2013-063-224x300.jpg 224w, https:\/\/revistakuvendi.org\/wp-content\/uploads\/2013\/07\/per-kongresmen-28-korrik-2013-063.jpg 1936w\" sizes=\"auto, (max-width: 620px) 100vw, 620px\" \/><\/a><\/p>\n<p><a href=\"http:\/\/revistakuvendi.org\/wp-content\/uploads\/2013\/07\/per-kongresmen-28-korrik-2013-067.jpg\"><img loading=\"lazy\" decoding=\"async\" class=\"alignleft size-large wp-image-3165\" title=\"per kongresmen 28 korrik 2013 067\" src=\"http:\/\/revistakuvendi.org\/wp-content\/uploads\/2013\/07\/per-kongresmen-28-korrik-2013-067-764x1024.jpg\" alt=\"\" width=\"620\" height=\"830\" srcset=\"https:\/\/revistakuvendi.org\/wp-content\/uploads\/2013\/07\/per-kongresmen-28-korrik-2013-067-764x1024.jpg 764w, https:\/\/revistakuvendi.org\/wp-content\/uploads\/2013\/07\/per-kongresmen-28-korrik-2013-067-224x300.jpg 224w, https:\/\/revistakuvendi.org\/wp-content\/uploads\/2013\/07\/per-kongresmen-28-korrik-2013-067.jpg 1936w\" sizes=\"auto, (max-width: 620px) 100vw, 620px\" \/><\/a><\/p>\n<p><a href=\"http:\/\/revistakuvendi.org\/wp-content\/uploads\/2013\/07\/per-kongresmen-28-korrik-2013-069.jpg\"><img loading=\"lazy\" decoding=\"async\" class=\"alignleft size-large wp-image-3164\" title=\"per kongresmen 28 korrik 2013 069\" src=\"http:\/\/revistakuvendi.org\/wp-content\/uploads\/2013\/07\/per-kongresmen-28-korrik-2013-069-764x1024.jpg\" alt=\"\" width=\"620\" height=\"830\" srcset=\"https:\/\/revistakuvendi.org\/wp-content\/uploads\/2013\/07\/per-kongresmen-28-korrik-2013-069-764x1024.jpg 764w, https:\/\/revistakuvendi.org\/wp-content\/uploads\/2013\/07\/per-kongresmen-28-korrik-2013-069-224x300.jpg 224w, https:\/\/revistakuvendi.org\/wp-content\/uploads\/2013\/07\/per-kongresmen-28-korrik-2013-069.jpg 1936w\" sizes=\"auto, (max-width: 620px) 100vw, 620px\" \/><\/a><\/p>\n","protected":false},"excerpt":{"rendered":"<p>Pjet\u00ebr Jaku N\u00eb mjediset e \u201cAmerican Albanian Club\u201d t\u00eb Kish\u00ebs s\u00eb Sh\u00ebn Palit, t\u00eb dielen me 28 Korrik 2013, nga ora 2:00 deri 5:00 Pm, u takua nj\u00eb p\u00ebrfaq\u00ebsi e\u00a0 Komunitetit Shqiptar t\u00eb Detroitit p\u00ebr t\u00eb diskutuar n\u00eb lidhje me p\u00ebrkrahjen dhe ndihm\u00ebn q\u00eb do i jepej Kongresmenit\u00a0 Amerikan, Gary Peters n\u00eb gar\u00ebn e tij&hellip;<\/p>\n","protected":false},"author":1,"featured_media":0,"comment_status":"open","ping_status":"open","sticky":false,"template":"","format":"standard","meta":{"footnotes":""},"categories":[12],"tags":[],"class_list":["post-3162","post","type-post","status-publish","format-standard","hentry","category-jete-komuniteti"],"_links":{"self":[{"href":"https:\/\/revistakuvendi.org\/index.php?rest_route=\/wp\/v2\/posts\/3162","targetHints":{"allow":["GET"]}}],"collection":[{"href":"https:\/\/revistakuvendi.org\/index.php?rest_route=\/wp\/v2\/posts"}],"about":[{"href":"https:\/\/revistakuvendi.org\/index.php?rest_route=\/wp\/v2\/types\/post"}],"author":[{"embeddable":true,"href":"https:\/\/revistakuvendi.org\/index.php?rest_route=\/wp\/v2\/users\/1"}],"replies":[{"embeddable":true,"href":"https:\/\/revistakuvendi.org\/index.php?rest_route=%2Fwp%2Fv2%2Fcomments&post=3162"}],"version-history":[{"count":3,"href":"https:\/\/revistakuvendi.org\/index.php?rest_route=\/wp\/v2\/posts\/3162\/revisions"}],"predecessor-version":[{"id":3178,"href":"https:\/\/revistakuvendi.org\/index.php?rest_route=\/wp\/v2\/posts\/3162\/revisions\/3178"}],"wp:attachment":[{"href":"https:\/\/revistakuvendi.org\/index.php?rest_route=%2Fwp%2Fv2%2Fmedia&parent=3162"}],"wp:term":[{"taxonomy":"category","embeddable":true,"href":"https:\/\/revistakuvendi.org\/index.php?rest_route=%2Fwp%2Fv2%2Fcategories&post=3162"},{"taxonomy":"post_tag","embeddable":true,"href":"https:\/\/revistakuvendi.org\/index.php?rest_route=%2Fwp%2Fv2%2Ftags&post=3162"}],"curies":[{"name":"wp","href":"https:\/\/api.w.org\/{rel}","templated":true}]}}