{"id":3157,"date":"2013-07-26T16:24:46","date_gmt":"2013-07-26T16:24:46","guid":{"rendered":"http:\/\/revistakuvendi.org\/?p=3157"},"modified":"2013-07-26T16:24:46","modified_gmt":"2013-07-26T16:24:46","slug":"ata-percaresit","status":"publish","type":"post","link":"https:\/\/revistakuvendi.org\/?p=3157","title":{"rendered":"Ata, p\u00ebr\u00e7ar\u00ebsit&#8230;"},"content":{"rendered":"<div><a href=\"http:\/\/revistakuvendi.org\/wp-content\/uploads\/2013\/07\/rexhepi1.jpg\"><img loading=\"lazy\" decoding=\"async\" class=\"alignleft size-medium wp-image-3158\" title=\"rexhepi\" src=\"http:\/\/revistakuvendi.org\/wp-content\/uploads\/2013\/07\/rexhepi1-300x224.jpg\" alt=\"\" width=\"300\" height=\"224\" srcset=\"https:\/\/revistakuvendi.org\/wp-content\/uploads\/2013\/07\/rexhepi1-300x224.jpg 300w, https:\/\/revistakuvendi.org\/wp-content\/uploads\/2013\/07\/rexhepi1.jpg 318w\" sizes=\"auto, (max-width: 300px) 100vw, 300px\" \/><\/a>Rexhep Shahu<\/div>\n<div><\/div>\n<div>Ata q\u00eb kan\u00eb qen\u00eb n\u00eb vorbull, n\u00eb grumbull ose p\u00ebrrreth gardhit kur u formua PD, ata q\u00eb e l\u00ebpin\u00eb e mol\u00ebn e rop\u00ebn e puth\u00ebn e kafshuan e shqyen e shk\u00ebrdhyen, ata q\u00eb u pasuruan prej saj duke shaluar shpesh poste p\u00ebr shkak t\u00eb servilizmit dhe lehjes s\u00eb padurueshme, ata q\u00eb u b\u00ebn\u00eb dikushi pa qen\u00eb askushi, <!--more-->ata q\u00eb e shaluan PD sa her\u00eb ajo ishte n\u00eb pushtet dhe e shtyn\u00eb drejt zhb\u00ebrjes dhe e tradh\u00ebtuan sa her\u00eb ajo ra nga pushteti, ata q\u00eb nuk din\u00eb se ku e kan\u00eb teser\u00ebn e PD sepse kan\u00eb dy-tre a kat\u00ebr tesera partish t\u00eb ndryshme, ata q\u00eb u b\u00ebn\u00eb spiun\u00eb, sharlatan\u00eb, sekser\u00eb n\u00eb pushtete t\u00eb tjera, ata q\u00eb nuk din\u00eb t\u00eb jetojn\u00eb pa pushtet, pa p\u00ebrfitime, pa rryshfete e nd\u00ebrmjet\u00ebsime rryshfetesh, ata q\u00eb ju vjen turp prej emrit e mbiemrit te tyre dhe nd\u00ebrrojn\u00eb emra e mbiemra dhe nd\u00ebrrojn\u00eb edhe emrat e baballar\u00ebve t\u00eb tyre, ata q\u00eb edhe pse jetojn\u00eb larg, shum\u00eb larg atdheut dhe hiqen se e din\u00eb m\u00eb mir\u00eb se sa e di luga se \u00e7far\u00eb ka vorba, ata q\u00eb urrejn\u00eb t\u00eb sukseshshmit e pazhurmsh\u00ebm q\u00eb s\u2019rendin t\u00eb mbushin duart me privilegje dhe t\u00eb fusin turinjt\u00eb n\u00eb tort\u00ebn e pushtetit, ata q\u00eb nuk din\u00eb t\u00eb ngihen kurr\u00eb, q\u00eb nuk din\u00eb kurr\u00eb t\u00eb thon\u00eb boll, q\u00eb nuk din\u00eb kurr\u00eb t\u00eb falenderojn\u00eb q\u00eb nuk din\u00eb kurr\u00eb t\u00eb jen\u00eb mir\u00ebnjoh\u00ebs, ata q\u00eb tremben nga vetja e tyre, nga b\u00ebmat e tyre t\u00eb sh\u00ebmtuara, ata q\u00eb u sh\u00ebmtuan n\u00ebp\u00ebr burgje dhe kan\u00eb harruar vuajtjen por sh\u00ebmtin\u00eb nuk e harrojn\u00eb dot kurr\u00eb se vetja e tyre e sh\u00ebmtuar u del parasysh or\u00eb e \u00e7ast, ata pra ose k\u00ebta pra quhen p\u00ebr\u00e7ar\u00ebs q\u00eb do t\u00eb ndjeheshin mir\u00eb vet\u00ebm n\u00ebse shuhet PD q\u00eb ata serish t\u00eb rrinin rreth gardhit kur t\u00eb krijohej nj\u00eb opozit\u00eb e re, pasi opozit\u00eb do t\u00eb ket\u00eb dosmosdo n\u00eb k\u00ebt\u00eb vendin ton\u00eb t\u00eb lir\u00eb&#8230;<\/div>\n<div><\/div>\n<div>Kulmi i guximit t\u00eb ver\u00ebs politike<\/p>\n<p>Deri k\u00ebto dit\u00ebt e fundit kam d\u00ebgjuar shpesh deklaronj\u00ebs t\u00eb shumt\u00eb q\u00eb me kurajo kan\u00eb th\u00ebn\u00eb se e kan\u00eb themeluar Partin\u00eb Demokratike. Pastaj ia kan\u00eb thye tjegullat me gur\u00eb inati. A \u00ebsht\u00eb e mundur q\u00eb ai q\u00eb nd\u00ebrton sht\u00ebpin\u00eb vet\u00eb t\u2019ia thej\u00eb tjegullat apo ta djeg\u00eb sht\u00ebpin\u00eb q\u00eb ka nd\u00ebrtue vet\u00eb. Sa shum\u00eb themelonj\u00ebs mor aman. Sipas vet\u00eb petritave t\u00eb PD, na del se PD-n\u00eb e kan\u00eb themeluar jo 200 por mbi 2000 petrita\u2026<br \/>\nMa sh\u00ebnoni dhe mua emrin si themelonj\u00ebs se nuk b\u00ebhet kiameti p\u00ebr nj\u00eb em\u00ebr m\u00eb shum\u00eb n\u00eb list\u00ebn e atyre q\u00eb kan\u00eb pas\u00eb qejf t\u00eb ishin themelues pasi t\u00eb themelohej&#8230;<\/p>\n<p>T\u00eb jesh te gardhi i themeluesve t\u00eb Partis\u00eb Demokratike, t\u00eb vetshpallesh themelues ani se nuk e ke firm\u00ebn te akti sepse pate dal\u00eb me ble cigare\u2026, ta shalosh PD me dhe pa samar a shal\u00eb, ta k\u00ebpus\u00ebsh n\u00eb k\u00ebrbishte me pesh\u00ebn e r\u00ebnd\u00eb t\u00eb abuzimeve dhe posht\u00ebrsive t\u00eb tua, t\u2019ia b\u00ebsh n\u00ebn\u00ebn PD, t\u00eb b\u00ebhesh i madh n\u00eb PD dhe t\u00eb ul\u00ebsh si i bab\u00ebzitur n\u00eb sofr\u00ebn e par\u00eb t\u00eb saj e t\u00eb hash me t\u00eb dyja duart, me t\u00eb dyja an\u00ebt e nofullave a fulqive si i bab\u00ebzitur, t\u00eb ik\u00ebsh nga PD dhe t\u00eb shalosh gomar p\u00ebr kal\u00eb se PD m\u00eb n\u00eb fund t\u2019u vjell dhe ti nuk b\u00ebn pa hyp\u00eb n\u00eb kurriz t\u00eb dikujt, t\u00eb t\u00eb hedh\u00eb gomari nga samari dhe t\u00eb t\u00eb thyj\u00eb brinj\u00ebt se \u00ebsht\u00eb e keqe r\u00ebnia nga gomari, t\u00eb ngrihesh dhe t\u00eb sulesh prap\u00eb p\u00ebr ta shaluar PD pasi e ke k\u00ebput\u00eb n\u00eb k\u00ebrbishte me zullumet e tua, nga lakmia p\u00ebr koh\u00ebn t\u00ebnde t\u00eb art\u00eb kur PD t\u00eb b\u00ebri dikush n\u00eb k\u00ebt\u00eb vend nga askush n\u00eb katundin t\u00ebnd, nga uria p\u00ebr para e pasuri q\u00eb ia more si hajn zgjebarak pushtetit t\u00eb PD dhe mendon se nuk e di askush se sa e \u00e7far\u00eb ke vjedh\u00eb e p\u00ebrfituar n\u00eb m\u00ebnyr\u00eb abuzive, tani t\u00eb hash gishtat e tu; pra t\u00eb kesh guxim p\u00ebrs\u00ebri t\u00eb b\u00ebhesh i pare, t\u00eb vish nga barku I kalit p\u00ebr tu b\u00ebr\u00eb I pari n\u00eb PD, apo t\u00eb ulesh s\u00ebrish n\u00eb sofr\u00ebn e par\u00eb t\u00eb PD, ky \u00ebsht\u00eb kulmi i guximit dhe poshtrimit t\u00eb k\u00ebsaj vere politike\u2026<br \/>\nSi magjypi. Magjypi pasi lypi buk\u00eb e streh\u00eb p\u00ebr nj\u00eb nat\u00eb, dhe vari xhaket\u00ebn n\u00eb nj\u00eb gozhd\u00eb, i tha pas ca dit\u00ebsh t\u00eb zotit t\u00eb sht\u00ebpis\u00eb i cili e sajdiste magjypin, q\u00eb t\u00eb dilte nga sht\u00ebpia i zoti i sht\u00ebpis\u00eb sepse tashm\u00eb sht\u00ebpia ishte b\u00ebr\u00eb e magjypit. K\u00ebshtu b\u00ebri magjypi\u2026<\/p><\/div>\n<div><\/div>\n<div>Hienat han\u00eb kufoma, ushqehen me kufoma.<\/div>\n<div>\nA do t\u00eb ndalet ndonj\u00eb dit\u00eb kafshimi i kufomave t\u00eb heronjve nga hienat q\u00eb i konsiderojn\u00eb heronj vet\u00ebm pjes\u00ebtar\u00ebt e familjeve apo fisit t\u00eb tyre, pra a do t\u00eb heqim dor\u00eb nga gradimet e marrja e meritave n\u00eb m\u00ebnyr\u00eb t\u00eb padrejt\u00eb dhe nuk do ta konsiderojm\u00eb merit\u00eb faktin q\u00eb filan apo fistek hero \u00ebsht\u00eb nga familja ime, nga fisi apo farefisi im.<br \/>\nNa e mor\u00ebn fytyr\u00ebn ata q\u00eb l\u00ebpijn\u00eb e kafshojne heronj dhe i shalojn\u00eb gomer\u00ebt e vath\u00ebs s\u00eb tyre dhe u rren mendja se kan\u00eb shaluar kuaj e lavdis\u00eb.<\/div>\n<div>Ia mor\u00ebn shpirtin heroit. I v\u00ebn\u00eb k\u00ebmb\u00ebt n\u00eb supet e tij sa her\u00eb ndjehen pa vemendje dhe p\u00ebllasin q\u00eb ti d\u00ebgjoj\u00eb e shoh\u00eb njerzia. K\u00ebrkojn\u00eb t\u2019ua marrin t\u00eb gjall\u00ebve taks\u00ebn p\u00ebr b\u00ebmat e heroit t\u00eb familjes, pasi njerzia nuk e di q\u00eb \u00ebsht\u00eb hero i familjes.<\/div>\n<div>E ndjej se aq shum\u00eb \u00ebsht\u00eb m\u00ebrzit\u00eb heroi sa \u00ebsht\u00eb gati me dal\u00eb prej fotografie dhe me i vra t\u00eb af\u00ebrmit e tij q\u00eb i shkojn\u00eb pran\u00eb dhe l\u00ebpijn\u00eb e han\u00eb kockat e tij si qent\u00eb e udh\u00ebve, q\u00eb ia k\u00ebput\u00ebn shpatullat duke v\u00ebn\u00eb k\u00ebmb\u00ebt n\u00eb supet e tij.<\/div>\n<div>Heroi \u00ebsht\u00eb gati me shp\u00ebrthye e me dal\u00eb prej mermerit sepse nuk po duron dot m\u00eb pshurjet e p\u00ebrmjerrjet q\u00eb ia b\u00ebjn\u00eb te k\u00ebmb\u00ebt e n\u00eb qaf\u00eb t\u00eb af\u00ebrmit dhe farefisi i tij. Pasi ver\u00ebs, i vjen edhe m\u00eb shum\u00eb er\u00eb e keqe shurr\u00ebs\u2026<\/div>\n","protected":false},"excerpt":{"rendered":"<p>Rexhep Shahu Ata q\u00eb kan\u00eb qen\u00eb n\u00eb vorbull, n\u00eb grumbull ose p\u00ebrrreth gardhit kur u formua PD, ata q\u00eb e l\u00ebpin\u00eb e mol\u00ebn e rop\u00ebn e puth\u00ebn e kafshuan e shqyen e shk\u00ebrdhyen, ata q\u00eb u pasuruan prej saj duke shaluar shpesh poste p\u00ebr shkak t\u00eb servilizmit dhe lehjes s\u00eb padurueshme, ata q\u00eb u b\u00ebn\u00eb&hellip;<\/p>\n","protected":false},"author":1,"featured_media":0,"comment_status":"open","ping_status":"open","sticky":false,"template":"","format":"standard","meta":{"footnotes":""},"categories":[3],"tags":[],"class_list":["post-3157","post","type-post","status-publish","format-standard","hentry","category-politike"],"_links":{"self":[{"href":"https:\/\/revistakuvendi.org\/index.php?rest_route=\/wp\/v2\/posts\/3157","targetHints":{"allow":["GET"]}}],"collection":[{"href":"https:\/\/revistakuvendi.org\/index.php?rest_route=\/wp\/v2\/posts"}],"about":[{"href":"https:\/\/revistakuvendi.org\/index.php?rest_route=\/wp\/v2\/types\/post"}],"author":[{"embeddable":true,"href":"https:\/\/revistakuvendi.org\/index.php?rest_route=\/wp\/v2\/users\/1"}],"replies":[{"embeddable":true,"href":"https:\/\/revistakuvendi.org\/index.php?rest_route=%2Fwp%2Fv2%2Fcomments&post=3157"}],"version-history":[{"count":1,"href":"https:\/\/revistakuvendi.org\/index.php?rest_route=\/wp\/v2\/posts\/3157\/revisions"}],"predecessor-version":[{"id":3159,"href":"https:\/\/revistakuvendi.org\/index.php?rest_route=\/wp\/v2\/posts\/3157\/revisions\/3159"}],"wp:attachment":[{"href":"https:\/\/revistakuvendi.org\/index.php?rest_route=%2Fwp%2Fv2%2Fmedia&parent=3157"}],"wp:term":[{"taxonomy":"category","embeddable":true,"href":"https:\/\/revistakuvendi.org\/index.php?rest_route=%2Fwp%2Fv2%2Fcategories&post=3157"},{"taxonomy":"post_tag","embeddable":true,"href":"https:\/\/revistakuvendi.org\/index.php?rest_route=%2Fwp%2Fv2%2Ftags&post=3157"}],"curies":[{"name":"wp","href":"https:\/\/api.w.org\/{rel}","templated":true}]}}