{"id":3154,"date":"2013-07-26T15:42:29","date_gmt":"2013-07-26T15:42:29","guid":{"rendered":"http:\/\/revistakuvendi.org\/?p=3154"},"modified":"2013-07-26T15:42:29","modified_gmt":"2013-07-26T15:42:29","slug":"ndahet-nga-jeta-poeti-elbasanas-milianov-kallupi","status":"publish","type":"post","link":"https:\/\/revistakuvendi.org\/?p=3154","title":{"rendered":"Ndahet nga jeta poeti elbasanas, Milianov Kallupi"},"content":{"rendered":"<p><a href=\"http:\/\/revistakuvendi.org\/wp-content\/uploads\/2013\/07\/milianov-kallupi-1-300x225.jpg\"><img loading=\"lazy\" decoding=\"async\" class=\"alignleft size-full wp-image-3155\" title=\"milianov-kallupi-1-300x225\" src=\"http:\/\/revistakuvendi.org\/wp-content\/uploads\/2013\/07\/milianov-kallupi-1-300x225.jpg\" alt=\"\" width=\"300\" height=\"225\" \/><\/a>Esht\u00eb ndar\u00eb nga jeta n\u00eb mosh\u00ebn 65-vje\u00e7are shkrimtari i njohur elbasanas, Milianov Kallupi. Kryetari i Lidhjes s\u00eb Shkrimtar\u00ebve \u201cKostandin Kristoforidhi\u201d, Milianov Kallupi,<!--more--> u nda nga jeta mbr\u00ebmjen e s\u00eb m\u00ebrkur\u00ebs, nd\u00ebrsa miq e shok\u00eb, shkrimtar\u00eb t\u00eb ndrysh\u00ebm kan\u00eb shkuar n\u00eb banes\u00ebn e tij p\u00ebr t\u2019i dh\u00ebn\u00eb lamtumir\u00ebn e fundit, si edhe p\u00ebr t\u00eb ngush\u00eblluar familjen e shkrimtarit elbasanas. Milianov Kallupi, poet, shkrimtar, njihet si gazetar n\u00eb vitet 1983-1995, n\u00eb gazetat \u201cLuft\u00ebtari\u201d dhe \u201cFjala e Mir\u00eb\u201d. \u00cbsht\u00eb autori i disa p\u00ebrmbledhjeve poetike. Kallupi l\u00ebvroi hajkun, ku edhe u shqua m\u00eb s\u00eb tep\u00ebrti. Ai themeloi sht\u00ebpin\u00eb botuese \u201cEgnatia\u201d, nd\u00ebrsa renditet n\u00eb enciklopedi dhe antologji t\u00eb ndryshme t\u00eb botuara n\u00eb Shqip\u00ebri, Kosov\u00eb, Maqedoni, Kroaci dhe Greqi dhe s\u00eb fundmi n\u00eb antologjin\u00eb \u201cLetrat moderne shqipe\u201d, n\u00eb gjuh\u00ebn italiane. Profili poetik i Kallupit \u00ebsht\u00eb ai i nj\u00eb krijuesi me nj\u00eb ndjeshm\u00ebri t\u00eb lart\u00eb, me teknika vjersh\u00ebrimi midis tradicionales, modernes e postmodernes, me nj\u00eb pasuri t\u00eb begat\u00eb mjetesh dhe teknikash poetike, me struktura vargjesh e strofash t\u00eb zhd\u00ebrvjell\u00ebta, q\u00eb e kthejn\u00eb form\u00ebn n\u00eb nj\u00eb procedim t\u00eb mesazhit estetik. Si poet dhe njeri i letrave, Milianov Kallupi u dallua si nj\u00eb lirik sa i ngroht\u00eb dhe i shtruar, aq i thell\u00eb dhe i rr\u00ebmbyer, me nj\u00eb diapazon t\u00eb gjer\u00eb figurash, impresionesh, gjendjesh dhe mesazhesh, me teknika bashk\u00ebkohore vjersh\u00ebrimi, sidomos t\u00eb hajkut, t\u00eb cilit i ka dh\u00ebn\u00eb nj\u00eb fytyr\u00eb shqiptare.<\/p>\n","protected":false},"excerpt":{"rendered":"<p>Esht\u00eb ndar\u00eb nga jeta n\u00eb mosh\u00ebn 65-vje\u00e7are shkrimtari i njohur elbasanas, Milianov Kallupi. Kryetari i Lidhjes s\u00eb Shkrimtar\u00ebve \u201cKostandin Kristoforidhi\u201d, Milianov Kallupi,<\/p>\n","protected":false},"author":1,"featured_media":0,"comment_status":"open","ping_status":"open","sticky":false,"template":"","format":"standard","meta":{"footnotes":""},"categories":[5],"tags":[],"class_list":["post-3154","post","type-post","status-publish","format-standard","hentry","category-letersi"],"_links":{"self":[{"href":"https:\/\/revistakuvendi.org\/index.php?rest_route=\/wp\/v2\/posts\/3154","targetHints":{"allow":["GET"]}}],"collection":[{"href":"https:\/\/revistakuvendi.org\/index.php?rest_route=\/wp\/v2\/posts"}],"about":[{"href":"https:\/\/revistakuvendi.org\/index.php?rest_route=\/wp\/v2\/types\/post"}],"author":[{"embeddable":true,"href":"https:\/\/revistakuvendi.org\/index.php?rest_route=\/wp\/v2\/users\/1"}],"replies":[{"embeddable":true,"href":"https:\/\/revistakuvendi.org\/index.php?rest_route=%2Fwp%2Fv2%2Fcomments&post=3154"}],"version-history":[{"count":1,"href":"https:\/\/revistakuvendi.org\/index.php?rest_route=\/wp\/v2\/posts\/3154\/revisions"}],"predecessor-version":[{"id":3156,"href":"https:\/\/revistakuvendi.org\/index.php?rest_route=\/wp\/v2\/posts\/3154\/revisions\/3156"}],"wp:attachment":[{"href":"https:\/\/revistakuvendi.org\/index.php?rest_route=%2Fwp%2Fv2%2Fmedia&parent=3154"}],"wp:term":[{"taxonomy":"category","embeddable":true,"href":"https:\/\/revistakuvendi.org\/index.php?rest_route=%2Fwp%2Fv2%2Fcategories&post=3154"},{"taxonomy":"post_tag","embeddable":true,"href":"https:\/\/revistakuvendi.org\/index.php?rest_route=%2Fwp%2Fv2%2Ftags&post=3154"}],"curies":[{"name":"wp","href":"https:\/\/api.w.org\/{rel}","templated":true}]}}