{"id":3148,"date":"2013-07-23T11:48:46","date_gmt":"2013-07-23T11:48:46","guid":{"rendered":"http:\/\/revistakuvendi.org\/?p=3148"},"modified":"2013-07-23T11:48:46","modified_gmt":"2013-07-23T11:48:46","slug":"amiko-kasaruho-autoritet-i-rralle-moral-i-shqiptareve","status":"publish","type":"post","link":"https:\/\/revistakuvendi.org\/?p=3148","title":{"rendered":"Amiko Kasaruho &#8211; autoritet i rrall\u00eb moral i shqiptar\u00ebve"},"content":{"rendered":"<p><a href=\"http:\/\/revistakuvendi.org\/wp-content\/uploads\/2013\/07\/Amik-Kasoruho.jpg\"><img loading=\"lazy\" decoding=\"async\" class=\"alignleft size-medium wp-image-3149\" title=\"Amik-Kasoruho\" src=\"http:\/\/revistakuvendi.org\/wp-content\/uploads\/2013\/07\/Amik-Kasoruho-300x173.jpg\" alt=\"\" width=\"300\" height=\"173\" srcset=\"https:\/\/revistakuvendi.org\/wp-content\/uploads\/2013\/07\/Amik-Kasoruho-300x173.jpg 300w, https:\/\/revistakuvendi.org\/wp-content\/uploads\/2013\/07\/Amik-Kasoruho.jpg 640w\" sizes=\"auto, (max-width: 300px) 100vw, 300px\" \/><\/a>\u00a0Ne foto: Amiko Kasaruho<\/p>\n<p>NgaRexhep Shahu<\/p>\n<p>&nbsp;<\/p>\n<p>Kur po shkruaja librin tim &#8220;Apologji p\u00ebr Udh\u00ebn e Kombit&#8221;, nd\u00ebr njerzit q\u00eb m\u00eb ka nxitur e motivuar, jasht\u00eb rrethit tim t\u00eb ngusht\u00eb miq\u00ebsor, \u00ebsht\u00eb Amiko Kasaruho p\u00ebr t\u00eb cilin kam shkruar n\u00eb faqet e atij libri.<!--more--><\/p>\n<p>E njihja nga larg veprimtarin\u00eb e tij, por rasti e solli t\u00eb pija kafe m\u00eb t\u00eb.<\/p>\n<p>Z\u00eb ult\u00eb, i matur, i thell\u00eb, fliste fjal\u00eb t\u00eb atilla q\u00eb asnj\u00eb nuk binte n\u00eb tok\u00eb dhe, si rrall\u00eb her\u00eb, u ndjeva keq me veten q\u00eb nuk sh\u00ebnoja apo regjistroja \u00e7do fjal\u00eb q\u00eb fliste dhe xhelozoja ajrin e asaj pasditeje q\u00eb i merrte me vete fjal\u00ebt e tij.<\/p>\n<p>Ai fliste dhe un\u00eb nuk mbyllja q\u00ebrpik duke e par\u00eb n\u00eb sy, n\u00eb ato syt\u00eb e tij t\u00eb xixt\u00eb q\u00eb besoja se shpojn\u00eb me rreze drite \u00e7do mal terri.<\/p>\n<p>Nga Amiko Kasaruho m\u00ebsova p\u00ebr her\u00eb t\u00eb par\u00eb se vlera m\u00eb e madhe e Udh\u00ebs s\u00eb Kombit \u00ebsht\u00eb se ajo kursen koh\u00ebn e shqiptar\u00ebve. Koh\u00ebn t\u00eb cil\u00ebn shqiptar\u00ebt e kan\u00eb \u00e7uar d\u00ebm m\u00eb shum\u00eb se \u00e7do gj\u00eb tjet\u00ebr n\u00eb jet\u00ebn e tyre. Po t\u00eb matet dhe vler\u00ebsohet koha e shqiptar\u00ebve, po t\u00eb \u00e7mohet ajo, nuk do t\u00eb matet dot kurr\u00eb leverdia dhe nevoja q\u00eb kemi ne si komb p\u00ebr at\u00eb udh\u00eb. A mund t\u00eb llogaris\u00eb kush se sa koh\u00eb kan\u00eb \u00e7uar d\u00ebm shqiptar\u00ebt duke udh\u00ebtuar n\u00eb paudh\u00eb\u2026<\/p>\n<p>Kam par\u00eb n\u00eb jet\u00eb plot njer\u00ebz q\u00eb emocionohen dhe jan\u00eb plot pasion si un\u00eb kur flitet p\u00ebr Kosov\u00ebn \u2013 gjysm\u00ebn e atdheut ton\u00eb t\u00eb munguar. Kisha par\u00eb shqiptar\u00eb t\u00eb Kosov\u00ebs q\u00eb qanin kur flisnin p\u00ebr Kosov\u00ebn sa ishin t\u00eb d\u00ebbuar n\u00eb Kuk\u00ebs n\u00eb vitet 1998-1999.<\/p>\n<p>Por nuk kisha par\u00eb kurr\u00eb n\u00eb jet\u00eb, deri kur takova Amiko Kasaruhon, se ka njer\u00ebz n\u00eb Shqip\u00ebri q\u00eb qajn\u00eb me lot\u00eb kur flasin p\u00ebr Kosov\u00ebn. Nuk kisha par\u00eb gjirokastrit q\u00eb t\u00eb qante p\u00ebr Kosov\u00ebn. Ai fliste p\u00ebr Kosov\u00ebn dhe i dilnin lot\u00eb.<\/p>\n<p>N\u00ebp\u00ebr mend \u00e7ova plot mallkime q\u00eb i jan\u00eb b\u00ebr\u00eb Kosov\u00ebs, plot p\u00ebr\u00e7ar\u00ebs, plot shp\u00ebrfill\u00ebs t\u00eb saj, plot e plot e plot turlifar\u00eblloj monstrash q\u00eb e duan t\u00eb ndar\u00eb Kosov\u00ebn me Shqip\u00ebrin\u00eb, q\u00eb i duan t\u00eb ndar\u00eb e p\u00ebr\u00e7ar\u00eb geg\u00ebt e tosk\u00ebt shqiptar\u00eb.<\/p>\n<p>Por Amiko Kasaruho, gjirokastrit, tosk\u00eb, i rritur n\u00ebp\u00ebr burgjet e komunizmit, me baba t\u00eb vrar\u00eb nga komunizmi, anikomunist me nd\u00ebrgjegje dhe jo antikomunist rakie me gjiz\u00eb a qep\u00eb t\u00eb njoma, apo antikomunist se kish vjedh\u00eb n\u00eb kooperativ\u00eb apo ferm\u00eb, apo kish p\u00ebrdhunuar ndonj\u00eb nx\u00ebn\u00ebse, apo kish b\u00ebr\u00eb trafik femrash apo in\u00e7est n\u00eb fis, apo ish dehur duke pir\u00eb raki me gjiz\u00eb e me speca, pra Amiko Kasaruho intelektual i kalibrit m\u00eb t\u00eb lart\u00eb, autoritet i madh moral i shqiptar\u00ebve, qante kur fliste p\u00ebr Kosov\u00ebn dhe shqiptar\u00ebt e Kosov\u00ebs.<\/p>\n<p>Dhe kjo pamje e k\u00ebtij burri duke fol\u00eb me lot\u00eb n\u00eb sy p\u00ebr Kosov\u00ebn \u00ebsht\u00eb b\u00ebr\u00eb skulptur\u00eb e pashembshme brenda meje n\u00eb j\u00ebt\u00eb t\u00eb jet\u00ebve. Ai m\u00eb rr\u00ebfeu tri histori q\u00eb un\u00eb po i sjell shkurt.<\/p>\n<p>Kur i kishte vdekur shoku dhe miku m\u00eb i ngusht\u00eb i tij Robert Shvartz, Amiko Kasaruho ishte shtang\u00eb kur kishte lexuar nj\u00eb e-mail. Poeti nga Suhareka Ragip Sylaj i kishte shkruar nj\u00eb e-mail ku i p\u00ebrcillte ngush\u00ebllimet e tij Amikos p\u00ebr vdekjen e mikut t\u00eb tij Shvartz. Kjo ishte e rrall\u00eb sipas Amiko Kasaruhos dhe e ka b\u00ebr\u00eb nj\u00eb poet shqiptar nga Kosova.<\/p>\n<p>Kur kishte mb\u00ebrrit\u00eb nj\u00eb dit\u00eb n\u00eb Prizren me makin\u00eb me ca miq t\u00eb tij, ju kishte ngel\u00eb makina n\u00eb dor\u00eb dhe nuk po gjenin vend p\u00ebr ta parkuar q\u00eb t\u00eb pinin kafe te Shat\u00ebrvani i Prizrenit. I sheh nj\u00eb poilic dhe ju afrohet. Meqen\u00ebse jeni me targa t\u00eb Tiran\u00ebs dhe po\u00a0\u00a0shoh se nuk po gjeni parking, m\u00eb ndiqni, u thot\u00eb polici dhe i ndihmon q\u00eb ta parkonin makin\u00ebn. Prap\u00eb i rodh\u00ebn lot\u00eb Amikos. A ndodh ndokund kjo n\u00eb qytetet e Shqip\u00ebris\u00eb, m\u00eb pyeti me lot\u00eb n\u00eb sy\u2026<\/p>\n<p>Nj\u00eb nat\u00eb, pasi mbaron nj\u00eb aktivitet n\u00eb nj\u00eb sall\u00eb n\u00eb Prishtin\u00eb, del Amiko me nj\u00eb mik p\u00ebr t\u00eb shkuar n\u00eb hotel. Por kishte nis\u00eb shiu dhe nuk ecej pa \u00e7ad\u00ebr. Nj\u00eb burr\u00eb, kalimtar rasti, i sheh n\u00ebn nj\u00eb streh\u00eb dhe e kupton hallin e tyre. Ku do t\u00eb shkoni, i pyet prishtinaliu.\u00a0\u00a0Tek hoteli filan, i thot\u00eb Amiko. Hajdeni me mua se andej e kam udh\u00ebn, u thot\u00eb burri me \u00e7ad\u00ebr. Dhe i shoq\u00ebroi deri tek hoteli. Por shoq\u00ebruesi me \u00e7ad\u00ebr u kthye mbrapsht. Pse po shkon andej p\u00ebrs\u00ebri e pyet Amiko. Po shkoj te shpia, p\u00ebrgjigjet tjetri. Po ju na that\u00eb se e keni k\u00ebtu sht\u00ebpin\u00eb. Af\u00ebr e kam af\u00ebr, vet\u00ebm sa ju p\u00ebrcolla pak, ia ktheu prishinaliu q\u00eb shkoi p\u00ebrs\u00ebri mbrapsht. Kush ta b\u00ebn k\u00ebt\u00eb, m\u00eb pyeti s\u00ebrish Amiko teksa syt\u00eb nuk i tereshin asnj\u00eb \u00e7ast sa m\u00eb rr\u00ebfente k\u00ebto tri histori.<\/p>\n<p>Amiko Kasaruho \u00ebsht\u00eb sovran n\u00eb planetin e eleganc\u00ebs, t\u00eb trim\u00ebris\u00eb, t\u00eb guximit, t\u00eb dijes, \u00ebsht\u00eb lart dhe nga atje rrezaton p\u00ebr ne me gjith\u00eb jet\u00ebn, pun\u00ebn dhe shembullin e intelektualit t\u00eb madh, trim e patriot shqiptar.<\/p>\n<p>Amiko Kasaruho fluturon dhe nuk kan\u00eb \u00e7far\u00eb i b\u00ebjn\u00eb mijt\u00eb e gjirizeve, zhabat, bollat e gjarp\u00ebrinjt\u00eb.<\/p>\n<p>Jan\u00eb shum\u00eb pak njer\u00ebz si Amiko Kasaruho q\u00eb na b\u00ebjn\u00eb krenar\u00eb pse jemi shqiptar\u00eb, q\u00eb na b\u00ebjn\u00eb krenar\u00eb q\u00eb i kemi mes nesh, q\u00eb krenohemi me at\u00eb q\u00eb kan\u00eb b\u00ebr\u00eb p\u00ebr ne dhe atdheun ton\u00eb me jet\u00ebn, pun\u00ebn dhe vepr\u00ebn e tyre.<\/p>\n","protected":false},"excerpt":{"rendered":"<p>\u00a0Ne foto: Amiko Kasaruho NgaRexhep Shahu &nbsp; Kur po shkruaja librin tim &#8220;Apologji p\u00ebr Udh\u00ebn e Kombit&#8221;, nd\u00ebr njerzit q\u00eb m\u00eb ka nxitur e motivuar, jasht\u00eb rrethit tim t\u00eb ngusht\u00eb miq\u00ebsor, \u00ebsht\u00eb Amiko Kasaruho p\u00ebr t\u00eb cilin kam shkruar n\u00eb faqet e atij libri.<\/p>\n","protected":false},"author":1,"featured_media":0,"comment_status":"open","ping_status":"open","sticky":false,"template":"","format":"standard","meta":{"footnotes":""},"categories":[11],"tags":[],"class_list":["post-3148","post","type-post","status-publish","format-standard","hentry","category-publicistike"],"_links":{"self":[{"href":"https:\/\/revistakuvendi.org\/index.php?rest_route=\/wp\/v2\/posts\/3148","targetHints":{"allow":["GET"]}}],"collection":[{"href":"https:\/\/revistakuvendi.org\/index.php?rest_route=\/wp\/v2\/posts"}],"about":[{"href":"https:\/\/revistakuvendi.org\/index.php?rest_route=\/wp\/v2\/types\/post"}],"author":[{"embeddable":true,"href":"https:\/\/revistakuvendi.org\/index.php?rest_route=\/wp\/v2\/users\/1"}],"replies":[{"embeddable":true,"href":"https:\/\/revistakuvendi.org\/index.php?rest_route=%2Fwp%2Fv2%2Fcomments&post=3148"}],"version-history":[{"count":1,"href":"https:\/\/revistakuvendi.org\/index.php?rest_route=\/wp\/v2\/posts\/3148\/revisions"}],"predecessor-version":[{"id":3150,"href":"https:\/\/revistakuvendi.org\/index.php?rest_route=\/wp\/v2\/posts\/3148\/revisions\/3150"}],"wp:attachment":[{"href":"https:\/\/revistakuvendi.org\/index.php?rest_route=%2Fwp%2Fv2%2Fmedia&parent=3148"}],"wp:term":[{"taxonomy":"category","embeddable":true,"href":"https:\/\/revistakuvendi.org\/index.php?rest_route=%2Fwp%2Fv2%2Fcategories&post=3148"},{"taxonomy":"post_tag","embeddable":true,"href":"https:\/\/revistakuvendi.org\/index.php?rest_route=%2Fwp%2Fv2%2Ftags&post=3148"}],"curies":[{"name":"wp","href":"https:\/\/api.w.org\/{rel}","templated":true}]}}