{"id":2789,"date":"2013-05-08T00:48:59","date_gmt":"2013-05-08T00:48:59","guid":{"rendered":"http:\/\/revistakuvendi.org\/?p=2789"},"modified":"2013-05-08T00:48:59","modified_gmt":"2013-05-08T00:48:59","slug":"ambasadore-te-armatosur-ne-mes-te-tiranes","status":"publish","type":"post","link":"https:\/\/revistakuvendi.org\/?p=2789","title":{"rendered":"Ambasador\u00eb \u201ct\u00eb armatosur\u201d n\u00eb mes t\u00eb Tiran\u00ebs"},"content":{"rendered":"<p><a href=\"http:\/\/revistakuvendi.org\/wp-content\/uploads\/2013\/05\/rudina-hoxha.jpg\"><img loading=\"lazy\" decoding=\"async\" class=\"alignleft size-full wp-image-2790\" title=\"rudina hoxha\" src=\"http:\/\/revistakuvendi.org\/wp-content\/uploads\/2013\/05\/rudina-hoxha.jpg\" alt=\"\" width=\"400\" height=\"300\" srcset=\"https:\/\/revistakuvendi.org\/wp-content\/uploads\/2013\/05\/rudina-hoxha.jpg 400w, https:\/\/revistakuvendi.org\/wp-content\/uploads\/2013\/05\/rudina-hoxha-300x225.jpg 300w\" sizes=\"auto, (max-width: 400px) 100vw, 400px\" \/><\/a>Nga Rudina Hoxha<\/p>\n<p>A do t\u00eb donit ta shikonit ambasadoren gjermane Carola M\u00fcller-Holtkemper me pushk\u00eb n\u00eb brez? Po Kryetarin e Delegacionit t\u00eb Parlamentit Europian p\u00ebr Europ\u00ebn Juglindore, Eduart Kukan me nj\u00eb fustanell\u00eb nga jugu i Shqip\u00ebris\u00eb? Apo ambasadorin e BE-s\u00eb, Ettore Sequi me nj\u00eb veshje v\u00ebrtet \u201csurpriz\u00eb\u201d,<!--more-->apo at\u00eb austriak, Florian Raunig s\u00eb bashku me familjen e tij me veshje tradicionale komb\u00ebtare? N\u00ebse jeni kurioz\u00eb, t\u00eb mart\u00ebn n\u00eb or\u00ebn 18:30, n\u00eb mjediset e Muzeut Komb\u00ebtar, shqiptar\u00ebt do t\u00eb ken\u00eb mund\u00ebsi t\u00eb shohin plot 16 ambasador\u00eb t\u00eb vendeve t\u00eb BE-s\u00eb dhe 24 personazhe europiane nga fusha t\u00eb ndryshme, ashtu si nuk i kan\u00eb par\u00eb m\u00eb par\u00eb: \u201ct\u00eb armatosur\u201d.<br \/>\nT\u00eb armatosur me pushk\u00eb, pistoleta e thika 100-vje\u00e7are shqiptare, dhe mbi t\u00eb gjitha me traditat e zakonet e mir\u00ebfillta shqiptare, t\u00eb shprehura n\u00eb kostumet m\u00eb t\u00eb zgjedhura t\u00eb trevave shqiptare q\u00eb ato kan\u00eb veshur.<br \/>\nNd\u00ebr ambasador\u00ebt jan\u00eb edhe ish-danezi Karsten Ankjaer Jensen dhe ish-holandezi Henk van den Dool, t\u00eb njohur p\u00ebr deklaratat e fjalimet e tyre pa dorashka dhe jasht\u00eb petkut diplomatik n\u00eb Shqip\u00ebri.<br \/>\nN\u00eb portrete me p\u00ebrmasa 60 x 80, t\u00eb gjitha k\u00ebto personalitete vijn\u00eb t\u00eb fiksuara nga kamera e fotografit Roland Tasho.<br \/>\n\u201cN\u00eb nj\u00eb bised\u00eb miq\u00ebsore q\u00eb pat\u00ebm me ambasadorin Sequi, ai e \u2018thithi\u2019 dhe e vler\u00ebsoi iden\u00eb dhe m\u00eb propozoi n\u00ebse mund t\u2019i vishnim t\u00eb gjith\u00eb ambasador\u00ebt me kostume popullore. T\u00eb gjith\u00eb than\u00eb \u2018po\u2019 dhe p\u00ebr nj\u00eb muaj u fotografuan t\u00eb gjith\u00eb. Ambasadori ishte nj\u00eb mb\u00ebshtetje e madhe financiare dhe kryesisht ideore\u201d, &#8211; thot\u00eb Tasho.<br \/>\nFotografi kor\u00e7ar me nj\u00eb p\u00ebrvoj\u00eb prej 31 vitesh mbi supe e vler\u00ebson k\u00ebt\u00eb eksperienc\u00eb si m\u00eb t\u00eb k\u00ebnaqshmen nd\u00ebr 55 ekspozitat q\u00eb ai num\u00ebron n\u00eb karrier\u00ebn e tij profesionale. \u201c\u00cbsht\u00eb nj\u00eb nga sh\u00ebrbimet m\u00eb t\u00eb bukura q\u00eb kam b\u00ebr\u00eb. Pata t\u00eb b\u00ebj me njer\u00ebz q\u00eb e respektojn\u00eb dhe e din\u00eb se \u00e7far\u00eb \u00ebsht\u00eb tradita. Pash\u00eb se sa dashamir\u00ebs jan\u00eb ata ndaj artit. N\u00eb fakt k\u00ebshtu do t\u00eb kisha dashur t\u00eb ishin edhe shqiptar\u00ebt e mi\u201d, &#8211; shton Tasho.<br \/>\n\u201cArkivi Tasho\u201d<br \/>\nKy fotograf ka nd\u00ebrtuar nj\u00eb arkiv nd\u00ebr vite me personazhe t\u00eb veshura me kostume karakteristike shqiptare. Kur zot\u00ebron nj\u00eb arkiv, mjafton nj\u00eb ide apo nj\u00eb shk\u00ebndij\u00eb dhe gj\u00ebrat dalin n\u00eb pah, \u201ckrijohen n\u00eb aj\u00ebr\u201d, si\u00e7 thot\u00eb ai. N\u00eb k\u00ebt\u00eb kontekst, prandaj ai ishte edhe realizuesi m\u00eb i p\u00ebrshtatsh\u00ebm i nj\u00eb iniciative t\u00eb till\u00eb.<br \/>\nTasho e mori spunton n\u00eb vitin 2000, duke ndjekur tradit\u00ebn me veshje popullore t\u00eb George Byron apo Edith Durham, si edhe t\u00eb shum\u00eb udh\u00ebtar\u00ebve, historian\u00ebve e poet\u00ebve t\u00eb tjer\u00eb.<br \/>\n\u201cFillova t\u00eb fotografoj personazhe t\u00eb ndryshme me kostume popullore n\u00eb vitin 2000. Ishte nj\u00eb moment kur ish-ambasadori italian n\u00eb Tiran\u00eb, Mario Bova, q\u00eb ishte shum\u00eb dashamir\u00ebs me artin shqiptar, para largimit nga Tirana, i b\u00ebri nj\u00eb peshqesh dy vajzave t\u00eb tij nj\u00ebzetvje\u00e7are, pik\u00ebrisht nj\u00eb portret ku ato ishin veshur me veshje shqiptare: nj\u00ebra t\u00eb Shqip\u00ebris\u00eb s\u00eb Mesme dhe tjetra nga zona e Kor\u00e7\u00ebs\u201d, &#8211; thot\u00eb ai.<br \/>\nM\u00eb pas, kur vizitor\u00eb t\u00eb huaj vinin n\u00eb studion e tij, ai filloi t\u2019i fotografonte edhe ata me kostume popullore, pasi pa tek ata d\u00ebshir\u00ebn p\u00ebr t\u2019u veshur me \u201cxhevahiret\u201d popullore t\u00eb vendit ton\u00eb. \u201cAq sa kur shkova t\u00eb takoj shqiptar\u00ebt n\u00eb Paris, shkova me dy kostume, sepse edhe andej kishte d\u00ebshir\u00eb t\u00eb visheshin \u2018shqiptar\u00e7e\u2019\u201d.<br \/>\n\u201cSi Barroso\u201d<br \/>\nKush me llull\u00eb n\u00eb goj\u00eb, kush me pushk\u00eb e pisqolla n\u00eb brez apo thika t\u00eb veshura me punime filigrami, t\u00eb gjith\u00eb ambasador\u00ebt u fotografuan m\u00eb s\u00eb shumti n\u00eb kopshtet, si dhe n\u00eb mjediset e tjera t\u00eb ambasadave.<br \/>\n\u201cP\u00ebr 1 muaj u ndjeva si t\u00eb isha Presidenti i Komisionit Europian, Jose Manuel Barroso. Sepse ambasador\u00ebt u treguan aq t\u00eb gatsh\u00ebm, aq t\u00eb qet\u00eb, aq bashk\u00ebpunues e aq t\u00eb qart\u00eb n\u00eb at\u00eb q\u00eb po b\u00ebnin\u201d, &#8211; thot\u00eb ai duke qeshur. P\u00ebr m\u00eb tep\u00ebr, ai shton se ka qen\u00eb i vetmi q\u00eb futej lirisht n\u00eb \u00e7do ambasad\u00eb me arm\u00eb: pistoleta e pushk\u00eb t\u00eb gjata. \u201cDhe asnj\u00eb nuk m\u00eb kontrollonte. Dera m\u2019u hap nga vet\u00eb ambasador\u00ebt.\u201d<br \/>\nAmbasador\u00ebt e mor\u00ebn shum\u00eb seriozisht k\u00ebt\u00eb iniciativ\u00eb dhe erdh\u00ebn t\u00eb p\u00ebrgatitur shpirt\u00ebrisht. Ata, jo vet\u00ebm q\u00eb donin t\u00eb dilnin n\u00eb foto me k\u00ebto kostume, por kishin d\u00ebshir\u00eb edhe me familjet e tyre. P.sh., ambasadori austriak e realizoi foton s\u00eb bashku me familjen e tij, gruan dhe dy vajzat, Anna Maria dhe Sophia Charlotte. Ai spanjoll kishte d\u00ebshir\u00eb t\u00eb ishte n\u00eb foto me gruan e tij, por ajo s\u2019ndodhej p\u00ebr momentin n\u00eb Shqip\u00ebri. \u201cMbaj mend komentin e bukur t\u00eb ambasadores \u00e7eke, Bronislava Tomasova\u201d, &#8211; shton Tasho. \u201cAjo m\u00eb tha n\u00eb fund, \u2018m\u00eb b\u00ebre nj\u00eb dit\u00eb ndryshe dhe p\u00ebr k\u00ebt\u00eb t\u00eb falenderoj\u2019\u201d, thot\u00eb fotografi.<br \/>\nNd\u00ebrsa p\u00ebr fotografimin e z.Eduart Kukan, fotografi shfryt\u00ebzoi 10 minuta t\u00eb lira t\u00eb tij mbas konferenc\u00ebs \u201cJust BE\u201d, q\u00eb u organizua n\u00eb Tiran\u00eb m\u00eb 25 mars. \u201cI veshur me nj\u00eb fustanell\u00eb t\u00eb jugut t\u00eb Shqip\u00ebris\u00eb, Kukan u ndje v\u00ebrtet i qet\u00eb dhe vetvetja gjat\u00eb sesionit t\u00eb fotografimit. Mezi po pres q\u00eb vizitor\u00ebt e k\u00ebsaj ekspozite t\u00eb shijojn\u00eb momentet e ve\u00e7anta q\u00eb ajo do t\u00eb fal\u00eb\u201d, &#8211; p\u00ebrfundon profesionisti i lir\u00eb.<br \/>\nMbas BE-s\u00eb, radha e Amerik\u00ebs dhe&#8230;<br \/>\nTasho thot\u00eb se mbas portreteve t\u00eb p\u00ebrfaq\u00ebsuesve m\u00eb t\u00eb r\u00ebnd\u00ebsish\u00ebm t\u00eb Bashkimit Europian, do t\u00eb jet\u00eb pjesa amerikane q\u00eb do t\u00eb jet\u00eb n\u00eb fokusin e kameras \u201cTasho\u201d. P\u00ebrfaq\u00ebsuesit m\u00eb t\u00eb spikatur amerikan\u00eb n\u00eb Shqip\u00ebri e n\u00eb Amerik\u00eb do t\u00eb vishen me kostume t\u00eb mrekullueshme shqiptare p\u00ebr t\u2019u ndjer\u00eb \u201ct\u00eb magjepsur\u201d edhe p\u00ebr pak or\u00eb n\u00ebn petkat shqiptare.<br \/>\nMbas t\u00eb madhit Faik Konica (1875-1942) q\u00eb u vesh me kostum komb\u00ebtar shqiptar n\u00eb podiumin e OKB-s\u00eb, Tasho do t\u00eb donte shum\u00eb t\u00eb kishte n\u00eb arkivin e tij edhe nj\u00eb foto t\u00eb shkrimtarit ton\u00eb t\u00eb madh Ismail Kadare t\u00eb veshur me kostumin e magjish\u00ebm folklorik, si p\u00ebrfaq\u00ebsues i denj\u00eb i vlerave t\u00eb kombit shqiptar. M\u00eb pas, lista e personazheve t\u00eb tij \u00ebsht\u00eb e gjat\u00eb\u2026<\/p>\n<p><em><strong>GSH,07 Maj 2013<\/strong><\/em><\/p>\n","protected":false},"excerpt":{"rendered":"<p>Nga Rudina Hoxha A do t\u00eb donit ta shikonit ambasadoren gjermane Carola M\u00fcller-Holtkemper me pushk\u00eb n\u00eb brez? Po Kryetarin e Delegacionit t\u00eb Parlamentit Europian p\u00ebr Europ\u00ebn Juglindore, Eduart Kukan me nj\u00eb fustanell\u00eb nga jugu i Shqip\u00ebris\u00eb? Apo ambasadorin e BE-s\u00eb, Ettore Sequi me nj\u00eb veshje v\u00ebrtet \u201csurpriz\u00eb\u201d,<\/p>\n","protected":false},"author":1,"featured_media":0,"comment_status":"open","ping_status":"open","sticky":false,"template":"","format":"standard","meta":{"footnotes":""},"categories":[11],"tags":[],"class_list":["post-2789","post","type-post","status-publish","format-standard","hentry","category-publicistike"],"_links":{"self":[{"href":"https:\/\/revistakuvendi.org\/index.php?rest_route=\/wp\/v2\/posts\/2789","targetHints":{"allow":["GET"]}}],"collection":[{"href":"https:\/\/revistakuvendi.org\/index.php?rest_route=\/wp\/v2\/posts"}],"about":[{"href":"https:\/\/revistakuvendi.org\/index.php?rest_route=\/wp\/v2\/types\/post"}],"author":[{"embeddable":true,"href":"https:\/\/revistakuvendi.org\/index.php?rest_route=\/wp\/v2\/users\/1"}],"replies":[{"embeddable":true,"href":"https:\/\/revistakuvendi.org\/index.php?rest_route=%2Fwp%2Fv2%2Fcomments&post=2789"}],"version-history":[{"count":1,"href":"https:\/\/revistakuvendi.org\/index.php?rest_route=\/wp\/v2\/posts\/2789\/revisions"}],"predecessor-version":[{"id":2791,"href":"https:\/\/revistakuvendi.org\/index.php?rest_route=\/wp\/v2\/posts\/2789\/revisions\/2791"}],"wp:attachment":[{"href":"https:\/\/revistakuvendi.org\/index.php?rest_route=%2Fwp%2Fv2%2Fmedia&parent=2789"}],"wp:term":[{"taxonomy":"category","embeddable":true,"href":"https:\/\/revistakuvendi.org\/index.php?rest_route=%2Fwp%2Fv2%2Fcategories&post=2789"},{"taxonomy":"post_tag","embeddable":true,"href":"https:\/\/revistakuvendi.org\/index.php?rest_route=%2Fwp%2Fv2%2Ftags&post=2789"}],"curies":[{"name":"wp","href":"https:\/\/api.w.org\/{rel}","templated":true}]}}