{"id":2776,"date":"2013-04-30T15:27:12","date_gmt":"2013-04-30T15:27:12","guid":{"rendered":"http:\/\/revistakuvendi.org\/?p=2776"},"modified":"2013-05-02T00:58:14","modified_gmt":"2013-05-02T00:58:14","slug":"vatra-nderoi-me-cmimin-e-meritave-disa-nga-figurat-e-dalluara-te-kesaj-shoqate","status":"publish","type":"post","link":"https:\/\/revistakuvendi.org\/?p=2776","title":{"rendered":"VATRA, nderoi me \u00e7mimin e &#8220;Meritave&#8221;, disa nga figurat e dalluara t\u00eb saj"},"content":{"rendered":"<p><a href=\"http:\/\/revistakuvendi.org\/wp-content\/uploads\/2013\/04\/Kujtim-Qafa-merr-cmimine-vasel-ujkes1.png\"><img loading=\"lazy\" decoding=\"async\" class=\"alignleft size-large wp-image-2779\" title=\"Kujtim Qafa, merr cmimine  vasel ujkes\" src=\"http:\/\/revistakuvendi.org\/wp-content\/uploads\/2013\/04\/Kujtim-Qafa-merr-cmimine-vasel-ujkes1-1024x682.png\" alt=\"\" width=\"620\" height=\"412\" srcset=\"https:\/\/revistakuvendi.org\/wp-content\/uploads\/2013\/04\/Kujtim-Qafa-merr-cmimine-vasel-ujkes1-1024x682.png 1024w, https:\/\/revistakuvendi.org\/wp-content\/uploads\/2013\/04\/Kujtim-Qafa-merr-cmimine-vasel-ujkes1-300x200.png 300w\" sizes=\"auto, (max-width: 620px) 100vw, 620px\" \/><\/a>Ne foto: Aktivisti i njohur Kujtim Qafa duke marr \u00a0\u00e7mimin e Vasel Ujkaj<\/p>\n<p><em>Shkruar nga: BEQIR SINA, New York<\/em><\/p>\n<p><strong><em>P\u00ebr nder t\u00eb mbylljes me sukses t\u00eb pun\u00ebs s\u00eb Kuvendit t\u00eb Vatr\u00ebs, n\u00eb lokalin e bukur Lighthouse Restaurant \u2013 n\u00eb City Island Avenue, Bronx, NY, u shtrua nj\u00eb dark\u00eb, gjat\u00eb s\u00eb cil\u00ebs u dhan\u00eb \u00e7mimet \u201cAWARD OF MERIT\u201d, disa vatran\u00ebve, m\u00eb t\u00eb dalluara n\u00eb dekadat e fundit.<!--more--><\/em><\/strong><\/p>\n<div id=\"role_body\">\n<div>\n<blockquote>\n<div><strong>CITY ISLAND BRONX NY :<\/strong> Mbas Kuvendit t\u00eb suksesh\u00ebm, t\u00eb Shoqat\u00ebs m\u00eb t\u00eb vjet\u00ebr n\u00eb Amerik\u00eb, n\u00eb nj\u00eb mbr\u00ebmje, u mbajt\u00eb nj\u00eb dark\u00eb tradicionale, e organizuar kjo nga Federata PanShqiptare e Amerik\u00ebs VATRA. N\u00eb k\u00ebt\u00eb dark\u00eb festive, p\u00ebrve\u00e7 drejtuesve t\u00eb lart\u00eb, t\u00eb Vatr\u00ebs, kryetarit t\u00eb saj &#8211; Dr Gjon Bu\u00e7aj dhe kryesis\u00eb dhe an\u00ebtar\u00ebve t\u00eb saj, delegat\u00ebve t\u00eb Kuvendit mor\u00ebn pjes\u00eb dhe mysafir\u00eb t\u00eb nderuar, si: Ministri i Diaspor\u00ebs n\u00eb Qeverin\u00eb e Kosov\u00ebs z. Ibrahim Makolli i shoq\u00ebruar nga Drejtori p\u00ebr Investimet n\u00eb Diaspor\u00eb, zoti Naim Dedushaj, Konsulli i P\u00ebrgjithsh\u00ebm i Kosov\u00ebs, n\u00eb New York, Ambasadori Bekim Sejdiu, an\u00ebtari i Asambles\u00eb t\u00eb Shtetit t\u00eb New Yorkut, z. Mark Gjonaj, dhe konsulli Fatmir Zajmi.<\/div>\n<div><\/div>\n<div>N\u00eb dark\u00ebn e Vatr\u00ebs erdh\u00ebn edhe pjestar nga familja me hershme shqiptare n\u00eb Amerik\u00eb,e Professor Lumo Cungut dhe e ajo e doktor Hmadi Uru\u00e7it, veja e doktor Uru\u00e7it, si dhe disa pjestar t\u00eb familjes Kaloshi, Kallajxhiut, Danit, Li\u00e7os, Kumbar\u00e7es, Mirakaj, Mulosmani, Bytyqi, P\u00ebrndocaj, Metalia, Qafa, Husenaj, Ndreu, Ndreca, Tonuzi, Balaj, e t\u00eb tjer\u00eb, pra t\u00eb k\u00ebtyre vatran\u00ebve t\u00eb shquar, dhe q\u00eb jan\u00eb familje t\u00eb njohura n\u00eb SHBA, si familjet m\u00eb t\u00eb vjetra t\u00eb vatran\u00ebve, an\u00ebtar\u00ebt e t\u00eb cil\u00ebve kan\u00eb dh\u00ebn\u00eb nj\u00eb kontribut t\u00eb shquar n\u00eb t\u00eb shkuar\u00ebn p\u00ebr Vatr\u00ebn, por q\u00eb disa prej tyre fatkeqsisht, nuk jetojn\u00eb m\u00eb.<\/div>\n<div>N\u00eb dark\u00ebn tradicionale t\u00eb \u00e7mimeve ishin t\u00eb pranish\u00ebm familjar\u00eb, vatran t\u00eb vjet\u00ebr e t\u00eb rinj\u00eb, miq si dhe dashamir\u00eb t\u00eb shoqat\u00ebs Vatra, vatran\u00ebt t\u00eb ardhur posa\u00e7\u00ebrisht p\u00ebr k\u00ebt\u00eb evinement t\u00eb bukur, nga Detrioti, Uashingtoni, Florida, Nju Xhersi, Kenektiket dhe Pensillvenia. Ndarja e \u00e7mimeve t\u00eb Vatr\u00ebs, u shoq\u00ebrua me takime mall\u00ebngjyese, mbresal\u00ebnse dhe kujtime t\u00eb bukura nga jeta dhe veprimtaria e k\u00ebtyre vatran\u00ebve, q\u00eb b\u00ebn\u00eb kaq shum\u00eb p\u00ebr kombin e tyre, p\u00ebr Shqip\u00ebrin\u00eb, Kosov\u00ebn, \u00c7am\u00ebrin\u00eb dhe t\u00eb gjitha trojet shqiptare.<\/div>\n<div><\/div>\n<div>N\u00eb dark\u00eb mor\u00ebn pjes\u00eb edhe delegat\u00ebt, si dhe kryetar\u00ebt e tyre, an\u00ebtar\u00ebt e Deg\u00ebs s\u00eb Washington DC-s\u00eb, ata t\u00eb Deg\u00ebs s\u00eb Michiganit, Dega e Hudson Valley, z. Elmi Berisha me an\u00ebtar\u00ebt e kryesis\u00eb s\u00eb tij; Dega South Florida, z. Kolec Ndoja, Dega Jacksonville, Florida, z. Adriatik Spahiu; Dega Queens, New Yorkut, dr. Skender Myrtezani; Dega South Westchester, New Yorkut, z. Nick Markola; Dega e re e Newburgh, New York, dr Nexhat Kalici, mandej edhe atyre Vatran\u00ebt e New Yorkut, ku \u00ebsht\u00eb edhe vendosur dekadat e fundit dhe baza e Vatr\u00ebs.<\/div>\n<div><\/div>\n<div>Kryetari i sapo zgjedhur i Vatr\u00ebs, dr Gjon Bu\u00e7aj, pasi foli p\u00ebr historikun e k\u00ebsaj shoqate fam\u00ebmadhe, rolin dhe kontributin e saj historik, n\u00eb dobi t\u00eb \u00e7\u00ebshtjes komb\u00ebtare, vuri n\u00eb pah\u00eb edhe vlersoi lart\u00eb ata q\u00eb kan\u00eb dh\u00ebn\u00eb me vite disa nga k\u00ebto figura t\u00eb dalluara t\u00eb k\u00ebsaj shoqate, t\u00eb cil\u00ebt ishin edhe pioner\u00ebt e par\u00eb t\u00eb Vatr\u00ebs, dhe ishin ata q\u00eb mbajt\u00ebn gjall\u00eb frym\u00ebn e zjarrt\u00eb patriotike dhe demokratike, t\u00eb shqiptar\u00ebve n\u00eb SHBA.<\/div>\n<div><\/div>\n<div>Nd\u00ebrsa, nj\u00eb bukuri tjet\u00ebr solli n\u00eb k\u00ebt\u00eb dark\u00eb tradicionale, e cila e ka zanifill\u00ebn e saj prej krijimit t\u00eb Vatra\u00ebs, kolonive dhe klubeve t\u00eb para shqiptare n\u00eb Amerik\u00eb, k\u00ebng\u00ebtari i mir\u00ebnjohur dhe Vatrani G\u00ebzim Nika, i cili krijoj\u00eb me repertorin e tij t\u00eb njohur nj\u00eb atmosfer t\u00eb t\u00eb k\u00ebnd\u00ebshme festive, me k\u00ebng\u00eb e valle me motive patriotike, nga t\u00eb gjitha trevat.<\/div>\n<div><\/div>\n<div>N\u00eb mbr\u00ebmjen e s\u00eb shtun\u00ebs t\u00eb 27 prillit, n\u00eb dark\u00ebn e Vatr\u00ebs, n\u00eb restorantin piktoresk Light House t\u00eb bashkatdhetarit ton\u00eb, vatranit Mark Gjonaj, shoqata e pashoq\u00eb e shqiptar\u00ebve t\u00eb Amerik\u00ebs, Vatra nderoi me \u00e7mimin pas &#8211; vdekjes, post mortum, \u00c7mimin e Meritave &#8211; \u201cAward of Merit\u201d; Nexhmije Zajmin, Dr.Hamdi Uru\u00e7in, Dr. Edward Li\u00e7on, Xhevat Kallajxhiun, Ing. Mahmoud Cungun, Ramiz Danin, Arif Neza, Abdulla Kaloshi, Petraq Ktona, Ymer Doda dhe Rexhep Kumbar\u00e7e.<\/div>\n<div>Po ashtu u nderuan me \u00c7mimin e Meritave &#8211; \u201cAward of Merit\u201d, dhe ish editori i Diellit, Anton \u00c7efa vatran\u00ebt veteran: Mustaf\u00eb Elezi, Musli Mulosmanaj, Jonuz Ndreu, Hajdar Tonuzi, Tonin Mirakaj dhe Vasel Ujkaj.<\/div>\n<div><\/div>\n<div>\u00c7mimet i dor\u00ebzoj\u00eb vet\u00eb kryetari i Vatr\u00ebs, dhe i mor\u00ebn n\u00eb mes emocionve t\u00eb pap\u00ebrshkruara, lot\u00ebve dhe krenaris\u00eb disa prej f\u00ebmij\u00ebve t\u00eb k\u00ebtyre figurave t\u00eb dalluara, patriot dhe atdhetar t\u00eb flakt, t\u00eb cil\u00ebt nj\u00eb jet\u00eb t\u00ebr\u00eb kan\u00eb dh\u00ebn\u00eb nj\u00eb kontribut t\u00eb shquar n\u00eb t\u00eb shkuar\u00ebn p\u00ebr Vatr\u00ebn, dhe kombin shqiptar, por q\u00eb disa prej tyre nga mosha nuk jetojn\u00eb m\u00eb.<\/div>\n<\/blockquote>\n<\/div>\n<\/div>\n","protected":false},"excerpt":{"rendered":"<p>Ne foto: Aktivisti i njohur Kujtim Qafa duke marr \u00a0\u00e7mimin e Vasel Ujkaj Shkruar nga: BEQIR SINA, New York P\u00ebr nder t\u00eb mbylljes me sukses t\u00eb pun\u00ebs s\u00eb Kuvendit t\u00eb Vatr\u00ebs, n\u00eb lokalin e bukur Lighthouse Restaurant \u2013 n\u00eb City Island Avenue, Bronx, NY, u shtrua nj\u00eb dark\u00eb, gjat\u00eb s\u00eb cil\u00ebs u dhan\u00eb \u00e7mimet \u201cAWARD&hellip;<\/p>\n","protected":false},"author":1,"featured_media":0,"comment_status":"open","ping_status":"open","sticky":false,"template":"","format":"standard","meta":{"footnotes":""},"categories":[12],"tags":[],"class_list":["post-2776","post","type-post","status-publish","format-standard","hentry","category-jete-komuniteti"],"_links":{"self":[{"href":"https:\/\/revistakuvendi.org\/index.php?rest_route=\/wp\/v2\/posts\/2776","targetHints":{"allow":["GET"]}}],"collection":[{"href":"https:\/\/revistakuvendi.org\/index.php?rest_route=\/wp\/v2\/posts"}],"about":[{"href":"https:\/\/revistakuvendi.org\/index.php?rest_route=\/wp\/v2\/types\/post"}],"author":[{"embeddable":true,"href":"https:\/\/revistakuvendi.org\/index.php?rest_route=\/wp\/v2\/users\/1"}],"replies":[{"embeddable":true,"href":"https:\/\/revistakuvendi.org\/index.php?rest_route=%2Fwp%2Fv2%2Fcomments&post=2776"}],"version-history":[{"count":5,"href":"https:\/\/revistakuvendi.org\/index.php?rest_route=\/wp\/v2\/posts\/2776\/revisions"}],"predecessor-version":[{"id":2783,"href":"https:\/\/revistakuvendi.org\/index.php?rest_route=\/wp\/v2\/posts\/2776\/revisions\/2783"}],"wp:attachment":[{"href":"https:\/\/revistakuvendi.org\/index.php?rest_route=%2Fwp%2Fv2%2Fmedia&parent=2776"}],"wp:term":[{"taxonomy":"category","embeddable":true,"href":"https:\/\/revistakuvendi.org\/index.php?rest_route=%2Fwp%2Fv2%2Fcategories&post=2776"},{"taxonomy":"post_tag","embeddable":true,"href":"https:\/\/revistakuvendi.org\/index.php?rest_route=%2Fwp%2Fv2%2Ftags&post=2776"}],"curies":[{"name":"wp","href":"https:\/\/api.w.org\/{rel}","templated":true}]}}