{"id":2770,"date":"2013-04-29T16:07:51","date_gmt":"2013-04-29T16:07:51","guid":{"rendered":"http:\/\/revistakuvendi.org\/?p=2770"},"modified":"2013-04-29T16:07:51","modified_gmt":"2013-04-29T16:07:51","slug":"pershendetja-e-alfons-grishaj-ne-kuvendin-e-vatres","status":"publish","type":"post","link":"https:\/\/revistakuvendi.org\/?p=2770","title":{"rendered":"P\u00ebrsh\u00ebndetja e Alfons Grishaj* ne Kuvendin e Vatres"},"content":{"rendered":"<p><a href=\"http:\/\/revistakuvendi.org\/wp-content\/uploads\/2013\/04\/grishaj-vatra1.png\"><img loading=\"lazy\" decoding=\"async\" class=\"alignleft size-large wp-image-2771\" title=\"grishaj-vatra\" src=\"http:\/\/revistakuvendi.org\/wp-content\/uploads\/2013\/04\/grishaj-vatra1-1024x682.png\" alt=\"\" width=\"620\" height=\"412\" srcset=\"https:\/\/revistakuvendi.org\/wp-content\/uploads\/2013\/04\/grishaj-vatra1-1024x682.png 1024w, https:\/\/revistakuvendi.org\/wp-content\/uploads\/2013\/04\/grishaj-vatra1-300x200.png 300w\" sizes=\"auto, (max-width: 620px) 100vw, 620px\" \/><\/a>\u00a0I nderuar Dr. Gjon Bucaj, Kryetar i Vatr\u00ebs!<\/p>\n<p>T\u00eb nderuar an\u00ebtar\u00eb t\u00eb Vatr\u00ebs t\u00eb mbledhur n\u00eb k\u00ebt\u00eb Kuvend!<\/p>\n<p>T\u00eb nderuar miq dhe t\u00eb ftuar!<!--more--><\/p>\n<p>N\u00eb em\u00ebr t\u00eb Deg\u00ebs s\u00eb Vatr\u00ebs Michigan, ju sjell p\u00ebrg\u00ebzimet dhe p\u00ebrsh\u00ebndetjet p\u00ebr mbar\u00ebvajtjen e k\u00ebtij Kuvendi t\u00eb vazhdim\u00ebsis\u00eb t\u00eb tradit\u00ebs s\u00eb shk\u00eblqyer t\u00eb Vatr\u00ebs 101 Vje\u00e7are.<\/p>\n<p>Vatra, ka me \u00e7far\u00eb t\u00eb mburret, ka p\u00ebr \u00e7far\u00eb t\u00eb flas\u00eb, ka p\u00ebr \u00e7far\u00eb t\u00eb jap\u00eb leksione, por, ka hap\u00ebsira p\u00ebr t\u00eb d\u00ebgjuar dhe p\u00ebrmir\u00ebsuar pun\u00ebn e vet n\u00eb t\u00eb mir\u00eb t\u00eb kombit, kultivimit t\u00eb identitetit dhe gjall\u00ebrimit t\u00eb frym\u00ebs patriotike n\u00eb diaspor\u00eb\u2026<\/p>\n<p>Vatra ka nj\u00eb tradit\u00eb 101 vje\u00e7are n\u00eb Amerik\u00eb, n\u00eb atdheun e dyt\u00eb t\u00eb shqiptarve, duke e par\u00eb n\u00eb k\u00ebt\u00eb k\u00ebndv\u00ebshtrim, kultura amerikane ka ndikuar n\u00eb m\u00ebnyr\u00eb thelb\u00ebsore n\u00eb koh\u00eb dhe hap\u00ebsir\u00eb tek Institucioni jon\u00eb, q\u00eb \u00ebsht\u00eb m\u00eb i vjetri n\u00eb hap\u00ebsir\u00ebn shqiptare. Vatra \u00ebsht\u00eb krenare q\u00eb djepin e vet e p\u00ebrkundi n\u00eb demokracin\u00eb e k\u00ebtij vendi duke marr\u00eb p\u00ebrkrahjen e duhur, pa t\u00eb cil\u00ebn, Shqip\u00ebria do t\u00eb vazhdonte t\u00eb endej n\u00eb udh\u00ebkryqin e Historis\u00eb\u2026<\/p>\n<p>Dega e Vatr\u00ebs s\u00eb Michiganit, q\u00eb njihet n\u00eb histori dhe si koka e dyt\u00eb e Vatr\u00ebs, vjen sot n\u00eb k\u00ebt\u00eb Kuvend me nj\u00eb pjekuri dhe maturi riorganizuese, e cila ndikoi dhe n\u00eb rithemelimin e deg\u00ebve t\u00eb tjera n\u00eb Amerik\u00eb. Padyshim, promotori i k\u00ebsaj l\u00ebvizje t\u00eb re \u00ebsht\u00eb Dr.Gjon Bu\u00e7aj me stafin e tij, duke vijuar n\u00eb linj\u00ebn e drejt\u00eb t\u00eb ish kryetarit largpam\u00ebs, Agim Karagjozi, nj\u00eb patriot i madh dhe i pal\u00ebkundur n\u00eb luft\u00ebn e pand\u00ebrprer\u00eb ndaj rrymave prokomuniste, t\u00eb cilat synonin ta vinin Vatr\u00ebn n\u00ebn kontroll, me q\u00ebllim q\u00eb ajo t\u2019i sh\u00ebrbente pushtetit t\u00eb sh\u00ebmtuar Enverist.<\/p>\n<p>Dega e Vatr\u00ebs s\u00eb Michiganit, gjat\u00eb m\u00eb shum\u00eb se nj\u00eb viti q\u00eb drejtohet nga un\u00eb si Kryetar, dhe bashk\u00ebpuntor\u00ebt e mi t\u00eb kryesis\u00eb, Pjeter Jaku, Mondi Rakaj, Kujtim Qafa, Julian \u00c7efa, Enita Hajdari, Ilir Myftiu, e mb\u00ebshtetur nga Kosulli i<\/p>\n<p>Nderit, patriotin Ekerem Bardha, kleriku patriot Don Fran Kola, Imam Shuaip G\u00ebrguri, Dom Ndue Gjergji, Baba Arshiu dhe dervish Helidon Pashai si dhe shum\u00eb aktivist\u00eb t\u00eb shquar t\u00eb k\u00ebtij komuniteti, si Vasel Ujkaj, Gjeto Ivezaj, Donika Bardha, Nevrus Nazarko, Jozeph Dedvukaj, Paulin Palushi,Valentin Lumaj etj\u00a0 t\u00eb cil\u00ebt, kan\u00eb nj\u00eb kontribut t\u00eb respektuesh\u00ebm. Dega jon\u00eb ka zhvilluar nj\u00eb veprimtari t\u00eb dendur e t\u00eb sukseshme, ku mund t\u00eb ve\u00e7ohen takime t\u00eb ndryshme si dhe angazhime t\u00eb natyr\u00ebs diplomatike me senator\u00eb e kongresmen\u00eb t\u00eb Shteteve t\u00eb Bashkuara, p\u00ebr t\u00eb rrahur problemet e shqiptar\u00ebve dhe atdheut ton\u00eb, Shqip\u00ebris\u00eb. Gjithashtu, ka pas\u00eb nj\u00eb politik\u00eb antar\u00ebsimi, duke vler\u00ebsuar aktivitetin e secili dhe, ve\u00e7an\u00ebrisht pranimin e t\u00eb rinj\u00ebve.<\/p>\n<p>Dega e Vatr\u00ebs s\u00eb Michiganit \u00ebsht\u00eb munduar t\u00eb ndihmoj\u00eb qendr\u00ebn n\u00eb t\u00eb gjitha drejtimet n\u00eb baz\u00eb t\u00eb programit dhe statutit. Ajo ka dh\u00ebn\u00eb dhe mendime t\u00eb vlefshme p\u00ebr ndyshimin e disa pikave n\u00eb Statutin e sot\u00ebm. Dega e Vatr\u00ebs n\u00eb Michigan, ka mbajtur lidhje t\u00eb ngushta me Ambasad\u00ebn e Shqip\u00ebris\u00eb n\u00eb Uashington t\u00eb drejtuar nga z.Galanxhi dhe Konsullat\u00ebn e P\u00ebrgjithshme n\u00eb NY, t\u00eb drejtuar nga Dritan Mishto.<\/p>\n<p>Si do t\u00eb punoj\u00eb Vatra n\u00eb t\u00eb ardhmen?<\/p>\n<p>Vatra duhet t\u00eb funksionoj\u00eb si nj\u00eb Institucion me t\u00eb gjitha barometrat e nj\u00eb Institucioni modern. Nuk duhet t\u00eb ket\u00eb pauza dhe m\u00ebdyshje. Duhet t\u00eb jet\u00eb e qart\u00eb n\u00eb politik\u00ebn komb\u00ebtare dhe vlerat demokratike. Duhet t\u00eb jet\u00eb shum\u00eb e lidhur me t\u00eb gjith\u00eb diaspor\u00ebn n\u00eb \u00e7do shtet ku jetojn\u00eb shqiptar\u00ebt. E them k\u00ebt\u00eb, se Vatra e ka k\u00ebt\u00eb autoritet. Duhet t\u00eb jet\u00eb e lidhur m\u00eb shum\u00eb me shtetin amerikan, p\u00ebr t\u00eb promovuar interesat e Shqip\u00ebris\u00eb etnike n\u00eb \u00e7do moment.<\/p>\n<p>Sot \u00ebsht\u00eb shekulli 21, pra, na bijt e shekullit t\u00eb ri, duhet t\u00eb trokasim n\u00eb dyert e qytetrimit, si Ilir\u00ebt e hersh\u00ebm Shqiptar\u00eb, me nj\u00eb qart\u00ebsi matematike p\u00ebr t\u00eb ardhmen e f\u00ebmij\u00ebve dhe kombit ton\u00eb\u2026<\/p>\n<p>Vatra duhet t\u2019i k\u00ebrkoi Qeveris\u00eb Shqiptare q\u00eb t\u00eb gjith\u00eb emigrant\u00ebt, kudo q\u00eb jan\u00eb t\u00eb ken\u00eb t\u00eb drejt\u00ebn e vot\u00ebs p\u00ebr zgjedhjet q\u00eb po vijn\u00eb!<\/p>\n<p>Zoti i bekoft\u00eb Shqiptar\u00ebt kudo n\u00eb bot\u00eb!<\/p>\n<p>Zoti e bekoft\u00eb Amerik\u00ebn, aleaten besnike t\u00eb Shqiptar\u00ebve.<\/p>\n<p>Ju faleminderit!<\/p>\n<p><em><strong>* Kryetar i Deges se Vatres ne Michigan<\/strong><\/em><\/p>\n<p><strong><em>New York, 27 Prill 2013<\/em><\/strong><\/p>\n","protected":false},"excerpt":{"rendered":"<p>\u00a0I nderuar Dr. Gjon Bucaj, Kryetar i Vatr\u00ebs! T\u00eb nderuar an\u00ebtar\u00eb t\u00eb Vatr\u00ebs t\u00eb mbledhur n\u00eb k\u00ebt\u00eb Kuvend! T\u00eb nderuar miq dhe t\u00eb ftuar!<\/p>\n","protected":false},"author":1,"featured_media":0,"comment_status":"open","ping_status":"open","sticky":false,"template":"","format":"standard","meta":{"footnotes":""},"categories":[12],"tags":[],"class_list":["post-2770","post","type-post","status-publish","format-standard","hentry","category-jete-komuniteti"],"_links":{"self":[{"href":"https:\/\/revistakuvendi.org\/index.php?rest_route=\/wp\/v2\/posts\/2770","targetHints":{"allow":["GET"]}}],"collection":[{"href":"https:\/\/revistakuvendi.org\/index.php?rest_route=\/wp\/v2\/posts"}],"about":[{"href":"https:\/\/revistakuvendi.org\/index.php?rest_route=\/wp\/v2\/types\/post"}],"author":[{"embeddable":true,"href":"https:\/\/revistakuvendi.org\/index.php?rest_route=\/wp\/v2\/users\/1"}],"replies":[{"embeddable":true,"href":"https:\/\/revistakuvendi.org\/index.php?rest_route=%2Fwp%2Fv2%2Fcomments&post=2770"}],"version-history":[{"count":2,"href":"https:\/\/revistakuvendi.org\/index.php?rest_route=\/wp\/v2\/posts\/2770\/revisions"}],"predecessor-version":[{"id":3329,"href":"https:\/\/revistakuvendi.org\/index.php?rest_route=\/wp\/v2\/posts\/2770\/revisions\/3329"}],"wp:attachment":[{"href":"https:\/\/revistakuvendi.org\/index.php?rest_route=%2Fwp%2Fv2%2Fmedia&parent=2770"}],"wp:term":[{"taxonomy":"category","embeddable":true,"href":"https:\/\/revistakuvendi.org\/index.php?rest_route=%2Fwp%2Fv2%2Fcategories&post=2770"},{"taxonomy":"post_tag","embeddable":true,"href":"https:\/\/revistakuvendi.org\/index.php?rest_route=%2Fwp%2Fv2%2Ftags&post=2770"}],"curies":[{"name":"wp","href":"https:\/\/api.w.org\/{rel}","templated":true}]}}