{"id":2765,"date":"2013-04-29T12:14:30","date_gmt":"2013-04-29T12:14:30","guid":{"rendered":"http:\/\/revistakuvendi.org\/?p=2765"},"modified":"2013-04-29T12:14:45","modified_gmt":"2013-04-29T12:14:45","slug":"cfare-i-bashkon-tadicin-qosen-dhe-ramen","status":"publish","type":"post","link":"https:\/\/revistakuvendi.org\/?p=2765","title":{"rendered":"\u00c7FAR\u00cb I BASHKON TADI\u00c7IN, QOSEN DHE RAM\u00cbN?"},"content":{"rendered":"<p><a href=\"http:\/\/revistakuvendi.org\/wp-content\/uploads\/2013\/04\/rexhepi.jpg\"><img loading=\"lazy\" decoding=\"async\" class=\"alignleft size-full wp-image-2766\" title=\"rexhepi\" src=\"http:\/\/revistakuvendi.org\/wp-content\/uploads\/2013\/04\/rexhepi.jpg\" alt=\"\" width=\"318\" height=\"238\" srcset=\"https:\/\/revistakuvendi.org\/wp-content\/uploads\/2013\/04\/rexhepi.jpg 318w, https:\/\/revistakuvendi.org\/wp-content\/uploads\/2013\/04\/rexhepi-300x224.jpg 300w\" sizes=\"auto, (max-width: 318px) 100vw, 318px\" \/><\/a>REXHEP SHAHU<\/p>\n<p>&nbsp;<\/p>\n<p>Nj\u00eb kordinim i friksh\u00ebm i Serbis\u00eb p\u00ebrmes ish presidentit Tadi\u00e7, i Greqis\u00eb p\u00ebrmes Papandreut dhe Internacionales Socialiste, duke angazhuar renegat\u00eb shqiptar\u00eb si argat\u00eb t\u00eb dre\u00e7it t\u00eb tipit Rexhep Qose,<!--more--> me q\u00ebllimin e vet\u00ebm final rr\u00ebzimin e Sali Berish\u00ebs nga pushteti dhe instalimin n\u00eb pushtet n\u00eb Shqip\u00ebri t\u00eb socialist\u00ebve shqiptar\u00eb.<\/p>\n<p>Shkaku i v\u00ebrtet\u00eb \u00ebsht\u00eb q\u00eb t\u00eb mos lejohet Shqip\u00ebria t\u00eb ec\u00eb p\u00ebrpara, t\u00eb mos b\u00ebhet ajo faktor qendror n\u00eb rajon dhe t\u00eb mos ngjall\u00eb shqiptarin\u00eb n\u00eb rajon, t\u00eb mos mundet askush nga shqiptar\u00ebt t\u00eb mendoj\u00eb dhe \u00ebnd\u00ebrroj\u00eb bashkimin komb\u00ebtar p\u00ebr t\u00eb cilin punon Sali Berisha dhe nuk e p\u00ebrllom me fjal\u00eb.<\/p>\n<p>Sinjalet u dhan\u00eb q\u00eb n\u00eb festimet e 100 vjetorit t\u00eb shtetit shqiptar. P\u00ebrve\u00e7 grek\u00ebve dhe maqedonasve, m\u00eb me vrull kund\u00ebr nacionalizmit t\u00eb sh\u00ebndetsh\u00ebm shqiptar u hodh kryetari i Partis\u00eb Socialiste t\u00eb Shqip\u00ebris\u00eb, t\u00eb cilit, si\u00e7 po del k\u00ebto dit\u00eb, serb\u00ebt dhe grek\u00ebt i kan\u00eb premtuar si k\u00ebmbim se e sjellin n\u00eb pushtet n\u00eb Shqip\u00ebri kund\u00ebr Sali Berish\u00ebs, i cili n\u00eb gjith\u00eb projektin e tij politik afatgjat\u00eb ka punuar p\u00ebr bashkimin komb\u00ebtar. Dhe puna m\u00eb e v\u00ebshtir\u00eb q\u00eb ai e kreu me sukses n\u00eb sh\u00ebrbim t\u00eb bashkimit komb\u00ebtar ishte ndertimi i Udh\u00ebs s\u00eb Kombit q\u00eb e bashkoi fizikisht kombin shqiptar, Shqip\u00ebrin\u00eb me Kosov\u00ebn, projekt komb\u00ebtar q\u00eb u kund\u00ebrshtua fort nga Edi Rama dhe nj\u00eb \u00e7et\u00eb e tij.<\/p>\n<p>P\u00ebr Tadi\u00e7in nuk kam dilem\u00eb se ai e din dhe njeh mir\u00eb historin\u00eb e krijimit t\u00eb Partis\u00eb Komuniste t\u00eb Shqip\u00ebris\u00eb nga Miladin Popovici, Dushan Mugosha dhe serb\u00eb t\u00eb tjer\u00eb n\u00ebn k\u00ebshillimin e Titos. Dhe atij, si nacionalist serb, i intereson m\u00eb s\u00eb shumti q\u00eb pasuesit e partis\u00eb s\u00eb Enver Hoxh\u00ebs t\u00eb jen\u00eb n\u00eb pushtet n\u00eb Shqi\u00ebpri.<\/p>\n<p>P\u00ebr shokun Rexhep Qose nuk kam dilem\u00eb se ai me nd\u00ebrgjegje i sh\u00ebrben projektit t\u00eb Tadi\u00e7it dhe internacionales socialiste q\u00eb t\u00eb rr\u00ebzoj\u00eb nga pushteti Sali Berish\u00ebn i cili \u00ebsht\u00eb problematik p\u00ebr Serbin\u00eb e Greqin\u00eb sepse k\u00ebrkon dhe punon p\u00ebr bashkimin komb\u00ebtar t\u00eb shqiptar\u00ebve n\u00eb trojet e tyre dhe si figur\u00eb shqiptare len n\u00ebn hije Qosen, I cili urren Berish\u00ebn dhe Kadaren\u00eb, t\u00eb cil\u00ebt ia z\u00ebn\u00eb diellin.<\/p>\n<p>P\u00ebr Edi Ram\u00ebn druaj t\u00eb them se \u00ebsht\u00eb n\u00eb sh\u00ebrbim t\u00eb serb\u00ebve e grek\u00ebve, por lakmia p\u00ebr pushtetin e b\u00ebn t\u00eb verb\u00ebr.<\/p>\n<p>P\u00ebr socialist\u00ebt e ndersh\u00ebm shqiptar\u00eb, patriot\u00eb, atdhetar\u00eb, nacionalist\u00eb nuk dyshoj se s\u2019jan\u00eb kund\u00ebr Serbis\u00eb e Greqis\u00eb, por tronditem si nuk kuptojn\u00eb e mendojn\u00eb se nuk b\u00ebhet fjal\u00eb p\u00ebr t\u00eb ardh\u00eb n\u00eb pushtet PS apo Edi Rama, por b\u00ebhet fjal\u00eb dhe synohet t\u00eb rr\u00ebzohet Berisha.<\/p>\n<p>Edi Rama e din m\u00eb mir\u00eb se un\u00eb se Berisha \u00ebsht\u00eb lider rreth t\u00eb cilit bashkohen shqiptar\u00ebt e rajonit m\u00eb shum\u00eb se sa u bashkohen gjith\u00eb liderve t\u00eb tjer\u00eb shqiptar\u00eb t\u00eb marr\u00eb s\u00eb bashku.<\/p>\n<p>Por p\u00ebr hir t\u00eb asaj q\u00eb t\u00eb b\u00ebhet kryeminist\u00ebr, Edi Rama b\u00ebri gabim t\u00eb madh, vetvrasje politike n\u00eb Shkod\u00ebr, duke marr\u00eb zvarr\u00eb edhe Ilir Met\u00ebn, n\u00eb sy t\u00eb Tadi\u00e7it dhe t\u00eb gjith\u00eb opinionit. Rama u bekua nga Tadi\u00e7i p\u00ebr pushtet. Mungonte kryeprifti serb aty.<\/p>\n<p>Edi Rama mund t\u00eb b\u00ebhet dhe do t\u00eb b\u00ebhet nj\u00eb dit\u00eb kryeminist\u00ebr, por jo shqiptar i madh, jo patriot. Sepse \u00e7do dit\u00eb, un\u00eb dhe \u00e7do shqiptar, nuk do t\u00eb mund t\u00eb harrojm\u00eb se Edi Ram\u00ebn e solli n\u00eb pushtet dhe e b\u00ebri kryeminist\u00ebr Serbia dhe Tadi\u00e7i, Papandreu dhe Greqia dhe Internacionalja Socialiste, duke p\u00ebrdor\u00eb edhe politikanin Rexhep Qose, i cili urdh\u00ebrohet nga Serbia t\u00eb luftoj\u00eb e vras\u00eb Sali Berish\u00ebn.<\/p>\n<p>&nbsp;<\/p>\n","protected":false},"excerpt":{"rendered":"<p>REXHEP SHAHU &nbsp; Nj\u00eb kordinim i friksh\u00ebm i Serbis\u00eb p\u00ebrmes ish presidentit Tadi\u00e7, i Greqis\u00eb p\u00ebrmes Papandreut dhe Internacionales Socialiste, duke angazhuar renegat\u00eb shqiptar\u00eb si argat\u00eb t\u00eb dre\u00e7it t\u00eb tipit Rexhep Qose,<\/p>\n","protected":false},"author":1,"featured_media":0,"comment_status":"open","ping_status":"open","sticky":false,"template":"","format":"standard","meta":{"footnotes":""},"categories":[3],"tags":[],"class_list":["post-2765","post","type-post","status-publish","format-standard","hentry","category-politike"],"_links":{"self":[{"href":"https:\/\/revistakuvendi.org\/index.php?rest_route=\/wp\/v2\/posts\/2765","targetHints":{"allow":["GET"]}}],"collection":[{"href":"https:\/\/revistakuvendi.org\/index.php?rest_route=\/wp\/v2\/posts"}],"about":[{"href":"https:\/\/revistakuvendi.org\/index.php?rest_route=\/wp\/v2\/types\/post"}],"author":[{"embeddable":true,"href":"https:\/\/revistakuvendi.org\/index.php?rest_route=\/wp\/v2\/users\/1"}],"replies":[{"embeddable":true,"href":"https:\/\/revistakuvendi.org\/index.php?rest_route=%2Fwp%2Fv2%2Fcomments&post=2765"}],"version-history":[{"count":2,"href":"https:\/\/revistakuvendi.org\/index.php?rest_route=\/wp\/v2\/posts\/2765\/revisions"}],"predecessor-version":[{"id":2768,"href":"https:\/\/revistakuvendi.org\/index.php?rest_route=\/wp\/v2\/posts\/2765\/revisions\/2768"}],"wp:attachment":[{"href":"https:\/\/revistakuvendi.org\/index.php?rest_route=%2Fwp%2Fv2%2Fmedia&parent=2765"}],"wp:term":[{"taxonomy":"category","embeddable":true,"href":"https:\/\/revistakuvendi.org\/index.php?rest_route=%2Fwp%2Fv2%2Fcategories&post=2765"},{"taxonomy":"post_tag","embeddable":true,"href":"https:\/\/revistakuvendi.org\/index.php?rest_route=%2Fwp%2Fv2%2Ftags&post=2765"}],"curies":[{"name":"wp","href":"https:\/\/api.w.org\/{rel}","templated":true}]}}