{"id":2758,"date":"2013-04-29T12:02:00","date_gmt":"2013-04-29T12:02:00","guid":{"rendered":"http:\/\/revistakuvendi.org\/?p=2758"},"modified":"2013-04-29T12:02:00","modified_gmt":"2013-04-29T12:02:00","slug":"federata-panshqiptare-vatra-mbajti-kuvendin-e-saj-ne-nju-jork-kryetar-i-ri-u-zgjodhe-dr-gjon-bucaj","status":"publish","type":"post","link":"https:\/\/revistakuvendi.org\/?p=2758","title":{"rendered":"Federata PanShqiptare VATRA mbajti Kuvendin e saj n\u00eb Nju Jork &#8211; Kryetar i ri u zgjodh\u00eb Dr Gjon Bu\u00e7aj"},"content":{"rendered":"<p><a href=\"http:\/\/revistakuvendi.org\/wp-content\/uploads\/2013\/04\/vatra.png\"><img loading=\"lazy\" decoding=\"async\" class=\"alignleft size-full wp-image-2759\" title=\"vatra\" src=\"http:\/\/revistakuvendi.org\/wp-content\/uploads\/2013\/04\/vatra.png\" alt=\"\" width=\"960\" height=\"720\" srcset=\"https:\/\/revistakuvendi.org\/wp-content\/uploads\/2013\/04\/vatra.png 960w, https:\/\/revistakuvendi.org\/wp-content\/uploads\/2013\/04\/vatra-300x225.png 300w\" sizes=\"auto, (max-width: 960px) 100vw, 960px\" \/><\/a>Raport special nga Beqir SINA<\/p>\n<p><strong>VATRA: &#8220;Nj\u00eb jet\u00eb t\u00eb t\u00ebr\u00eb, n\u00eb sh\u00ebrbim t\u00eb Kombit&#8221;!<\/strong><\/p>\n<p><strong>YONKERS NEW YORK :<\/strong> Hapja e Kuvendit t\u00eb Fderat\u00ebs PanShqiptare t\u00eb Amerik\u00ebs, VATRA, u b\u00eb n\u00ebp\u00ebrmjet nj\u00eb p\u00ebrsh\u00ebndetje t\u00eb posa\u00e7me t\u00eb derguar nga Kryetari i Nderit,<!--more--> i k\u00ebsaj shoqate shqiptare, fatlume, zoti Agim Karagjozi, i cili, \u00ebsht\u00eb t\u00ebrhequr p\u00ebr asrye t\u00eb forta sh\u00ebndet\u00ebsore. Zoti Agim Karagjozi, gjithashtu \u00ebsht\u00eb shpall kryetar nderi i p\u00ebrjetsh\u00ebm i Vatr\u00ebs, titull, q\u00eb deri tani i \u00ebsht\u00eb dh\u00ebn\u00eb vet\u00ebm t\u00eb ndjerit Anthony Athanas.<\/p>\n<p>N\u00eb k\u00ebt\u00eb Kuvend, mor\u00ebn pjes\u00eb dhjetra delegat\u00eb, dhe mysafir\u00eb t\u00eb nderuar dashamir\u00eb t\u00eb Vatr\u00ebs, nga Nju Jorku, dhe zona e &#8220;Tri Shteteve&#8221;, Detrioiti, Uashingtoni, Florida, Bostoni e t\u00eb tjer\u00eb. Kuvend i 27 prill 2013, n\u00eb Yonkers New York, u mbajt 20 vjet\u00eb mbasi inxhinier Agim Karagjozi u zgjodh\u00eb kryetar, detyr\u00eb t\u00eb cil\u00ebn e kreu me nj\u00eb vullnet dhe p\u00ebrkushtim t\u00eb pashoq\u00eb, deri n\u00eb dor\u00ebheqje.<\/p>\n<p>Mbas zgjedhjes s\u00eb Komisionit prej tre vet\u00ebsh, p\u00ebr verifikimin e kredencialeve t\u00eb delegat\u00ebve, Kryetari i Kuvendit t\u00eb Vatr\u00ebs, u votua zoti Asllan Bushati, sekretar u zgjodh\u00ebn Mondi Rakaj dhe Naze Veliu, t\u00eb cil\u00ebt ndoq\u00ebn dhe procedur\u00ebn e k\u00ebtij Kuvendi n\u00eb baz\u00eb t\u00eb Kanunores s\u00eb shoqat\u00ebs VATRA.<\/p>\n<p>M\u00eb pas\u00eb u k\u00ebnduan Hymnet komb\u00ebtare t\u00eb SHBA dhe Shqip\u00ebris\u00eb nga k\u00ebng\u00ebtaria e mir\u00ebnjohur Merita Halili, lujtur n\u00eb firsamonik nga mjeshtri i fisarmonik\u00ebs Raif Hyseni. Kurse, udh\u00ebheq\u00ebsi i k\u00ebtij Kuvendi, kryetari i saj, zoti Aslan Bushati, k\u00ebrkoj\u00eb q\u00eb me nj\u00eb minut\u00eb heshtje t\u00eb pranishmit t\u00eb nderonin t\u00eb gjith\u00eb t\u00eb r\u00ebn\u00ebt e Kombit amerikan dhe t\u00eb Shqip\u00ebris\u00eb.<\/p>\n<p>Ministri i Diaspor\u00ebs s\u00eb Kosov\u00ebs, zoti Ibrahim Makolli, duke i uruar pun\u00eb t\u00eb mbar\u00eb k\u00ebtij Kuvendi, tha se Vatra ishte adresa e vetme q\u00eb u drejtuan shqiptar\u00ebt, prej kolonive t\u00eb para dhe ishte institucioni i vet\u00ebm shqiptar\u00eb n\u00eb bot\u00eb q\u00eb mbajti gjall\u00eb frym\u00ebn komb\u00ebtare., Sot ne kemi nderin t\u00eb kujtojm\u00eb t\u00eb gjith\u00eb atat Vatran\u00eb, veprimtar\u00eb dhe aktivist\u00eb t\u00eb \u00e7\u00ebshtjes ton\u00eb komb\u00ebtare, q\u00eb nuk jan\u00eb m\u00eb n\u00eb mesin ton\u00eb. T\u00eb kujtojm\u00eb, dy kolos\u00ebt e Vatr\u00ebs, Nolin e Konic\u00ebn, t\u00eb cil\u00ebt m\u00eb mir\u00eb se secili tjet\u00ebr shqiptar\u00eb, e jet\u00ebsuan th\u00ebnj\u00ebn n\u00eb praktik\u00eb t\u00eb rilindasve tan\u00eb, &#8220;Nj\u00eb jet\u00eb t\u00eb t\u00ebr\u00eb n\u00eb sh\u00ebrbim t\u00eb Kombit&#8221;.<\/p>\n<p>&#8220;Vatra dhe vatran\u00ebt e vun\u00eb nj\u00eb jet\u00eb n\u00eb sh\u00ebrbim t\u00eb kombit, theksoi n\u00eb fjal\u00ebn e tij ministri Makolli dhe prandaj ne sot duke iu faleminderuar gjith\u00eb k\u00ebtij kontributi t\u00eb madh, kemi sh\u00ebnuar 100 vjetorin e themelimit t\u00eb shtetit shqiptar\u00eb, dhe kemi sh\u00ebnuar gjithashtu edhe 14- vjetorin e \u00e7lirimit t\u00eb Kosov\u00ebs dhe 5 vjetorin e pavar\u00ebsis\u00eb s\u00eb saj.<\/p>\n<p>N\u00eb fund zoti Makolli ka shtuar se Vatra paraqet nj\u00eb pjes\u00eb t\u00eb realizmit t\u00eb idealit t\u00eb vatran\u00ebve, t\u00eb atyre t\u00eb cil\u00ebve asnj\u00ebher\u00eb nuk pushuan n\u00eb drejtim t\u00eb realizmit t\u00eb idealit t\u00eb tyre komb\u00ebtar, rilindas\u00ebve tan\u00eb dhe Lidhjes Shqiptare t\u00eb Prizerenit &#8211; me lejtmotivin e tyre: &#8221; Nj\u00eb Komb dhe nj\u00eb Q\u00ebndrim&#8221;.<\/p>\n<p>Asambleisti i par\u00eb dhe i vet\u00ebm shqiptar\u00eb n\u00eb Amerik\u00eb, zoti Mark Gjonaj, duke p\u00ebrsh\u00ebndetur Kuvendin e Vatr\u00ebs, uroj\u00eb q\u00eb Vatra t\u00eb punoj\u00eb mbas k\u00ebtyre 100 vjet\u00ebve edhe p\u00ebr nj\u00eb jet\u00ebgjat\u00ebsi tjet\u00ebr 100 vje\u00e7are.<\/p>\n<p>&#8220;Un\u00eb, tha zoti Gjonaj si shqiptar\u00eb dhe si nj\u00eb Vatran i mir\u00eb, e kam p\u00ebrkrahur dhe do t\u00eb p\u00ebrkrah Vatar\u00ebn p\u00ebr rolin dhe kontributin e saj, n\u00eb vite p\u00ebr \u00e7\u00ebshtjen ton\u00eb komb\u00ebtare, dhe k\u00ebrkoj\u00eb nga ju t\u00eb gjith\u00eb vatran\u00ebt q\u00eb s\u00eb bashku me ne t\u00eb mendojm\u00eb seriozisht p\u00ebr t\u00eb ardhmen e Vatr\u00ebs, p\u00ebr vazhduar vepr\u00ebn e atyre burrave dhe grave q\u00eb u dedikuan gjat\u00eb gjith\u00eb k\u00ebsa kohe p\u00ebr Kombin ton\u00eb&#8221;.<\/p>\n<p>&#8220;Vatra me vite t\u00eb t\u00ebra u sh\u00ebnd\u00ebrrua me t\u00eb v\u00ebrtet n\u00eb nj\u00eb &#8220;Vat\u00ebr zjarri&#8221; u shpreh n\u00eb fjal\u00ebn p\u00ebrsh\u00ebndet\u00ebse, Ambasadori Bekim Sjediu, Konsulli i P\u00ebrgjithsh\u00ebm i Kosov\u00ebs n\u00eb Nju Jork, at\u00eb t\u00eb p\u00ebrpjekjeve t\u00eb m\u00ebdha dhe t\u00eb parreshtura n\u00eb Shtetet e Bashkuara t\u00eb Amerik\u00ebs, q\u00eb b\u00ebn\u00eb shqiptar\u00ebt, prej themelimit t\u00eb saj. Ajo, u gjend n\u00eb dit\u00ebt m\u00eb t\u00eb v\u00ebshtira p\u00ebr kombin ton\u00eb, at\u00ebhere kur mungonte shteti shqiptar\u00eb, dhe udheheq\u00ebsit e par\u00eb t\u00eb saj Noli, Konica, Peci, Ko\u00e7i, Vasili, \u00c7erkezi, e shum\u00eb t\u00eb tjer\u00eb, i prin\u00eb \u00e7\u00ebshtjes ton\u00eb, n\u00eb SHBA&#8221;<\/p>\n<p>Ambasdori Sejdiu, vuri n\u00eb pah se Vatra q\u00ebndron sot si simbol i p\u00ebrpjekjeve t\u00eb shqiptar\u00ebve n\u00eb Shtetet e Bashkuara t\u00eb Amerik\u00ebs, p\u00ebr t&#8217;i dal\u00eb zot shqiptar\u00ebve n\u00eb trojet e tyre dhe atdheun e tyre. P\u00ebr m\u00eb tep\u00ebr, tha ai, Vatra, vazhdon t\u00eb mbetet nj\u00eb shtyll\u00eb, q\u00eb ka edhe nj\u00eb simbolik t\u00eb ve\u00e7ant\u00eb, p\u00ebrsa i p\u00ebrket p\u00ebrpjekjeve t\u00eb shqiptar\u00ebve t\u00eb Amerik\u00ebs, p\u00ebr t&#8217;i ruajtur vlerat e traditat tona komb\u00ebtare n\u00eb diaspor\u00eb.<\/p>\n<p>&#8221; Duke shfryt\u00ebzuar rastin, tha Sejdiu, i b\u00ebj\u00eb thirrje Vatr\u00ebs, dhe n\u00ebp\u00ebrmjet saj n\u00eb k\u00ebt\u00eb Kuvend edhe organizatave t\u00eb tjera, n\u00eb SHBA, q\u00eb veprimtarin\u00eb e tyre, le t&#8217;a p\u00ebrqendrojn\u00eb tash e tutje, tek brezat e ri, shqiptaro &#8211; amerikan\u00ebt e rinj\u00eb, ata q\u00eb bartin tek k\u00ebta virtytet dhe vlerat tona komb\u00ebtare, ata q\u00eb bartin edhe at\u00eb p\u00ebrkrhajen e madhe, q\u00eb i erdhi kombit shqiptar\u00eb, n\u00eb dit\u00ebt m\u00eb t\u00eb v\u00ebshtira nga p\u00ebrtej Atlantikut, dhe k\u00ebndej &#8211; qoft\u00eb nga shqiptaro amerikan\u00ebt, edhe nga SHBA, nga ky vend i madh dhe mik i madh i Kosov\u00ebs dhe Shqip\u00ebris\u00eb, &#8221; ka p\u00ebrfundur fjal\u00ebn e tij &#8211; p\u00ebrsh\u00ebndet\u00ebse ambasadori Bekim Sjediu, Konsulli i P\u00ebrgjithsh\u00ebm i Kosov\u00ebs n\u00eb Nju Jork.<\/p>\n<p>Kuvendin e Vatr\u00ebs e p\u00ebrsh\u00ebndeti edhe Konsulli i P\u00ebrgjith\u00ebsh\u00ebm i Shqip\u00ebris\u00eb n\u00eb Nju Jork, zoti Dritan Mishto, i cili tha se &#8220;Ato thinjat e juaja mbi kok\u00eb, jan\u00eb energjia dhe puna e madhe q\u00eb keni b\u00ebr\u00eb ju dhe t\u00eb gjith\u00eb vatran\u00ebt prej themelimit t\u00eb saj &#8211; I d\u00ebshiroj\u00eb pun\u00eb t\u00eb mbar\u00eb k\u00ebtij Kuvendi t\u00eb madh dhe suksese n\u00eb t\u00eb ardhmen, tha zoti Mishto.<\/p>\n<p>Zoti Hafiz Shala, nj\u00eb veprimtari i njohur, dhe an\u00ebtari i Bordit t\u00eb Drejtor\u00ebve t\u00eb Lidhejs Qytetare Shqiptaro Amerikane -LQSHA, e quajti p\u00ebrvilegj dhe nder, q\u00eb ai po e p\u00ebrsh\u00ebndet\u00ebte n\u00eb k\u00ebt\u00eb Kuvend t\u00eb shoqat\u00ebs Vatra, n\u00eb em\u00ebr t\u00eb LQSHA, lobit t\u00eb par\u00eb shqiptar\u00eb n\u00eb Amerik\u00eb, dhe t\u00eb vet\u00ebmit dedikuar \u00e7\u00ebshtjes komb\u00ebtare dhe presidentit t\u00eb saj Joe Dioguardit, si u shpreh ai.<\/p>\n<p>Zoti Idriz Lamaj lexoi nj\u00eb mesazh nga z. Mal Berisha, An\u00ebtar Nderi i Vatr\u00ebs, Ambasador i Republik\u00ebs s\u00eb Shqip\u00ebris\u00eb n\u00eb Lond\u00ebr, autor i botimit mbi jet\u00ebn dhe vepr\u00ebn e Amerikanit &#8220;Charles Telford Erickson, mik i madh i shqiptar\u00ebve&#8221;. Kuvendin e Vatr\u00ebs e p\u00ebrsh\u00ebndeti gjithashtu edhe nga Shoqata Kombi n\u00eb Massachusetts, zoti Artu Vrekaj, iniciatori p\u00ebr krijimin e deg\u00ebs s\u00eb Vatr\u00ebs n\u00eb k\u00ebt\u00eb shtet.<\/p>\n<p><strong><em>Kuvendin e Shoqat\u00ebs PanShqiptare t\u00eb Amerik\u00ebs, VATRA, e p\u00ebrsh\u00ebndeti edhe Mayori i Qarkut t\u00eb Yonkersit, zoti Mike Spano, dhe asambleistia e Nju Jorkut, Shelley Mayer, dhe miku i madh i shqiptar\u00ebve n\u00eb kongresin Amerikan, Eliot Eng\u00ebl.<\/em><\/strong><\/p>\n<p>Seanca e par\u00eb e Kuvendit t\u00eb Vatr\u00ebs, vazhdoi pun\u00ebn e saj me leximi i mesazheve p\u00ebrsh\u00ebndet\u00ebse: Dega Washington DC, Znj. Merita Bajraktari-McCormack( u lexua n\u00eb munges\u00eb), Dega Michigan, z. Alfons Grishaj; Dega Hudson Valley, z. Elmi Berisha; Dega South Florida, z. Kolec Ndoja, Dega Jacksonville, Florida, z. Adriatik Spahiu; Dega Queens, NY, dr. Skender Myrtezani; Dega South Westchester, NY, z. Nick Markolaj; Dega Ne\u00ebburgh, NY, dr Nexhat Kalici.<\/p>\n<p>M\u00eb pas\u00eb u lexua raporti i kryetarit dor\u00ebheq\u00ebs, Dr. Gjon Bu\u00e7aj<\/p>\n<p>Nj\u00eb Raport mbi gj\u00ebndjen financiare u mbajt\u00eb nga Ark\u00ebtari i deritanish\u00ebm, z. Deni Blloshmi nd\u00ebrsa Raporti i tjet\u00ebr i p\u00ebrgjith\u00ebsh\u00ebm, u mbajt nga Kryetari i Fondacionit \u201cVatra Foundation, Inc.\u201d, Dr. N. Kalici. Kurse, Raporti i Fondit t\u00eb Studentave \u201cVatra Educational Foundation\u201d u mbajt nga z. Mithat Gashi dhe Raporti i i Editorit t\u00eb gazet\u00ebs \u201cDielli\u201d, z. Dalip Greca, mbylli pun\u00ebn e Seanc\u00ebs s\u00eb par\u00eb.<\/p>\n<p><strong>Seanca e dyt\u00eb:<\/strong><\/p>\n<p>Me shpalljen e dy kandidaturave, at\u00eb t\u00eb kryetarit t\u00eb dor\u00ebhequr, dr Gjon Bu\u00e7aj, dhe oponetit t\u00eb tij &#8211; Nick Markolaj, kryetar i deg\u00ebs s\u00eb Westcheterit, u shpalos\u00ebn pikpamjet e tyre p\u00ebr Vatr\u00ebn, dhe u fol\u00eb gjer\u00ebsiht p\u00ebr t\u00eb ardhmen e Vatr\u00ebs, n\u00eb kushtet e nj\u00eb zhvillimi dhe p\u00ebrparimit t\u00eb saj bashk\u00ebkohor, me q\u00ebllim q\u00eb Vatra t\u00eb forcohet edhe me shum\u00eb, duke ia besuar t\u00eb ardhmen e saj, brezit t\u00eb ri, t\u00eb shkolluar dhe edukuar n\u00eb SHBA, intensifikimin e p\u00ebrpjekjeve p\u00ebr gjall\u00ebrimin e aktivitetit t\u00eb Federat\u00ebs m\u00eb t\u00eb vjet\u00ebr t\u00eb shqiptar\u00ebve n\u00eb diaspor\u00eb.,<\/p>\n<p>Rradh\u00ebt e Vatr\u00ebs u tha n\u00eb Kuvend, duhet t\u00eb mbushen me t\u00eb rinj\u00ebt shqiptar\u00eb n\u00eb Amerik\u00eb, q\u00eb duke ndjekur rrug\u00ebn e vatran\u00ebve, t\u00eb vjet\u00ebr, t\u00eb cil\u00ebt duhet t\u00eb jen\u00eb n\u00eb krye t\u00eb saj dhe flakadani i Vatr\u00ebs 100 vje\u00e7are. k\u00ebsaj shoqate q\u00eb lindi pak m\u00eb par\u00eb se pavar\u00ebsia e Shqip\u00ebris\u00eb.<\/p>\n<p>Kreu i Vatran\u00ebve n\u00eb veri t\u00eb Nju Jorkut, zoti Markola, b\u00ebri nj\u00eb prezantim jasht\u00ebzakonisht t\u00eb shk\u00eblqyer p\u00ebr projektin e tij, p\u00ebr t\u00eb ardh\u00ebmen e Vatr\u00ebs, me titull &#8220;Vatra nes\u00ebr &#8211; VATRA Tomorrow &#8221; n\u00ebp\u00ebrmjet nj\u00eb video projeksioni, interesat, duke marr\u00eb me vete nj\u00eb respekt dhe mir\u00ebnjohje t\u00eb thell\u00eb nga t\u00eb gjith\u00eb delegat\u00ebt e Kuvendit, por, edhe nga vet\u00eb kryetari i Vatr\u00ebs Dr. Gjon Bu\u00e7aj, i cili e p\u00ebrg\u00ebzoj\u00eb Markol\u00ebn, p\u00ebr idet\u00eb e tija p\u00ebr t\u00eb ardhmen e Vatr\u00ebs.<\/p>\n<p>Markola, tha se &#8220;n\u00eb rrethanat e reja, ku k\u00ebrkohet nj\u00eb rit\u00ebm i ri pune n\u00eb p\u00ebrshtatje me koh\u00ebn tekonologjin\u00eb dhe m\u00ebnyr\u00ebn e re t\u00eb organizmit, p\u00ebr ta gjall\u00ebruar Federat\u00ebn Panshqiptare \u201cVatra\u201d, pik\u00ebs\u00eb pari duhet p\u00ebr t\u00eb shtuar me an\u00ebtar\u00eb t\u00eb rinj dhe p\u00ebr t\u00eb ngritur edhe m\u00eb shum\u00eb deg\u00eb n\u00ebp\u00ebr shtete t\u00eb Amerik\u00ebs e Kanada, rritur an\u00eb finanaciere dhe duhet futur nj\u00eb frym\u00eb e re&#8221;, tha Markola.<\/p>\n<p>M\u00eb pas\u00eb u kalua n\u00eb diskutimet e kryetar\u00ebve t\u00eb deg\u00ebve dhe an\u00ebtarve t\u00eb Vatr\u00ebs, t\u00eb cil\u00ebt dhan\u00eb dhe disa propozime per ndryshimet n\u00eb Kanunoren e Vatr\u00ebs.<\/p>\n<p>N\u00eb seanc\u00ebn e dyt\u00eb t\u00eb k\u00ebtij Kuvendi nisi proceduar p\u00ebr zgjedhjen e kryetarit t\u00eb ri, i cili u propozua vet\u00eb-kandidim. Me &#8220;t\u00ebrheqjen&#8221; n\u00eb momentin e fundit t\u00eb votimit, nga Nick Markola, Dr Gjon Bu\u00e7aj, u shpall Kryetari i ardh\u00ebsh\u00ebm i Federat\u00ebs PanShqiptare Vatra nga Kryetari i Kuvendit t\u00eb Vatr\u00ebs, zoti Asllan Bushati, n\u00eb mes duratrokitjeve.<\/p>\n<p>Me k\u00ebt\u00eb rast Kuvendi i Vatr\u00ebs, vler\u00ebsoi kontributin e dr. Gjon Bu\u00e7aj, i cili realisht ka qen\u00eb nj\u00eb ndihm\u00ebs i af\u00ebrt i kryetarit Karagjozi, dhe ka kryer disa vite detyr\u00ebn e n\u00ebn\/kryetarit t\u00eb Vatr\u00ebs, dhe \u00ebsht\u00eb treguar i palodhur dhe i p\u00ebrkushtuar. N\u00eb k\u00ebt\u00eb mynyr\u00eb Kuvendi i Vatr\u00ebs, votoi unanimisht dr. Gjon Bu\u00e7ajn si kryetar t\u00eb Vatr\u00ebs, deri n\u00eb Kuvendin e ardhsh\u00ebm..<\/p>\n<p>Kryetari i ri Dr. Gjon Bucaj, i cili \u00ebsht\u00eb kryetari i par\u00eb n\u00eb historin\u00eb e Vatr\u00ebs, i besimit katolik, vuri n\u00eb dukje &#8220;vler\u00ebn e lart\u00eb t\u00eb urt\u00ebsis\u00eb dhe p\u00ebrkushtimit t\u00eb jasht\u00ebzakonsh\u00ebm t\u00eb zotit Agim Karagjozi, n\u00eb udh\u00ebheqjen e Vatr\u00ebs&#8221;, dhe fal\u00ebnderoi at\u00eb dhe t\u00eb gjith\u00eb vatran\u00ebt p\u00ebr besimin q\u00eb i dhan\u00eb, duke e ngarkuar me drejtimin e Vatr\u00ebs deri n\u00eb Kuvendin e ardhsh\u00ebm. &#8220;I vet\u00ebdijsh\u00ebm p\u00ebr p\u00ebrgjegj\u00ebsin\u00eb e r\u00ebnd\u00eb t\u00eb k\u00ebsaj detyre&#8221; shtoi ai, &#8221; e pranoj duke u mb\u00ebshtetur n\u00eb besimin e t\u00eb gjith\u00eb Vatran\u00ebve se do t\u00eb punojm\u00eb edhe m\u00eb shum\u00eb s\u00eb bashku &#8220;.<\/p>\n<p>P\u00ebr nder t\u00eb mbylljes me sukses t\u00eb pun\u00ebs s\u00eb Kuvendit t\u00eb Vatr\u00ebs, n\u00eb lokalin e bukur Lighthouse Restaurant \u2013 n\u00eb City Island Avenue, Bronx, NY, u shtrua nj\u00eb dark\u00eb. Gjat\u00eb dark\u00ebs u dhan\u00eb \u00e7mimet \u201cAWARD OF MERIT\u201d disa vatran\u00ebve, t\u00eb dalluar p\u00ebr merita n\u00eb 30 vitet e fundit.<\/p>\n<p>Foto nga Beqir Sina:<\/p>\n<p><a href=\"http:\/\/revistakuvendi.org\/wp-content\/uploads\/2013\/04\/engel-bucaj.png\"><img loading=\"lazy\" decoding=\"async\" class=\"alignleft size-large wp-image-2763\" title=\"engel-bucaj\" src=\"http:\/\/revistakuvendi.org\/wp-content\/uploads\/2013\/04\/engel-bucaj-1024x682.png\" alt=\"\" width=\"620\" height=\"412\" srcset=\"https:\/\/revistakuvendi.org\/wp-content\/uploads\/2013\/04\/engel-bucaj-1024x682.png 1024w, https:\/\/revistakuvendi.org\/wp-content\/uploads\/2013\/04\/engel-bucaj-300x200.png 300w\" sizes=\"auto, (max-width: 620px) 100vw, 620px\" \/><\/a><\/p>\n<p><a href=\"http:\/\/revistakuvendi.org\/wp-content\/uploads\/2013\/04\/makolli-vatra.png\"><img loading=\"lazy\" decoding=\"async\" class=\"alignleft size-large wp-image-2762\" title=\"makolli-vatra\" src=\"http:\/\/revistakuvendi.org\/wp-content\/uploads\/2013\/04\/makolli-vatra-1024x682.png\" alt=\"\" width=\"620\" height=\"412\" srcset=\"https:\/\/revistakuvendi.org\/wp-content\/uploads\/2013\/04\/makolli-vatra-1024x682.png 1024w, https:\/\/revistakuvendi.org\/wp-content\/uploads\/2013\/04\/makolli-vatra-300x200.png 300w\" sizes=\"auto, (max-width: 620px) 100vw, 620px\" \/><\/a><\/p>\n<p><a href=\"http:\/\/revistakuvendi.org\/wp-content\/uploads\/2013\/04\/mishto-vatra.png\"><img loading=\"lazy\" decoding=\"async\" class=\"alignleft size-large wp-image-2761\" title=\"mishto-vatra\" src=\"http:\/\/revistakuvendi.org\/wp-content\/uploads\/2013\/04\/mishto-vatra-1024x682.png\" alt=\"\" width=\"620\" height=\"412\" srcset=\"https:\/\/revistakuvendi.org\/wp-content\/uploads\/2013\/04\/mishto-vatra-1024x682.png 1024w, https:\/\/revistakuvendi.org\/wp-content\/uploads\/2013\/04\/mishto-vatra-300x200.png 300w\" sizes=\"auto, (max-width: 620px) 100vw, 620px\" \/><\/a><\/p>\n<p><a href=\"http:\/\/revistakuvendi.org\/wp-content\/uploads\/2013\/04\/grishaj-vatra.png\"><img loading=\"lazy\" decoding=\"async\" class=\"alignleft size-large wp-image-2760\" title=\"grishaj-vatra\" src=\"http:\/\/revistakuvendi.org\/wp-content\/uploads\/2013\/04\/grishaj-vatra-1024x682.png\" alt=\"\" width=\"620\" height=\"412\" srcset=\"https:\/\/revistakuvendi.org\/wp-content\/uploads\/2013\/04\/grishaj-vatra-1024x682.png 1024w, https:\/\/revistakuvendi.org\/wp-content\/uploads\/2013\/04\/grishaj-vatra-300x200.png 300w\" sizes=\"auto, (max-width: 620px) 100vw, 620px\" \/><\/a><\/p>\n","protected":false},"excerpt":{"rendered":"<p>Raport special nga Beqir SINA VATRA: &#8220;Nj\u00eb jet\u00eb t\u00eb t\u00ebr\u00eb, n\u00eb sh\u00ebrbim t\u00eb Kombit&#8221;! YONKERS NEW YORK : Hapja e Kuvendit t\u00eb Fderat\u00ebs PanShqiptare t\u00eb Amerik\u00ebs, VATRA, u b\u00eb n\u00ebp\u00ebrmjet nj\u00eb p\u00ebrsh\u00ebndetje t\u00eb posa\u00e7me t\u00eb derguar nga Kryetari i Nderit,<\/p>\n","protected":false},"author":1,"featured_media":0,"comment_status":"open","ping_status":"open","sticky":false,"template":"","format":"standard","meta":{"footnotes":""},"categories":[12],"tags":[],"class_list":["post-2758","post","type-post","status-publish","format-standard","hentry","category-jete-komuniteti"],"_links":{"self":[{"href":"https:\/\/revistakuvendi.org\/index.php?rest_route=\/wp\/v2\/posts\/2758","targetHints":{"allow":["GET"]}}],"collection":[{"href":"https:\/\/revistakuvendi.org\/index.php?rest_route=\/wp\/v2\/posts"}],"about":[{"href":"https:\/\/revistakuvendi.org\/index.php?rest_route=\/wp\/v2\/types\/post"}],"author":[{"embeddable":true,"href":"https:\/\/revistakuvendi.org\/index.php?rest_route=\/wp\/v2\/users\/1"}],"replies":[{"embeddable":true,"href":"https:\/\/revistakuvendi.org\/index.php?rest_route=%2Fwp%2Fv2%2Fcomments&post=2758"}],"version-history":[{"count":1,"href":"https:\/\/revistakuvendi.org\/index.php?rest_route=\/wp\/v2\/posts\/2758\/revisions"}],"predecessor-version":[{"id":2764,"href":"https:\/\/revistakuvendi.org\/index.php?rest_route=\/wp\/v2\/posts\/2758\/revisions\/2764"}],"wp:attachment":[{"href":"https:\/\/revistakuvendi.org\/index.php?rest_route=%2Fwp%2Fv2%2Fmedia&parent=2758"}],"wp:term":[{"taxonomy":"category","embeddable":true,"href":"https:\/\/revistakuvendi.org\/index.php?rest_route=%2Fwp%2Fv2%2Fcategories&post=2758"},{"taxonomy":"post_tag","embeddable":true,"href":"https:\/\/revistakuvendi.org\/index.php?rest_route=%2Fwp%2Fv2%2Ftags&post=2758"}],"curies":[{"name":"wp","href":"https:\/\/api.w.org\/{rel}","templated":true}]}}