{"id":2721,"date":"2013-04-19T14:54:59","date_gmt":"2013-04-19T14:54:59","guid":{"rendered":"http:\/\/revistakuvendi.org\/?p=2721"},"modified":"2013-04-19T15:02:06","modified_gmt":"2013-04-19T15:02:06","slug":"bruksel-zyrtare-arrihet-marreveshja-kosove-serbi-2","status":"publish","type":"post","link":"https:\/\/revistakuvendi.org\/?p=2721","title":{"rendered":"Bruksel, zyrtare: Arrihet marr\u00ebveshja Kosove-Serbi"},"content":{"rendered":"<p><strong><a href=\"http:\/\/revistakuvendi.org\/wp-content\/uploads\/2013\/04\/Thaqi.jpg\"><img loading=\"lazy\" decoding=\"async\" class=\"alignleft size-full wp-image-2722\" title=\"Thaqi\" src=\"http:\/\/revistakuvendi.org\/wp-content\/uploads\/2013\/04\/Thaqi.jpg\" alt=\"\" width=\"530\" height=\"280\" srcset=\"https:\/\/revistakuvendi.org\/wp-content\/uploads\/2013\/04\/Thaqi.jpg 530w, https:\/\/revistakuvendi.org\/wp-content\/uploads\/2013\/04\/Thaqi-300x158.jpg 300w\" sizes=\"auto, (max-width: 530px) 100vw, 530px\" \/><\/a>PRISHTINE<\/strong>-Kryeministri i Kosov\u00ebs, Hashim Tha\u00e7i, ka n\u00ebnshkruar tekstin e marr\u00ebveshjes, e cila i \u00ebsht\u00eb afruar nga shefja p\u00ebr politik\u00eb t\u00eb jashtme t\u00eb BE-s\u00eb, Catherine Ashton.<!--more--><br \/>\nK\u00ebshilltari i kryeministrit Tha\u00e7i, Bekim \u00c7ollaku, tha se i mbetet pal\u00ebs serbe q\u00eb gjat\u00eb or\u00ebve t\u00eb dit\u00ebs s\u00eb sotme t\u00eb vendose n\u00ebse do ta pranoj\u00eb k\u00ebt\u00eb marr\u00ebveshje, e cila do t\u00eb \u00e7oj n\u00eb normalizim t\u00eb marr\u00ebdh\u00ebnieve midis Kosov\u00ebs dhe Serbis\u00eb.<\/p>\n<p>\u201cMarr\u00ebveshja \u00ebsht\u00eb arritur\u201d, ka th\u00ebn\u00eb \u00c7ollaku p\u00ebr Express e RTK.<\/p>\n<p>Edhe Ministrja Vlora \u00c7itaku ka konfirmuar arritjen e marr\u00ebveshjes. &#8220;And the white smoke is out! Habemus pactum! Happy&#8221;, ka shkruar ajo n\u00eb Twitter, q\u00eb shqip perkthehet, &#8220;Doli tymi i bardh\u00eb, kemi marr\u00ebveshje. E lumtur&#8221;.<\/p>\n<p><strong>NATO?<br \/>\n<\/strong>Lajmet e fundit nga Brukseli thon\u00eb se n\u00eb dialogun n\u00eb mes t\u00eb Kosov\u00ebs dhe Serbis\u00eb p\u00ebrve\u00e7 Bashkimit Evropian do t\u00eb nisin pergatitjet per aderimin edhe ne NATO.<br \/>\nSekretari i P\u00ebrgjithsh\u00ebm i NATO-s\u00eb Anders Fogh Rasmussen do t\u00eb takohet me t\u00eb dyja delegacionet, at\u00eb t\u00eb Prishtin\u00ebs dhe t\u00eb Beogradit.<\/p>\n<p>Raportohet se delegacioni serb k\u00ebrkon siguri nga Rasmussen, sidomos p\u00ebr prezenc\u00ebn e FSK-s\u00eb n\u00eb veri t\u00eb Kosov\u00ebs.<\/p>\n<p>Takimi tek Sekretari Rasmusen vjen pasi tek marr\u00ebveshja e arritur, NATO do t\u00eb k\u00ebt\u00eb rol implementues. Kjo \u00ebsht\u00eb edhe k\u00ebrkes\u00eb e t\u00eb dyja pal\u00ebve, asaj serbe dhe asaj kosovare.<\/p>\n<p><strong>balkanweb.com \/ 19 Prill 2013<\/strong><\/p>\n","protected":false},"excerpt":{"rendered":"<p>PRISHTINE-Kryeministri i Kosov\u00ebs, Hashim Tha\u00e7i, ka n\u00ebnshkruar tekstin e marr\u00ebveshjes, e cila i \u00ebsht\u00eb afruar nga shefja p\u00ebr politik\u00eb t\u00eb jashtme t\u00eb BE-s\u00eb, Catherine Ashton.<\/p>\n","protected":false},"author":1,"featured_media":0,"comment_status":"open","ping_status":"open","sticky":false,"template":"","format":"standard","meta":{"footnotes":""},"categories":[1],"tags":[],"class_list":["post-2721","post","type-post","status-publish","format-standard","hentry","category-intervista"],"_links":{"self":[{"href":"https:\/\/revistakuvendi.org\/index.php?rest_route=\/wp\/v2\/posts\/2721","targetHints":{"allow":["GET"]}}],"collection":[{"href":"https:\/\/revistakuvendi.org\/index.php?rest_route=\/wp\/v2\/posts"}],"about":[{"href":"https:\/\/revistakuvendi.org\/index.php?rest_route=\/wp\/v2\/types\/post"}],"author":[{"embeddable":true,"href":"https:\/\/revistakuvendi.org\/index.php?rest_route=\/wp\/v2\/users\/1"}],"replies":[{"embeddable":true,"href":"https:\/\/revistakuvendi.org\/index.php?rest_route=%2Fwp%2Fv2%2Fcomments&post=2721"}],"version-history":[{"count":3,"href":"https:\/\/revistakuvendi.org\/index.php?rest_route=\/wp\/v2\/posts\/2721\/revisions"}],"predecessor-version":[{"id":2724,"href":"https:\/\/revistakuvendi.org\/index.php?rest_route=\/wp\/v2\/posts\/2721\/revisions\/2724"}],"wp:attachment":[{"href":"https:\/\/revistakuvendi.org\/index.php?rest_route=%2Fwp%2Fv2%2Fmedia&parent=2721"}],"wp:term":[{"taxonomy":"category","embeddable":true,"href":"https:\/\/revistakuvendi.org\/index.php?rest_route=%2Fwp%2Fv2%2Fcategories&post=2721"},{"taxonomy":"post_tag","embeddable":true,"href":"https:\/\/revistakuvendi.org\/index.php?rest_route=%2Fwp%2Fv2%2Ftags&post=2721"}],"curies":[{"name":"wp","href":"https:\/\/api.w.org\/{rel}","templated":true}]}}