{"id":2519,"date":"2013-03-07T20:48:06","date_gmt":"2013-03-07T20:48:06","guid":{"rendered":"http:\/\/revistakuvendi.org\/?p=2519"},"modified":"2013-03-07T20:48:20","modified_gmt":"2013-03-07T20:48:20","slug":"krimbat-e-internetit","status":"publish","type":"post","link":"https:\/\/revistakuvendi.org\/?p=2519","title":{"rendered":"Krimbat e Internetit"},"content":{"rendered":"<p><strong><a href=\"http:\/\/revistakuvendi.org\/wp-content\/uploads\/2013\/03\/shqiperia_kronika_grishaj_786974417.jpg\"><img loading=\"lazy\" decoding=\"async\" class=\"alignleft size-full wp-image-2520\" title=\"shqiperia_kronika_grishaj_786974417\" src=\"http:\/\/revistakuvendi.org\/wp-content\/uploads\/2013\/03\/shqiperia_kronika_grishaj_786974417.jpg\" alt=\"\" width=\"360\" height=\"334\" srcset=\"https:\/\/revistakuvendi.org\/wp-content\/uploads\/2013\/03\/shqiperia_kronika_grishaj_786974417.jpg 360w, https:\/\/revistakuvendi.org\/wp-content\/uploads\/2013\/03\/shqiperia_kronika_grishaj_786974417-300x278.jpg 300w\" sizes=\"auto, (max-width: 360px) 100vw, 360px\" \/><\/a>Alfons Grishaj<\/strong><\/p>\n<p>N\u00eb historin\u00eb e Internetit, nje pjes\u00eb e shqiptar\u00ebve jan\u00eb m\u00eb t\u00eb prapambeturit dhe m\u00eb mjeran\u00ebt n\u00eb komentet e tyre. <!--more-->N\u00ebse komentet e tyre, kombet e tjera japin mendime t\u00eb vlefshme p\u00ebr t\u00eb p\u00ebrmir\u00ebsuar gj\u00ebrat q\u00eb i rrethojn\u00eb, disa shqiptar\u00eb, jo vet\u00ebm q\u00eb nuk e b\u00ebjn\u00eb at\u00eb, por p\u00ebrkundrazi, shikojn\u00eb se si t\u00eb p\u00ebrmbysin \u00e7do arsye apo arritje, t\u00eb shpifin t\u00eb paqenat m\u00eb monstruoze, t\u00eb nd\u00ebrtojn\u00eb alibira kriminel\u00ebsh dhe t\u00eb thurin lavde kacamijsh\u2026 Duke b\u00ebr\u00eb nj\u00eb investigim personal (duke paguar specialistin investigues), rreth disa komenteve pa em\u00ebr ndaj personit tim, rezultoi se:<\/p>\n<p>Autor\u00ebt e k\u00ebtyre komenteve jan\u00eb njer\u00ebz q\u00eb i njoh\u00a0 mir\u00eb jo vet\u00ebm un\u00eb, i njeh mir\u00eb Shkodra dhe komuniteti i Michiganit, po ashtu \u00e7do komunitet ku ata kan\u00eb jetuar. Kategoria e lartp\u00ebrmendur rezulton t\u00eb jen\u00eb Spiun\u00eb t\u00eb damkosur t\u00eb ish sigurimit t\u00eb shtetit,dhe UDB-es e segmenteve t\u00eb lidhura me t\u00eb. Po nga kjo kategori \u201cnjerzish\u201du atakua n\u00eb m\u00ebnyr\u00eb denigruese personeli i Ambasad\u00ebs Shqiptare n\u00eb Washington, q\u00eb \u00ebsht\u00eb ekipi m\u00eb i shk\u00eblqyer e m\u00eb profesional q\u00eb ka qen\u00eb ndonj\u00eb her\u00eb n\u00eb SHBA. Ambasadori Galanxhi me stafin e tij, \u00ebsht\u00eb i kudondodhur n\u00eb hallet dhe g\u00ebzimet e shqiptar\u00ebve n\u00eb mbar\u00eb Amerik\u00ebn. Nj\u00eb diplomat i denj\u00eb p\u00ebr t\u2019u ballafaquar me sfidat e koh\u00ebs n\u00eb \u00e7do takim nd\u00ebrkomb\u00ebtar.<\/p>\n<p>E nj\u00ebjta kategori denigron gjith\u00eb fondin e personaliteteve kulturore e historike q\u00eb nga Mbreter\u00ebsha Teut\u00eb e deri tek Mbreti Zog, nga Pjet\u00ebr Bogadani tek N\u00ebn\u00eb Tereza, pa kursyer as Heroin ton\u00eb Komb\u00ebtar, Gjergj Kastrioti Sk\u00ebnderbeu, duke i thurur lavde tradh\u00ebtarit Ballaban Pasha, q\u00eb helmonte puset e shqiptarve p\u00ebr t\u2019i gjunj\u00ebzuar n\u00ebn zgjedh\u00ebn e pushtuesve osman\u00eb. K\u00ebshtu, k\u00ebta mjeran\u00eb radhiten n\u00eb an\u00ebn e armiqve shekullor\u00eb, t\u00eb cil\u00ebt, me tezat e tyre arkaike ende synojn\u00eb ta paraqesin n\u00eb syt\u00eb e bot\u00ebs popullin ton\u00eb si nj\u00eb popull pa histori dhe qytet\u00ebrim.<\/p>\n<p>N\u00eb \u201cem\u00ebr\u201d t\u00eb demokracis\u00eb, kjo kategori e cila, ka punuar kundra saj q\u00eb n\u00eb hapat e par\u00eb, fyen dhe denigron Sali Berish\u00ebn, Jozefina Topallin, Lulzim Bash\u00ebn e dhjetra personalitete t\u00eb politik\u00ebs shqiptare, t\u00eb cil\u00ebt punojn\u00eb me konseguenc\u00eb p\u00ebr realizimin e projektit p\u00ebr Shqip\u00ebrin\u00eb europiane. Shajn\u00eb Drit\u00ebro Agollin e Naum Priftin, me t\u00eb cil\u00ebt shoq\u00ebria shqiptare duhet t\u00eb krenohet p\u00ebr nivelin ku e kan\u00eb ngritur k\u00ebto shkrimtar\u00eb let\u00ebrsin\u00eb ton\u00eb. Shajn\u00eb gjithashtu Don Frano Kol\u00ebn, nj\u00eb figur\u00eb pajtuese e jasht\u00ebzakonshme, nj\u00eb atdhetar q\u00eb ka b\u00ebr\u00eb aq shum\u00eb p\u00ebr \u00e7\u00ebshtjen e Kosov\u00ebs. E shum\u00eb intelektual\u00eb, politikan\u00eb, shkrimtar\u00eb apo editor\u00eb, n\u00eb t\u00eb dy krah\u00ebt e politik\u00ebs, majtas e djathtas, n\u00eb Shqip\u00ebri e diaspor\u00eb. Vrapi i tyre shkon m\u00eb tej, duke shar\u00eb Federat\u00ebn Pan Shqiptare Vatra, e cila \u00ebsht\u00eb nj\u00eb Institucion\u00a0 me vlera t\u00eb pap\u00ebrs\u00ebritshme komb\u00ebtare, q\u00eb ka ndikuar bindsh\u00ebm n\u00eb historin\u00eb e Shqip\u00ebris\u00eb n\u00eb k\u00ebto 100 Vjet. Nuk l\u00ebn\u00eb pa akuzuar Konsullin e Nderit Ekerem Bardha, i cili p\u00ebr m\u00eb se 40 vjet ka kontribuar p\u00ebr \u00e7\u00ebshtjen komb\u00ebtare si askush tjet\u00ebr, duke nxitur Kongresin Amerikan n\u00eb qendrime t\u00eb prera ndaj represionit sistematik t\u00eb Jugosllavis\u00eb s\u00eb at\u00ebhershme (n\u00eb \u00e7\u00ebshtjen Ivezaj), dhe Serbis\u00eb s\u00eb Miloshevi\u00e7it. M\u00eb e pafalshmja dhe m\u00eb e turpshmja, ishte kur edhe g\u00ebzimi martesor i Sekretarit t\u00eb Vatr\u00ebs p\u00ebr Michiganin, Mondi Rakaj (nj\u00eb djal\u00eb i shk\u00eblqyer), nuk kaloi pa u atakuar n\u00eb nderin e familjes nga shkrues anonim\u00eb. <strong>\u00c7far\u00eb shqiptar\u00ebsh jan\u00eb k\u00ebta q\u00eb n\u00eb g\u00ebzimin e tjetrit k\u00ebrkojn\u00eb t\u00eb sjellin dhimbje e p\u00ebr\u00e7arje?<\/strong><\/p>\n<p>E drejta p\u00ebr t\u00eb qen\u00eb p\u00ebrdorues i internetit sot \u00ebsht\u00eb nj\u00eb e drejt\u00eb baz\u00eb, thuajse e barazvlershme me t\u00eb gjitha t\u00eb drejtat e tjera t\u00eb njeriut, si jeta, liria, e drejta e pun\u00ebs,\u00a0 e strehimit, e arsimimit, e p\u00ebrkujdesjes sh\u00ebndetsore etj. N\u00eb k\u00ebt\u00eb sens jan\u00eb p\u00ebr t\u2019u p\u00ebrsh\u00ebndetur t\u00eb gjitha masat q\u00eb nd\u00ebrmerr qeveria shqiptare p\u00ebr akses t\u00eb plot\u00eb dhe me kosto t\u00eb lir\u00eb t\u00eb t\u00eb gjith\u00eb shtetasve n\u00eb k\u00ebt\u00eb fush\u00eb t\u00eb operimit njer\u00ebzor. Por, Shqip\u00ebria duhet \u00a0t\u00eb aprovoj\u00eb nj\u00eb amendament p\u00ebr fyerjet q\u00eb vijn\u00eb nga Krimbat e Internetit, sikurse ndodh n\u00eb t\u00eb gjitha vendet e qytet\u00ebruara ku integriteti dhe dinjiteti i individit \u00ebsht\u00eb i mbrojtur nga ligji, i cili parashikon si d\u00ebnimin e fajtorit ashtu edhe d\u00ebmshp\u00ebrblimin e t\u00eb c\u00ebnuarit. Personat anonim\u00eb q\u00eb fyejn\u00eb e denigrojn\u00eb posht\u00eb e lart\u00eb nuk kan\u00eb ndonj\u00eb dallim nga ata t\u00eb cil\u00ebt v\u00ebn\u00eb maskat n\u00eb fytyr\u00eb p\u00ebr t\u00eb vrar\u00eb e pla\u00e7kitur. P\u00ebrkundrazi, jan\u00eb dhe m\u00eb t\u00eb rreziksh\u00ebm, sepse veprojn\u00eb sipas nj\u00eb parimi dhe strategjie t\u00eb njohur q\u00eb synon t\u00eb mbjell\u00eb urrejtje dhe p\u00ebr\u00e7mim tek shqiptar\u00ebt. Pre\u00e7 Zogaj, e ka artikuluar me vend k\u00ebt\u00eb dukuri n\u00eb nj\u00eb intervist\u00eb teksa citon \u201cMarksist\u00ebt kan\u00eb nj\u00eb th\u00ebnie, <em>vrite njeriun moralisht se e ke vrar\u00eb dhe fizikisht!<\/em>.\u201d<\/p>\n<p>\u00c7do Gazetar, Editor apo administrator WEB-i, kan\u00eb detyrim ligjor t\u00eb ndalojn\u00eb krimbat e t\u00eb shkuar\u00ebs t\u00eb p\u00ebrdorin faqet e tyre p\u00ebr t\u00eb shpifur, fyer dhe denigruar individ\u00ebt q\u00eb p\u00ebrpiqen p\u00ebr nd\u00ebrtimin e nj\u00eb t\u00eb ardhme t\u00eb ndritur p\u00ebr Shqip\u00ebrin\u00eb dhe shoq\u00ebrin\u00eb ton\u00eb. Miku im, Pjet\u00ebr Jaku, dhe un\u00eb drejtojm\u00eb prej vitesh Revist\u00ebn \u201cKuvendi\u201d dhe WEB-in e \u201cKuvendit\u201d, por asnj\u00eb her\u00eb dhe n\u00eb asnj\u00eb rrethan\u00eb nuk kemi lejuar fyerje apo komente denigruese nga njer\u00ebz anonim\u00eb apo me em\u00ebr. Personalisht, mund t\u00eb them se mund t\u00eb hap nj\u00ebmij\u00eb WEB-e dhe t\u00eb pres majtas e djathtas, por nj\u00eb gj\u00eb t\u00eb till\u00eb nuk kam nd\u00ebrmend ta b\u00ebj kurr\u00eb. Do t\u00eb ishte humbje parimesh, shpirti dhe inteligjenca ime do zbrisnin n\u00eb nivele t\u00eb ulta dhe do bjerrej misioni dhe dashuria ime p\u00ebr njeriun, q\u00eb e ka burimin tek besimi se njeriu \u00ebsht\u00eb sh\u00ebmb\u00eblltyra e Zotit.<\/p>\n<p>Lind pyetja: \u201cPse e gjith\u00eb kjo urrejtje p\u00ebr njer\u00ebzit e ditur dhe kontribuesit e \u00e7muar t\u00eb \u00e7\u00ebshtjes komb\u00ebtare?\u201d<\/p>\n<p>Kam ecur me qenien e njeriut n\u00eb vite, n\u00eb err\u00ebsir\u00eb e drit\u00eb, n\u00eb paqe dhe lufte. Kam dalluar tri kategori: Kategoria e par\u00eb, hap\u00ebsir\u00ebn e ekzistenc\u00ebs s\u00eb jet\u00ebs e quan privilegj dhe e jeton at\u00eb sipas kushteve dhe rrethanave t\u00eb parashtruara nga mesazhi hyjnor, d.m.th. nga Zoti\u2026<\/p>\n<p>Kategoria e dyt\u00eb, nuk e ka kund\u00ebrshtuar kurr\u00eb moralin hyjnor, por k\u00ebrkon t\u00eb b\u00ebj\u00eb revolucion p\u00ebr nj\u00eb jet\u00eb m\u00eb t\u00eb mir\u00eb, duke presupozuar se njeriu duhet t\u00eb nd\u00ebrtoj\u00eb t\u00eb ardhmen e vet duke pranuar ekzistenc\u00ebn e hyjnores si fakt, por jo si zgjidhje tok\u00ebsore\u2026<\/p>\n<p>Kategoria e tret\u00eb \u00ebsht\u00eb ajo me kontraversalja. Kjo kategori nuk beson n\u00eb ekzistenc\u00ebn e hyjnores, por n\u00eb ekzistenc\u00ebn e tij si Zot, duke harruar mbivler\u00ebn e shpirtit si thelbi i ekzistenc\u00ebs son\u00eb, i arsyes dhe i p\u00ebrparimit, q\u00eb \u00ebsht\u00eb vet\u00eb thelbi \u00a0i trash\u00ebgimis\u00eb njer\u00ebzore. Kjo kategori q\u00eb nuk njeh asnj\u00eb kod moral, nuk ka nga ta dij\u00eb se respekti dhe mir\u00ebnjohja jan\u00eb vlera t\u00eb v\u00ebrteta q\u00eb ndajn\u00eb njer\u00ebzoren nga jonjer\u00ebzorja. Prandaj ata nuk kan\u00eb mir\u00ebnjohje p\u00ebr krijuesin e tyre Zotin, p\u00ebr prind\u00ebrit q\u00eb i kan\u00eb lindur, p\u00ebr shoq\u00ebrin\u00eb ku jetojn\u00eb, p\u00ebr diellin q\u00eb i ngroh, p\u00ebr duart q\u00eb i ndihmojn\u00eb. Duke bjerr\u00eb vlerat e v\u00ebrteta, njeriu ka vet\u00ebm nj\u00eb p\u00ebrfundim: t\u00eb transformohet n\u00eb lloj tjet\u00ebr, natyrisht, jo fizikisht. N\u00eb rastin konkret, kjo kategori u shnd\u00ebrrua n\u00eb krimba, t\u00eb cil\u00ebt jan\u00eb p\u00ebrhapur sot n\u00ebp\u00ebr faqet e internetit.<\/p>\n<p>Matthew Kelly, shkrimtar australian, the best seller, shkruan:\u201dIf you and I are not part of the solution, we are part of problem!\u201d<\/p>\n<p>Un\u00eb do t\u2019i fal k\u00ebt\u00eb her\u00eb anonim\u00ebt shpif\u00ebs, sepse nuk b\u00ebn\u00eb asgj\u00eb tjet\u00ebr p\u00ebrve\u00e7 asaj \u00e7ka kan\u00eb b\u00ebr\u00eb n\u00eb vite, kur spiunonin v\u00ebllez\u00ebrit dhe motrat e tyre, hartonin dosje t\u00eb rreme, ekzekutonin njer\u00ebz t\u00eb pafajsh\u00ebm, dhe pinin gjakun e popullit shqiptar&#8230; Kjo, p\u00ebr t\u2019i dh\u00ebn\u00eb shans f\u00ebmij\u00ebve t\u00eb tyre t\u00eb jetojn\u00eb nj\u00eb jet\u00eb si f\u00ebmij\u00ebt e mi, me q\u00ebllim q\u00eb urrejtja t\u00eb mos trash\u00ebgohet, e madje t\u00eb ken\u00eb dhe ata vet\u00eb mund\u00ebsin\u00eb p\u00ebr t\u00eb shijuar pa komplekse ideologjike lirin\u00eb e v\u00ebrtet\u00eb dhe Per\u00ebndimin q\u00eb e shan\u00eb gjith\u00eb jet\u00ebn e tyre.<\/p>\n","protected":false},"excerpt":{"rendered":"<p>Alfons Grishaj N\u00eb historin\u00eb e Internetit, nje pjes\u00eb e shqiptar\u00ebve jan\u00eb m\u00eb t\u00eb prapambeturit dhe m\u00eb mjeran\u00ebt n\u00eb komentet e tyre.<\/p>\n","protected":false},"author":1,"featured_media":0,"comment_status":"open","ping_status":"open","sticky":false,"template":"","format":"standard","meta":{"footnotes":""},"categories":[11],"tags":[],"class_list":["post-2519","post","type-post","status-publish","format-standard","hentry","category-publicistike"],"_links":{"self":[{"href":"https:\/\/revistakuvendi.org\/index.php?rest_route=\/wp\/v2\/posts\/2519","targetHints":{"allow":["GET"]}}],"collection":[{"href":"https:\/\/revistakuvendi.org\/index.php?rest_route=\/wp\/v2\/posts"}],"about":[{"href":"https:\/\/revistakuvendi.org\/index.php?rest_route=\/wp\/v2\/types\/post"}],"author":[{"embeddable":true,"href":"https:\/\/revistakuvendi.org\/index.php?rest_route=\/wp\/v2\/users\/1"}],"replies":[{"embeddable":true,"href":"https:\/\/revistakuvendi.org\/index.php?rest_route=%2Fwp%2Fv2%2Fcomments&post=2519"}],"version-history":[{"count":3,"href":"https:\/\/revistakuvendi.org\/index.php?rest_route=\/wp\/v2\/posts\/2519\/revisions"}],"predecessor-version":[{"id":3330,"href":"https:\/\/revistakuvendi.org\/index.php?rest_route=\/wp\/v2\/posts\/2519\/revisions\/3330"}],"wp:attachment":[{"href":"https:\/\/revistakuvendi.org\/index.php?rest_route=%2Fwp%2Fv2%2Fmedia&parent=2519"}],"wp:term":[{"taxonomy":"category","embeddable":true,"href":"https:\/\/revistakuvendi.org\/index.php?rest_route=%2Fwp%2Fv2%2Fcategories&post=2519"},{"taxonomy":"post_tag","embeddable":true,"href":"https:\/\/revistakuvendi.org\/index.php?rest_route=%2Fwp%2Fv2%2Ftags&post=2519"}],"curies":[{"name":"wp","href":"https:\/\/api.w.org\/{rel}","templated":true}]}}