{"id":2252,"date":"2012-12-30T00:55:38","date_gmt":"2012-12-30T00:55:38","guid":{"rendered":"http:\/\/revistakuvendi.org\/?p=2252"},"modified":"2012-12-30T00:55:38","modified_gmt":"2012-12-30T00:55:38","slug":"akademik-kopi-kycyku-nje-portret-i-veshtire","status":"publish","type":"post","link":"https:\/\/revistakuvendi.org\/?p=2252","title":{"rendered":"AKADEMIK KOPI KYCYKU, NJE PORTRET I VESHTIRE"},"content":{"rendered":"<p><a href=\"http:\/\/revistakuvendi.org\/wp-content\/uploads\/2012\/12\/Kopi-Kycyku.jpg\"><img loading=\"lazy\" decoding=\"async\" class=\"alignleft size-medium wp-image-2253\" title=\"Kopi Kycyku\" src=\"http:\/\/revistakuvendi.org\/wp-content\/uploads\/2012\/12\/Kopi-Kycyku-186x300.jpg\" alt=\"\" width=\"186\" height=\"300\" \/><\/a>Ne foto; Kopi Kycyku<\/p>\n<p>Intervistoi: Ing.Ahmet Collaku<\/p>\n<p>&nbsp;<\/p>\n<p>-Talenti qellon cakun qe askush tjeter s&#8217;mund ta qelloje, gjeniu qellon cakun qe askush tjeter nuk mund ta shoh-<\/p>\n<p align=\"right\">\u00a0Arthur Schopenhaur<\/p>\n<p align=\"right\">\n<p align=\"right\">\u00a0I nderuar Akademik Kopi Ky\u00e7yku,<\/p>\n<p>&nbsp;<\/p>\n<p>Nuk e di me\u00a0cil\u00ebn valenc\u00eb t&#8217;ju th\u00ebrras m\u00eb par\u00eb,\u00a0me at\u00eb te profesorit\u00a0apo\u00a0t\u00eb doktorit; me at\u00eb t\u00eb akademikut apo\u00a0me at\u00eb t\u00eb\u00a0shokut a mikut, apo me at\u00eb t\u00eb gjeologut? Ju falenderoj\u00a0shum\u00eb q\u00eb pranuat t\u00eb b\u00ebjm\u00eb k\u00ebt\u00eb dialog, <!--more-->ku personi i par\u00eb jeni ju, shum\u00eb ndryshe nga\u00a0un\u00eb. Esht\u00eb nj\u00eb k\u00ebnaq\u00ebsi e pap\u00ebrfytyrueshme, nj\u00eb tundim i madh.\u00a0Ju u p\u00ebrkisni fushave t\u00eb studimeve akademike. N\u00ebse pasurit\u00eb natyrore jan\u00eb krijuar nga natyra dhe\u00a0manaxhohen\u00a0nga njer\u00ebzit, k\u00ebto tuajat kryen dhe manaxhohen nga ju, me nj\u00eb pun\u00eb intelektuale titanike.\u00a0N\u00eb k\u00ebt\u00eb drejtim ju i keni shok\u00ebt t\u00eb rrall\u00eb, jo vet\u00ebm n\u00eb Shqip\u00ebri, por\u00a0edhe p\u00ebrtej saj. Gjithsesi, b\u00ebni gjith\u00e7ka p\u00ebr Shqip\u00ebrin\u00eb. Jeni nj\u00eb mozaik brenda nj\u00eb perle. Akademiku Kopi Ky\u00e7yku i do njer\u00ebzit. Ai i q\u00ebndron fjal\u00ebs s\u00eb shenjtores son\u00eb, N\u00ebn\u00eb Terez\u00ebs: &#8221;\u00a0N\u00ebse ndaleni t\u00eb gjykoni njer\u00ebzit, nuk do t\u00eb gjeni kohe t&#8217;i doni&#8221;. Personalitete si ju numurohen me gishta. Un\u00eb jam admiruesi juaj! Ka shum\u00eb si un\u00eb q\u00eb ju admirojn\u00eb, sepse ju nuk shtireni; ju jeni si nj\u00eb or\u00eb e madhe qe kolaudon t\u00eb gjitha or\u00ebt e tjera, me qindra apo me mijra.<\/p>\n<p>Ju keni koh\u00eb edhe t\u00eb qeshni, t\u00eb hidhni edhe romuze, se k\u00ebshtu ju i q\u00ebndroni asaj q\u00eb thot\u00eb artisti: Dita m\u00eb e humbur nga t\u00eb gjitha \u00ebsht\u00eb ajo n\u00eb t\u00eb cil\u00ebn nuk kam qeshur&#8221;. Zakonisht p\u00ebr k\u00ebto ju mbaheni mend m\u00eb leht\u00eb. Ku nuk e gjen akademikun Kopi, vet\u00ebm n\u00eb fush\u00ebn e futbollit t\u00eb luaj\u00eb me top nuk e gjen.\u00a0Numuri i njer\u00ebzve q\u00eb ai njeh \u00ebsht\u00eb m\u00eb i madh se i nj\u00eb qyteze.. Po t&#8217;i shtojm\u00eb edhe t\u00eb huajt, nga e gjith\u00eb bota? Do t\u00eb ngelemi pa mend!<\/p>\n<p>Akademiku Kopi Ky\u00e7yku, p\u00ebr vlerat e m\u00ebdha vetjake, t\u00eb testuara n\u00eb veprimtarin\u00eb letrare dhe n\u00eb zbulimet\u00a0historike, \u00ebsht\u00eb nj\u00eb pik\u00eb referimi, kurse citimet apo referencat\u00a0jan\u00eb ekuacione algjebrike t\u00eb paderivuesheme. Mesa kam kuptuar, akademik Kopi nuk i \u00ebsht\u00eb qasur politik\u00ebs. Si\u00e7 duket, ai i \u00ebsht\u00eb p\u00ebrmbajtur me p\u00ebrpikm\u00ebri Albert Kamy-s\u00eb,\u00a0q\u00eb shprehej: &#8220;Fatkeq\u00ebsisht politika dhe fatet e njer\u00ebzimit merren n\u00eb dor\u00eb nga individ\u00eb mediok\u00ebr dhe pa ideale. Njer\u00ebzit e m\u00ebdhenj nuk i futen kurr\u00eb politik\u00ebs&#8221;.<\/p>\n<p>Akad. Kopi Kycyku te cilin une e pashe i pari ne horizont, qe nga Bukureshti me poston kete perle, ndjere dhe shkruar ne dy gjuhe, ne shqip dhe ne rumanisht, simetri pa aks, ne pasqyre.<\/p>\n<p>Me dysh<\/p>\n<p>N\u00eb Bukuresht s\u00ebrish,\/Ky vend plot mall m\u00eb grish,<br \/>\nM\u00eb shpesh t&#8217;i vij n\u00eb gji,\/Nga M\u00ebma Shqip\u00ebri.\u00a0\u00a0\u00a0\u00a0\u00a0\u00a0\u00a0\u00a0\u00a0\u00a0\u00a0\u00a0\u00a0\u00a0\u00a0\u00a0\u00a0\u00a0\u00a0\u00a0\u00a0\u00a0\u00a0\u00a0\u00a0\u00a0\u00a0\u00a0\u00a0\u00a0\u00a0\u00a0\u00a0\u00a0\u00a0\u00a0\u00a0\u00a0\u00a0\u00a0\u00a0\u00a0\u00a0\u00a0\u00a0\u00a0\u00a0\u00a0\u00a0\u00a0\u00a0\u00a0\u00a0\u00a0\u00a0\u00a0\u00a0\u00a0\u00a0\u00a0\u00a0\u00a0\u00a0\u00a0\u00a0\u00a0\u00a0\u00a0\u00a0\u00a0\u00a0\u00a0\u00a0\u00a0\u00a0\u00a0\u00a0\u00a0\u00a0\u00a0\u00a0\u00a0\u00a0\u00a0\u00a0\u00a0\u00a0\u00a0\u00a0\u00a0\u00a0\u00a0\u00a0\u00a0\u00a0\u00a0\u00a0\u00a0\u00a0\u00a0\u00a0\u00a0\u00a0\u00a0\u00a0\u00a0\u00a0\u00a0\u00a0\u00a0\u00a0\u00a0\u00a0\u00a0\u00a0\u00a0\u00a0\u00a0\u00a0\u00a0\u00a0\u00a0\u00a0\u00a0\u00a0\u00a0\u00a0\u00a0\u00a0\u00a0\u00a0\u00a0\u00a0\u00a0\u00a0\u00a0\u00a0\u00a0\u00a0\u00a0\u00a0\u00a0\u00a0\u00a0\u00a0\u00a0\u00a0\u00a0\u00a0\u00a0\u00a0\u00a0\u00a0\u00a0\u00a0\u00a0\u00a0\u00a0\u00a0\u00a0\u00a0\u00a0\u00a0\u00a0I ndar\u00eb jam m\u00eb dysh,\/S&#8217;e di as si, as qysh:<br \/>\nT\u00eb par\u00ebt kam atje,\/K\u00ebtu &#8211; \u00ebndrrat pa fre!<br \/>\n\u00cen dou\u0103<br \/>\nLa Bucure\u015fti din nou,\/M\u0103 invit\u0103 un ecou,<br \/>\nDin \u0162ara mea s\u0103 vin,\/\u015ei dorul s\u0103-mi alin.\u00a0\u00a0\u00a0\u00a0\u00a0\u00a0\u00a0\u00a0\u00a0\u00a0\u00a0\u00a0\u00a0\u00a0\u00a0\u00a0\u00a0\u00a0\u00a0\u00a0\u00a0\u00a0\u00a0\u00a0\u00a0\u00a0\u00a0\u00a0\u00a0\u00a0\u00a0\u00a0\u00a0\u00a0\u00a0\u00a0\u00a0\u00a0\u00a0\u00a0\u00a0\u00a0\u00a0\u00a0\u00a0\u00a0\u00a0\u00a0\u00a0\u00a0\u00a0\u00a0\u00a0\u00a0\u00a0\u00a0\u00a0\u00a0\u00a0\u00a0\u00a0\u00a0\u00a0\u00a0\u00a0\u00a0\u00a0\u00a0\u00a0\u00a0\u00a0\u00a0\u00a0\u00a0\u00a0\u00a0\u00a0\u00a0\u00a0\u00a0\u00a0\u00a0\u00a0\u00a0\u00a0\u00a0\u00a0\u00a0\u00a0\u00a0\u00a0\u00a0\u00a0\u00a0\u00a0\u00a0\u00a0\u00a0\u00a0\u00a0\u00a0\u00a0\u00a0\u00a0\u00a0\u00a0\u00a0\u00a0\u00a0\u00a0\u00a0\u00a0\u00a0\u00a0\u00a0\u00a0\u00a0\u00a0\u00a0\u00a0\u00a0\u00a0\u00a0\u00a0\u00a0\u00a0\u00a0\u00a0\u00a0\u00a0\u00a0\u00a0\u00a0\u00a0\u00a0\u00a0\u00a0\u00a0\u00a0\u00a0\u00a0\u00a0\u00a0\u00a0\u00a0\u00a0\u00a0\u00a0\u00a0\u00a0\u00a0\u00a0\u00a0\u00a0\u00a0\u00a0\u00a0\u00a0\u00a0\u00a0\u00a0\u00a0\u00a0\u00a0\u00a0\u00a0\u00a0\u00a0\u00a0\u00a0Sunt \u00eemp\u0103r\u0163it \u00een dou\u0103,\/Ce s\u0103 v\u0103 spun \u015fi vou\u0103?!<br \/>\nAcolo sunt ai mei,\/Aici &#8211; visuri cu tei!<\/p>\n<p>A nuk ndiejme edhe ne keto pak rreshta, parfumin e Lagush Poradecit? Parfumet e mira ikin me shpejte se zeri a plumbi, ato ne Pogradec shkojne dhe vine si valet e atij liqeni magjik. Lasgush, Kuteli, Kycyku!<\/p>\n<p>&nbsp;<\/p>\n<p>Shkurt, shqiptari Kopi Ky\u00e7yku, n\u00eb ekranet elektronike\u00a0\u00ebsht\u00eb nj\u00eb ikon\u00eb e madhe, nd\u00ebrsa n\u00ebp\u00ebr salla, rrug\u00eb e parqe, apo duke udh\u00ebtuar jasht\u00eb, \u00ebsht\u00eb nj\u00eb &#8220;p\u00ebrbind\u00ebsh&#8221;.\u00a0Ai \u00ebsht\u00eb &#8220;shkundur&#8221; dhjetra her\u00eb n\u00ebp\u00ebr intervista t\u00eb shkurtra dhe t\u00eb gjata, nga t\u00eb kat\u00ebr an\u00ebt, por ai nuk mbaron kurr\u00eb s\u00eb l\u00ebshuari fruta, ashtu si ritmet n\u00eb Boleron e Moris Ravelit.<\/p>\n<p>&nbsp;<\/p>\n<p><strong>&#8211; Po e filloj me Pogradecin, me k\u00ebt\u00eb qytet, jo larg fshatit tim, Rrajc\u00ebs. Kur vij k\u00ebtu ndihem gjithmone i drith\u00ebruar nga bukuria sublime. K\u00ebtu nuk ngopesh s\u00eb v\u00ebshtruari rretheqark, s\u00eb thithuri ozon, sepse bota p\u00ebrtej po mbytet nga smogu. Shkurt, si q\u00ebndron Pogradeci n\u00eb shpirtin tuaj si ndjesi poetike dhe lirike?\u00a0<\/strong><\/p>\n<p>Kopi Ky\u00e7yku: Duke ju shprehur mir\u00ebnjohjen p\u00ebr nderin e madh q\u00eb po m\u00eb b\u00ebni p\u00ebrmes marrjes s\u00eb k\u00ebsaj interviste, lejom\u00ebni, miku dhe kolegu im i vyer, Ahmet, t\u00eb huazoj karakterizimin, sa lakonik, gjithaq t\u00eb sakt\u00eb, q\u00eb sapo i b\u00ebt\u00eb Pogradecit. Shqiptari i madh, Vasil Zhapa, pat th\u00ebn\u00eb se vendlindja \u00ebsht\u00eb pik\u00ebtakimi i shenjt\u00eb i njeriut me Zotin. K\u00ebt\u00eb t\u00eb v\u00ebrtet\u00eb t\u00eb pakund\u00ebrshtueshme e p\u00ebrjetoj, si kur ndodhem n\u00eb Pogradec, ashtu edhe, &#8211; madje shum\u00eb m\u00eb shum\u00eb, &#8211; kur jam larg tij. Pogradeci \u00ebsht\u00eb pjes\u00eb e pandashme e krejt qenies sime fizike dhe shpirt\u00ebrore. Ai \u00ebsht\u00eb nj\u00ebherazi realitet dhe poezi, truall dhe \u00ebnd\u00ebrr.<strong>\u00a0<\/strong><\/p>\n<p><strong>&#8211; E mendoni kthimin nj\u00eb dit\u00eb n\u00eb Pogradec? Kthim p\u00ebr t&#8217;u \u00e7lodhur, p\u00ebr t\u00eb p\u00ebrsiatur p\u00ebr f\u00ebmij\u00ebrin\u00eb n\u00eb kontekst me familjen, fqinj\u00ebt, miqt\u00eb, shok\u00ebt; me qytetin, pasqyruar k\u00ebto edhe n\u00eb artin tuaj?\u00a0<\/strong><\/p>\n<p>&#8211; Kat\u00ebr vitet e fundit, &#8211; jo vet\u00ebm beharet, por edhe dimrat, &#8211; i kalova pik\u00ebrisht n\u00eb Pogradec, me mendimin jo vet\u00ebm p\u00ebr t&#8217;u \u00e7lodhur, p\u00ebr t\u00eb p\u00ebrsiatur e p\u00ebr t&#8217;u \u00e7mallur me banor\u00ebt e tij &#8211; farefis, shok\u00eb, miq, fqinj, por p\u00ebr t\u00eb ndenjur atje deri n\u00eb fund t\u00eb jet\u00ebs. Rrethana gjithfar\u00ebsh, q\u00eb nuk \u00ebsht\u00eb rasti t&#8217;i zb\u00ebrthej k\u00ebtu, m\u00eb diktuan q\u00eb, pas mbledhjes s\u00eb nj\u00eb pasurie t\u00eb madhe t\u00eb dh\u00ebnash, q\u00eb do t\u00eb p\u00ebrpunohen n\u00eb laboratorin tim krijues, t\u00eb marr s\u00ebrish udh\u00ebn e m\u00ebrgimit. Por nj\u00eb gj\u00eb mund ta them me siguri: kur do t\u00eb rikthehem p\u00ebrfundimisht atje ku pash\u00eb s\u00ebpari drit\u00ebn, tani p\u00ebr tani nuk jam n\u00eb gjendje ta p\u00ebrcaktoj, por uroj q\u00eb ajo dit\u00eb t\u00eb jet\u00eb sa m\u00eb e af\u00ebrt. Edhe elefanti, kur ndjen q\u00eb po e len\u00eb fuqit\u00eb, kthehet n\u00eb strofk\u00ebn ku \u00ebsht\u00eb lindur!<\/p>\n<p><strong>&#8211; P\u00ebrse zgjodh\u00ebt Rumanin\u00eb p\u00ebr t\u00eb shpalosur talentet tuaja, kur me at\u00eb bagazh mund t\u00eb shkonit edhe n\u00eb vende t\u00eb tjera shum\u00eb m\u00eb t\u00eb zhvilluara, si\u00e7 kan\u00eb vepruar mjaft t\u00eb tjer\u00eb, para dhe pas jush<\/strong>?<\/p>\n<p>&#8211; I dashur Ahmet! Un\u00eb e ti kemi studiuar n\u00eb t\u00eb nj\u00ebjt\u00ebn shkoll\u00eb t\u00eb lart\u00eb, n\u00eb t\u00eb nj\u00ebtin fakultet, n\u00eb k\u00ebrthiz\u00eb t\u00eb Bukureshtit. Koha q\u00eb kaluam atje ishte e shkurt\u00ebr, por mbresat q\u00eb na la mund t\u00eb krahasohen me pirjen e vet\u00ebm disa gll\u00ebnjkave uj\u00eb n\u00eb shkret\u00ebtir\u00eb, t\u00eb cilat ta fashitin etjen p\u00ebr nj\u00eb \u00e7ast, ama pastaj ta shtojn\u00eb pa kufi. Kisha mall p\u00ebr Rumanin\u00eb, t\u00eb cil\u00ebn, mbase jo rast\u00ebsisht, e pat\u00ebn parap\u00eblqyer edhe kolos\u00ebt pogradecar\u00eb e mbar\u00ebshqiptar\u00eb, Lasgushi e Mitrushi. K\u00ebshtu, me t\u00eb shkuar p\u00ebr studime n\u00eb Bukuresht dy djemt\u00eb e mi e me t\u00eb m&#8217;u krijuar mund\u00ebsia p\u00ebr t\u00eb dh\u00ebn\u00eb m\u00ebsim n\u00eb Universitetin Shtet\u00ebror t\u00eb kryeqytetit rumun, pranova pa ngurrim. K\u00ebt\u00eb vendim e mora edhe duke pasur parasysh se me rumun\u00ebt kemi mjaft pika t\u00eb p\u00ebrbashk\u00ebta e na lidh nj\u00eb miq\u00ebsi e hershme, e pac\u00ebnuar as sot e k\u00ebsaj dite. Sa p\u00ebr vendet e tjera shum\u00eb m\u00eb t\u00eb zhvilluara, sapo ua zem\u00eb emrin n\u00eb goj\u00eb, na kujtojn\u00eb, para s\u00eb gjithash, mir\u00ebqenien l\u00ebndore. E, pra, un\u00eb parat\u00eb nuk i kam fetishizuar asnj\u00ebher\u00eb. I kam quajtur gjithmon\u00eb si nj\u00eb t\u00eb keqe t\u00eb domosdoshme. N\u00eb fund t\u00eb fundit, ham\u00eb q\u00eb t\u00eb rrojm\u00eb, nuk rrojm\u00eb q\u00eb t\u00eb ham\u00eb.<\/p>\n<p><strong>&#8211; Jeni perfeksionuar n\u00eb shum\u00eb gjuh\u00eb t\u00eb huaja. Cil\u00ebn gjuh\u00eb do t\u00eb radhitnit pas gjuh\u00ebs shqipe?\u00a0<\/strong><\/p>\n<p>&#8211; Italishten, rumanishten, fr\u00ebngjishten&#8230; Pasojn\u00eb t\u00eb tjerat.<\/p>\n<p><strong>&#8211; A takohet arti me shkencat konkrete? Vjen fjala me gjeologjin\u00eb?\u00a0<\/strong><\/p>\n<p>&#8211; Arti ka n\u00eb themel fantazin\u00eb, shkenca &#8211; konkret\u00ebsin\u00eb. Por, jo vet\u00ebm kan\u00eb lidhje mesveti, por edhe nd\u00ebrplot\u00ebsohen. Me gjeologjin\u00eb ilustrimin e kam m\u00eb t\u00eb leht\u00eb: Q\u00eb t\u00eb jesh k\u00ebrkues i mir\u00ebfillt\u00eb i thell\u00ebsive, duhet ta dashurosh natyr\u00ebn e vendit t\u00ebnd, t\u00eb kesh shpirt poeti.<\/p>\n<p><strong>&#8211; A keni ndonj\u00eb kujtim apo mbres\u00eb, q\u00eb nuk e keni rr\u00ebfyer deri m\u00eb sot me t\u00eb madhin Lasgush?\u00a0<\/strong><\/p>\n<p>&#8211; Miku yn\u00eb i p\u00ebrbashk\u00ebt, i ndjeri Dhimit\u00ebr Xhuvani, q\u00eb na donte t\u00eb dyve, ngulte k\u00ebmb\u00eb q\u00eb &#8220;t\u00eb vilja&#8221; nga goja e Lasgushit sa m\u00eb shum\u00eb &#8220;perla&#8221;. Mblodha jo pak, por ja q\u00eb ma mori n\u00eb kthes\u00eb arkitekti Petraq Kolevica, i cili botoi nj\u00eb lib\u00ebr aq t\u00eb bukur p\u00ebr Lasgushin, saq\u00eb nuk mbeti gj\u00eb e madhe p\u00ebr mua. Gjithsesi, p\u00ebr t&#8217;i dh\u00ebn\u00eb p\u00ebrgjigje pyetjes suaj, mund t\u00eb p\u00ebrmend nj\u00eb bised\u00eb me Lasgushin, n\u00eb korrikut 1966, tek po dilnim nga Kisha e Sh\u00ebn Prokopit, n\u00eb fshatin V\u00ebrdov\u00eb, jo larg Pogradecit. Ishte edhe i ndjeri profesor Dh.S.Shuteriqi, at\u00ebkoh\u00eb n\u00eb krye t\u00eb Lidhjes s\u00eb Shkrimtar\u00ebve dhe Artist\u00ebve t\u00eb Shqip\u00ebris\u00eb, i cili na foli me minuta t\u00eb t\u00ebra p\u00ebr ikonat e Konstandin Shpatarakut, t\u00eb varura n\u00eb muret e asaj kishe. Kur dol\u00ebm jasht\u00eb, Lasgushi m\u00eb &#8220;m\u00ebrm\u00ebriti&#8221; (fjal\u00eb e parap\u00eblqyer p\u00ebr t\u00eb!): &#8220;O kush\u00ebri, ky na mbajti nj\u00eb konferenc\u00eb t\u00eb t\u00ebr\u00eb \/p\u00ebr piktorin, pa th\u00ebn\u00eb asnj\u00eb llaf p\u00ebr sh\u00ebnjtorin! Po shenjtori e frym\u00ebzoi Shpatarakun, ay ia b\u00ebri penelin shpat\u00eb!&#8221;<\/p>\n<p><strong>&#8211; Koh\u00ebn me studimet dhe me pun\u00ebn ne gjeologji, e quani koh\u00eb t\u00eb humbur, apo edhe kjo shkenc\u00eb aplikative e pasuroi spektrin tuaj<\/strong>?<\/p>\n<p>&#8211; Gjeologjia m\u00eb hapi nj\u00eb dritare t\u00eb madhe p\u00ebr ta k\u00ebqyrur bot\u00ebn deri n\u00eb thell\u00ebsit\u00eb abisale. Por me t\u00eb ka koh\u00eb q\u00eb nuk merrem drejtp\u00ebrdrejt. Natyrisht lexoj jo rrall\u00eb vepra t\u00eb k\u00ebsaj fushe dhe materiale t\u00eb tjera q\u00eb lidhen me t\u00eb, p\u00ebrfshi artikuj shkencor\u00eb, si ata q\u00eb boton ti her\u00ebpashere, me kompetenc\u00eb dhe me dhemshuri atdhetare p\u00ebr \u00e7ka po ndodh me pasurit\u00eb e n\u00ebntok\u00ebs son\u00eb, n\u00eb ve\u00e7anti me naft\u00ebn &#8211; arin e zi! Jam an\u00ebtar i Shoqat\u00ebs s\u00eb P\u00ebrgjithshme t\u00eb Inxhinier\u00ebve t\u00eb Rumanis\u00eb (AGIR) dhe n\u00eb simpoziumet e p\u00ebrvitshme t\u00eb saj marr pjes\u00eb me kumtesa, t\u00eb cilat jan\u00eb botuar n\u00eb p\u00ebrmbledhjet p\u00ebrkat\u00ebse.<\/p>\n<p><strong>&#8211; \u00c7far\u00eb pasurie n\u00ebntok\u00ebsore dhe rezerva ka zona e Pogradecit?\u00a0<\/strong><\/p>\n<p>&#8211; Ka vendburime hekur-nikeli, kromitesh dhe qymyresh. Me sa di, rezervat industriale p\u00ebr t\u00eb tre mineralet e m\u00ebsip\u00ebrm meritojn\u00eb t\u00eb jen\u00eb n\u00eb qend\u00ebr t\u00eb v\u00ebmendjes t\u00eb qeveris\u00eb shqiptare. Por, mjerisht, si\u00e7 e keni theksuar fort n\u00eb shkrimet q\u00eb keni botuar n\u00eb shtyp, edhe gjendja dhe m\u00ebnyra e trajtimit t\u00eb problemit madhor t\u00eb pasurive t\u00eb n\u00ebntok\u00ebs n\u00eb rrethin e Pogradecit nuk \u00ebsht\u00eb aspak m\u00eb e mir\u00eb se n\u00eb zona t\u00eb tjera mineralmbajt\u00ebse.<\/p>\n<p><strong>&#8211; Ju keni qen\u00eb n\u00eb malin e Shebenikut, q\u00eb i p\u00ebrket Rrajc\u00ebs. \u00c7far\u00eb mund t\u00eb thoni p\u00ebr t\u00eb?\u00a0<\/strong><\/p>\n<p>&#8211; N\u00eb masivin ultrabazik t\u00eb Shebenikut kam kryer praktik\u00ebn e diplom\u00ebs, t\u00eb cil\u00ebn e mbrojta me nj\u00eb tem\u00eb q\u00eb trajtonte daljet e kromiteve dhe pranin\u00eb e mikroelementeve n\u00eb to. Kam d\u00ebgjuar me k\u00ebnaq\u00ebsi se disa pjes\u00eb t\u00eb tem\u00ebs sime jan\u00eb konsultuar nga specialist\u00ebt q\u00eb jan\u00eb marr\u00eb gjat\u00eb viteve t\u00eb m\u00ebvonshme me zbulimin e detajuar dhe shfryt\u00ebzimin e kromiteve n\u00eb Shebenik, konkretisht n\u00eb P\u00ebrroin e Govat\u00ebs, n\u00eb P\u00ebrroin e Gobill\u00ebs etj.<\/p>\n<p><strong>&#8211; Cilin vend t\u00eb bot\u00ebs do t\u00eb d\u00ebshironit ta vizitonit p\u00ebrs\u00ebri?\u00a0<\/strong><\/p>\n<p>&#8211; Indin\u00eb, ku jam akademik nderi, qysh m\u00eb 1997.<\/p>\n<p><strong>&#8211; N\u00eb nj\u00eb gazet\u00eb lokale kam lexuar nj\u00eb shkrimin tuaj brilant p\u00ebr elit\u00ebn n\u00eb p\u00ebrgjithesi. Si e gjykoni pozicionin dhe vet\u00ebveprimin e elit\u00ebs s\u00eb sotme shqiptare?\u00a0<\/strong><\/p>\n<p>&#8211; Q\u00eb ta meritoj\u00eb cil\u00ebsimin &#8220;elit\u00eb&#8221;, ajo duhet t\u00eb sillet e t\u00eb veproj\u00eb si e till\u00eb n\u00eb t\u00eb gjitha drejtimet: dijet t&#8217;i ver\u00eb me p\u00ebrkushtim atdhetar n\u00eb dobi t\u00eb kombit, pa u ndikuar as p\u00ebr nga larg nga er\u00ebrat politike q\u00eb fryjn\u00eb nga t\u00eb kat\u00ebr an\u00ebt duke ndrruar kah jo rrall\u00eb sipas interesave t\u00eb ngushta, meskine.<\/p>\n<p><strong>&#8211; Cili \u00ebsht\u00eb studimi juaj q\u00eb e mendoni si m\u00eb t\u00eb mirin e q\u00eb do t&#8217;ua rekomandonit edhe t\u00eb tjer\u00ebve?\u00a0<\/strong><\/p>\n<p>&#8211; K\u00ebt\u00eb e le t\u00ebr\u00ebsisht n\u00eb dor\u00eb t\u00eb atyre q\u00eb kan\u00eb pasur mir\u00ebsin\u00eb dhe durimin t\u00eb m\u00eb lexojn\u00eb. Theksoj se, n\u00eb nivelin e punimeve t\u00eb miat, jan\u00eb shkruar e botuar edhe shum\u00eb t\u00eb tjera nga koleg\u00eb t\u00eb mi, n\u00eb t\u00eb gjitha fushat. K\u00ebshtu q\u00eb, duke lexuar \u00e7&#8217;kam shkruar un\u00eb, jo medoemos kan\u00eb p\u00ebr t\u00eb p\u00ebrfituar ndonj\u00eb gj\u00eb t\u00eb madhe, sikurse edhe duke mos lexuar, nuk kan\u00eb p\u00ebr t\u00eb humbur ndonj\u00eb gj\u00eb t\u00eb madhe.<\/p>\n<p><strong>&#8211; Ju keni studiuar p\u00ebr gjeologji. Si e shpjegoni gjeologjikisht formimin e Liqenit t\u00eb Pogradecit, t\u00eb k\u00ebsaj parajse q\u00eb, hipsometrikisht ndodhet 695 metra mbi nivelin e detit?\u00a0<\/strong><\/p>\n<p>&#8211; Ky liqen, me sip\u00ebrfaqe 360 km2, me thell\u00ebsi maksimale 286 metra dhe ku objektet mund t\u00eb shihen me sy t\u00eb lir\u00eb deri n\u00eb thell\u00ebsin\u00eb 100 metra, \u00ebsht\u00eb me origjin\u00eb tektonike.<\/p>\n<p><strong>&#8211; Ju jetoni n\u00eb Rumani prej disa vitesh. \u00c7far\u00eb fenomene negative t\u00eb p\u00ebrbashk\u00ebta ka midis dy vendeve tona, Shqip\u00ebris\u00eb dhe Rumanis\u00eb?\u00a0<\/strong><\/p>\n<p>&#8211; Korrupsioni, papun\u00ebsia, q\u00ebndrimi i pap\u00ebrgjegjsh\u00ebm i klas\u00ebs politike ndaj fateve t\u00eb vendit p\u00ebrkat\u00ebs, dob\u00ebsimi i tri prej shtyllave t\u00eb shoq\u00ebris\u00eb: arsimi, sh\u00ebndet\u00ebsia, drejt\u00ebsia.<\/p>\n<p><strong>&#8211; Si e gjykoni procesin e privatizimit t\u00eb pasurive n\u00ebntok\u00ebsore t\u00eb Shqip\u00ebris\u00eb? M\u00eb konkretisht t\u00eb naft\u00ebs?\u00a0<\/strong><\/p>\n<p>&#8211; Si nga pik\u00ebpamja e konceptimit, ashtu edhe e m\u00ebnyrave e mjeteve t\u00eb realizimit, procesin e privatizimit t\u00eb pasurive n\u00ebntok\u00ebsore t\u00eb Shqip\u00ebris\u00eb e quaj t\u00eb d\u00ebshtuar dhe antikomb\u00ebtar.<\/p>\n<p><strong>&#8211; Po shteti rumun, si e ka zgjidhur k\u00ebt\u00eb problem?\u00a0<\/strong><\/p>\n<p>&#8211; Di\u00e7ka m\u00eb mir\u00eb, por jo aq sa p\u00ebr ta marr\u00eb si sh\u00ebmbull q\u00eb do t\u00eb duhej ta ndiqnim.<\/p>\n<p><strong>&#8211; Cilin shkrimtar rumun t\u00eb t\u00eb gjitha koh\u00ebrave p\u00eblqeni m\u00eb shum\u00eb?\u00a0<\/strong><\/p>\n<p>-Poetin komb\u00ebtar, Mihai Emineskun (1850 &#8211; 1889), dashamir\u00ebs e simpatizues i shqiptar\u00ebve.<\/p>\n<p><strong>&#8211; A ka ndryshuar Parku \u00c7ishmixhiu, aty n\u00eb qend\u00ebr t\u00eb Bukureshtit?\u00a0<\/strong><\/p>\n<p>&#8211; Ka ndryshuar, por pa c\u00ebnuar magjin\u00eb e dikurshme q\u00eb ia ke njohur edhe ti, i dashur Ahmet.<\/p>\n<p><strong>&#8211; Po godina e Institutit ton\u00eb t\u00eb Naft\u00ebs e t\u00eb Gazeve (IPGG), aty \u00ebsht\u00eb apo ka ndrruar vend?\u00a0<\/strong><\/p>\n<p>&#8211; Me p\u00ebrjashtim t\u00eb Gjeofizik\u00ebs, pra t\u00eb fakultetit t\u00ebnd, pjesa tjet\u00ebr \u00ebsht\u00eb mbartur gjetiu: Gjeologjia e Naft\u00ebs, Shpim-Shfryt\u00ebzimi, Utilazhet e Naft\u00ebs, Teknologjia e Prodhimit t\u00eb Naft\u00ebs kan\u00eb shkuar n\u00eb Ploiesht, nd\u00ebrsa minierat n\u00eb Petroshan.<\/p>\n<p><strong>&#8211; Ju keni p\u00ebsuar aksident t\u00eb r\u00ebnd\u00eb n\u00eb nj\u00eb pus miniere, jeni shtruar edhe n\u00eb spital. Si u p\u00ebrfshi n\u00eb bised\u00eb kjo ngjarje midis Drit\u00ebro Agollit dhe shkrimtarit turk Jashar Qemal?\u00a0<\/strong><\/p>\n<p>&#8211; Kur po e p\u00ebrcillte Jashar Qemalin n\u00eb aeroportin e Tiran\u00ebs, pas nj\u00eb vizite dyjavore n\u00eb vendin ton\u00eb, Drit\u00ebroi, p\u00ebr t\u00eb cilin kam respekt t\u00eb ve\u00e7ant\u00eb, i tha: &#8220;Ky\u00e7yku di gjuh\u00eb pa hesap ngaq\u00eb kur ra n\u00eb nj\u00eb pus miniere, iu \u00e7lirua nj\u00eb vid\u00eb &#8211; burgjia e gjuh\u00ebve. Ishte nj\u00eb shaka q\u00eb Drit\u00ebroi e p\u00ebrs\u00ebriste shpesh dhe me t\u00eb cil\u00ebn t\u00eb gjith\u00eb t\u00eb pranishmit, q\u00eb ndrroheshin shpesh, shqyheshin s\u00eb qeshuri. Por k\u00ebt\u00eb radh\u00eb dikush nuk qeshi dhe ky ishte pik\u00ebrisht Jashar Qemali. Drit\u00ebroi kujtoi se Stefan Vu\u00e7ani nuk b\u00ebri p\u00ebrkthim t\u00eb sakt\u00eb dhe k\u00ebrkoi t&#8217;ia p\u00ebrs\u00ebriste Jasharit pyetjen edhe nj\u00eb her\u00eb. &#8220;Anllad\u00ebm, anllad\u00ebm!&#8221; (E mora vesh, e mora vesh!) u p\u00ebrgjigj shkrimtari i madh turk. Pastaj shtoi me ironi miq\u00ebsore: &#8220;Stefan efendi, thuaju se do ta anuloj nisjen. Do t\u00eb q\u00ebndroj edhe ca dit\u00eb q\u00eb t\u00eb shkojm\u00eb t\u00eb biem bashk\u00eb me kryetarin, Drit\u00ebro agan\u00eb, n\u00eb pusin e Ky\u00e7yk beut, q\u00eb t\u00eb na vihet n\u00eb l\u00ebvizje burgjia e gjuh\u00ebve&#8221;. Dhe nuk i qeshi buza deri sa u hipi shkall\u00ebve t\u00eb avionit.<\/p>\n<p><strong>&#8211; M\u00ebsimi i gjuh\u00ebve t\u00eb huaja, sipas jush \u00ebsht\u00eb pun\u00eb, aft\u00ebsi apo proces metodik?\u00a0<\/strong><\/p>\n<p>&#8211; T\u00eb tria bashk\u00eb.<\/p>\n<p><strong>&#8211; Ju b\u00ebni shaka, hidhni romuze&#8230; Humori \u00ebsht\u00eb dhunti e njer\u00ebzve t\u00eb zgjuar. A ka q\u00eblluar ndonj\u00ebher\u00eb t&#8217;ju ket\u00eb sjell\u00eb telashe?\u00a0<\/strong><\/p>\n<p>&#8211; M\u00eb ka ndodhur q\u00eb t\u00eb qesh ngaq\u00eb nuk kam qar\u00eb dot. M\u00eb ka ndodhur edhe t\u00eb b\u00ebj shakara pa krip\u00eb. R\u00ebnd\u00ebsi ka q\u00eb asnj\u00ebher\u00eb nuk e kam b\u00ebr\u00eb me q\u00ebllim t\u00eb keq. Nuk kan\u00eb munguar as rastet kur ndonj\u00eb nga &#8220;t\u00eb sulmuarit&#8221; e mi t\u00eb ket\u00eb reaguar brutalisht. Por m\u00eb pas \u00ebsht\u00eb tulatur.<strong>\u00a0\u00a0<\/strong><\/p>\n<p><strong>&#8211; Ju mbani Urdh\u00ebrin e Kavalierit t\u00eb Sh\u00ebn Silvestrit. \u00c7&#8217;\u00ebsht\u00eb ky Urdh\u00ebr?\u00a0<\/strong><\/p>\n<p>&#8211; Sh\u00ebn Silvestri ka qen\u00eb pap\u00eb, q\u00eb u shenjt\u00ebrua n\u00eb fillimshekullin XVII, ashtu si Papa Gjon Pali II n\u00eb dit\u00ebt tona. Pata fatin q\u00eb ky nder m&#8217;u b\u00eb krahas Rita Levi Montal\u00e7init (e fes\u00eb mozaike), nobeliste n\u00eb mjek\u00ebsi, dhe gjeneral armate Roko Panuncit (katolik), komandant suprem i Forcave Logjistike t\u00eb Ushtris\u00eb Italiane.<\/p>\n<p><strong>&#8211; \u00c7&#8217;\u00ebsht\u00eb Kongresi i Shpirt\u00ebrimit Rumun?\u00a0<\/strong><\/p>\n<p>&#8211; \u00cbsht\u00eb nj\u00eb forum nd\u00ebrkomb\u00ebtar, me pjes\u00ebmarrje t\u00eb gjer\u00eb t\u00eb personaliteteve rumune ose me prejardhje t\u00eb till\u00eb, nga t\u00eb gjitha vendet e bot\u00ebs. Ky kongres, q\u00eb ka n\u00eb themel t\u00eb tematik\u00ebs trash\u00ebgimin\u00eb kulturore, traditat e virtytet e kombit rumun e lidhjet historike e tradicionale t\u00eb tij me kombet e tjer\u00eb, mbahet p\u00ebrvit n\u00eb kryeqytetin shpirt\u00ebror t\u00eb Rumanis\u00eb dhe t\u00eb rumun\u00ebve t\u00eb kudondodhur, n\u00eb Alba Iulia, ku m\u00eb 1918 u b\u00eb bashkimi i t\u00eb gjitha principatave rumune. N\u00eb t\u00eb 16 edicionet e k\u00ebtij kongresi, qysh n\u00eb fillim e n\u00eb vazhdim\u00ebsi, jam zgjedhur nj\u00eb nga z\u00ebvend\u00ebspresident\u00ebt e tij. Ky \u00ebsht\u00eb nder i pazakont\u00eb po t\u00eb mbajm\u00eb parasysh se jam i vetmi i huaj n\u00eb k\u00ebt\u00eb post. Kongresist\u00ebt kan\u00eb pranuar pangurrim q\u00eb t\u00eb m\u00eb paraqitin ashtu si\u00e7 jam, pra p\u00ebrfaq\u00ebsues t\u00eb intelektual\u00ebve shqiptar\u00eb.<\/p>\n<p><strong>&#8211; N\u00eb nj\u00eb intervist\u00eb t\u00eb gjat\u00eb, q\u00eb keni dh\u00ebn\u00eb koh\u00eb m\u00eb par\u00eb, ju shpreheni shum\u00eb qart\u00eb se gabimet n\u00eb politik\u00eb jan\u00eb krime. Keni gj\u00eb konkrete p\u00ebr politik\u00ebn shqiptare<\/strong>?<\/p>\n<p>&#8211; Natyrisht. Sa her\u00eb q\u00eb b\u00ebhen gafa me pasoja t\u00eb r\u00ebnda, duke d\u00ebmtuar t\u00eb sotmen dhe duke err\u00ebsuar t\u00eb ardhmen e kombit e t\u00eb atm\u00ebm\u00ebdheut, kemi t\u00eb b\u00ebjm\u00eb me krime. P\u00ebrgjegj\u00ebsia p\u00ebr k\u00ebto veprime bie mbi politikan\u00ebt, e t\u00eb dy krah\u00ebve.<\/p>\n<p><strong>&#8211; \u00cbsht\u00eb nj\u00eb shqiptar &#8220;terrible&#8221;, do ta quaja un\u00eb: Kasem Trebeshina, i cili q\u00ebndron diku, si njeri i vetmuar. \u00c7far\u00eb mund t\u00eb thoshit p\u00ebr vlerat q\u00eb ka n\u00eb fushat e artit?\u00a0<\/strong><\/p>\n<p>&#8211; P\u00ebr her\u00eb t\u00eb par\u00eb e kam takuar n\u00eb Prishtin\u00eb, ku ishim ftuar n\u00eb Seminarin Nd\u00ebrkomb\u00ebtar t\u00eb Gjuh\u00ebs Shqipe. M\u00eb p\u00eblqeu modestia e k\u00ebtij njeriu q\u00eb ka vuajtur p\u00ebr shkak t\u00eb vertikalitetit t\u00eb tij n\u00eb gjith\u00e7ka q\u00eb ka menduar e vepruar. Por kryesorja jan\u00eb veprat e tij, sa t\u00eb v\u00ebllimshme, gjithaq edhe cil\u00ebsore.<\/p>\n<p><strong>&#8211; Po p\u00ebr Akademikun Rexhep Qosja?\u00a0<\/strong><\/p>\n<p>&#8211; Nj\u00eb tjet\u00ebr personalitet i mir\u00ebnjohur n\u00eb fush\u00ebn e vet.<\/p>\n<p><strong>&#8211; Si e shpjegoni at\u00eb q\u00eb thon\u00eb disa t\u00eb tjer\u00eb se juve m\u00eb shum\u00eb ju kuptojn\u00eb dhe ju \u00e7mojn\u00eb t\u00eb huajt sesa shqiptar\u00ebt<\/strong>?<\/p>\n<p>&#8211; E kam konstatuar me dhimbje k\u00ebt\u00eb t\u00eb v\u00ebrtet\u00eb, por nuk e shpjegoj dot, si\u00e7 nuk e shpjegoj dot as q\u00ebndrimin e akullt ndaj tim biri, Ardianit, edhe ai akademik evropian, shkrimtar dygjuh\u00ebsh, autor i rreth nj\u00ebzet romaneve n\u00eb gjuh\u00ebn shqipe dhe i po aq t\u00eb tjer\u00ebve n\u00eb gjuh\u00ebn rumune, i cil\u00ebsuar nga kritika e specializuar si nj\u00eb nga tri penat m\u00eb t\u00eb shquara t\u00eb let\u00ebrsis\u00eb rumune. Nj\u00ebkoh\u00ebsisht, Ardiani \u00ebsht\u00eb i pari i huaj n\u00eb historin\u00eb e arsimit t\u00eb lart\u00eb rumun, q\u00eb \u00ebsht\u00eb zgjedhur rektor i nj\u00eb universiteti t\u00eb r\u00ebnd\u00ebsish\u00ebm t\u00eb Rumanis\u00eb, bash n\u00eb Bukuresht.<\/p>\n<p><strong>&#8211; A do t\u00eb ishte interesante sikur librin &#8220;Zinxhiri i anktheve&#8221; ta rishkruanit, p\u00ebr t&#8217;u hapur n\u00eb ato situata ku mendoni se keni akoma p\u00ebr t\u00eb th\u00ebn\u00eb, akoma p\u00ebr t\u00eb p\u00ebrshkruar situata, karaktere, aksione, dashuri dhe urrejtje? Me &#8220;Zinxhiri.&#8221;, mendoj se keni rastin m\u00eb t\u00eb mir\u00eb t\u00eb shpalosni m\u00eb me frytshm\u00ebri edhe artin tuaj, ngaq\u00eb njer\u00ebzimi \u00ebsht\u00eb lodhur dhe m\u00ebrzitur me form\u00ebn pseudoklasike t\u00eb t\u00eb shkruarit. &#8220;Arti zbulon&#8221;, m\u00eb duket se ka th\u00ebn\u00eb dikush<\/strong>.<\/p>\n<p>&#8211; \u00c7ka sapo that\u00eb, \u00ebsht\u00eb nj\u00eb grishje dhe nxitje q\u00eb m\u00eb b\u00ebni me dashamir\u00ebsi prej miku t\u00eb v\u00ebrtet\u00eb, p\u00ebr t&#8217;iu rikthyer temave t\u00eb rrahura tashm\u00eb, duke u dh\u00ebn\u00eb frym\u00ebmarrje m\u00eb t\u00eb gjer\u00eb, sidhe q\u00ebmtimit e zhbirimit t\u00eb t\u00eb tjerave, q\u00eb ende nuk i kam shtjelluar.<strong>\u00a0\u00a0<\/strong><\/p>\n<p><strong>&#8211; Jeni besimtar?\u00a0<\/strong><\/p>\n<p>&#8211; Po, Ahmet! U b\u00ebra besimtar &#8220;i thekur&#8221; sidomos pas kap\u00ebrcimit t\u00eb disa v\u00ebshtir\u00ebsive, t\u00eb cilat me kalem &#8220;tok\u00ebsor&#8221; nuk ishin t\u00eb mundura as t\u00eb p\u00ebrballoheshin, pa le t\u00eb kap\u00ebrceheshin!<\/p>\n<p><strong>&#8211; Si vazhdon t\u00eb vler\u00ebsohet revista juaj shum\u00eb simpatike &#8220;Haemus&#8221;?\u00a0<\/strong><\/p>\n<p>&#8211; P\u00ebrderisa vazhdojm\u00eb ta botojm\u00eb me \u00e7do kusht, kjo vjen edhe si jehon\u00eb e vler\u00ebsimeve inkurajuese e dashamir\u00ebse q\u00eb na b\u00ebhen nga lexuesit anemban\u00eb bot\u00ebs.<\/p>\n<p><strong>&#8211; \u00c7far\u00eb keni n\u00eb shtyp, n\u00eb dor\u00eb dhe n\u00eb mendje?\u00a0<\/strong><\/p>\n<p>&#8211; Dy monografi, nj\u00eb v\u00ebllim poetik, nj\u00eb p\u00ebrkthim, nj\u00eb tekst universitar&#8230;<\/p>\n<p><strong>-Miku im, mos jeni shum\u00eb i shp\u00ebrndar\u00eb?\u00a0<\/strong><\/p>\n<p>&#8211; Keni plot\u00ebsisht t\u00eb drejt\u00eb. Duhej q\u00eb, si n\u00eb luft\u00eb, &#8220;grushtin&#8221; kryesor ta jepja n\u00eb mes t\u00eb frontit, jo n\u00eb gjith\u00eb gjer\u00ebsin\u00eb e tij. Krahas temperamentit tim, k\u00ebtu kan\u00eb ndikuar edhe faktor\u00eb t\u00eb tjer\u00eb, q\u00eb lidhen me pun\u00ebt e ndryshme q\u00eb m\u00eb \u00ebsht\u00eb dashur t\u00eb kryej gjat\u00eb jet\u00ebs. Tani, edhe sikur t\u00eb desha t\u00eb ndryshoj, \u00ebsht\u00eb von\u00eb, i dashur Ahmet!<\/p>\n<p><strong>&#8211; \u00c7far\u00eb do t\u00eb ndodhte sikur emrat e identifikuar me rrokje n\u00eb librin tuaj, &#8220;Zinxhiri.&#8221;, t\u00eb shkruheshin t\u00eb plot\u00eb?\u00a0<\/strong><\/p>\n<p>&#8211; Si\u00e7 mund ta keni v\u00ebn\u00eb re, emrat &#8220;me zarar&#8221;, pra t\u00eb politikan\u00ebve t\u00eb t\u00eb gjitha kahjeve e ngjyrave, i kam v\u00ebn\u00eb t\u00eb plot\u00eb, nd\u00ebrsa disa t\u00eb tjer\u00ebve, t\u00eb fushave t\u00eb ndryshme, ua kam &#8220;censuruar&#8221;. K\u00ebta kan\u00eb q\u00ebn\u00eb dhe kan\u00eb mbetur t\u00eb mbrapsht\u00eb ndaj meje, ndaj t\u00eb tjer\u00ebve, por edhe ndaj vetvetes dhe jet\u00ebs n\u00eb p\u00ebrgjith\u00ebsi. I kam em\u00ebrtuar me rrokje, me emra t\u00eb p\u00ebrgjysmuar, ngaq\u00eb i konsideroj gjys\u00ebmnjer\u00ebz. Nga ana tjet\u00ebr synoj q\u00eb k\u00ebto kujtime t\u00eb p\u00ebrcjellin nj\u00eb kumt mir\u00ebsie: lexuesit t\u00eb d\u00ebnojn\u00eb veprimet e k\u00ebtyre t\u00eb paudh\u00ebve, pa marr\u00eb vesh se si quhen.<\/p>\n<p><strong>&#8211; \u00c7far\u00eb dini p\u00ebr pogradecarin Qani \u00c7ollaku<\/strong>?<\/p>\n<p>&#8211; Ka pasur ide p\u00ebrparimtare, demokratike, q\u00eb guxoi t&#8217;i shfaqte me z\u00eb t\u00eb lart\u00eb pik\u00ebrisht n\u00eb vitet kur dikatura ishte ngjitur n\u00eb kuotat m\u00eb t\u00eb ep\u00ebrme t\u00eb eg\u00ebrsis\u00eb.<\/p>\n<p><strong>&#8211; Si e nd\u00ebrtoni planin ditor?\u00a0<\/strong><\/p>\n<p>&#8211; N\u00eb pajtim me k\u00ebrkesat dhe detyrat q\u00eb m\u00eb ngarkohen ose q\u00eb i ngarkoj vetes.<\/p>\n<p><strong>&#8211; Cili \u00ebsht\u00eb pasioni juaj pas studimit?\u00a0<\/strong><\/p>\n<p>&#8211; Leximi, d\u00ebgjimi i muzik\u00ebs, i paraprir\u00eb nga Himni i Flamurit dhe nga k\u00ebnga atdhetare: &#8220;Dragonjt\u00eb e Shqip\u00ebris\u00eb&#8221;.<\/p>\n<p><strong>&#8211; \u00c7far\u00eb do t&#8217;u thoshit P\u00ebr Vitin e Ri 2013 shqiptar\u00ebve n\u00eb p\u00ebrgjith\u00ebsi dhe t\u00eb rinjve n\u00eb ve\u00e7anti?\u00a0<\/strong><\/p>\n<p>&#8211; T\u00eb gjith\u00ebve urimin tradicional: &#8220;Nga mot g\u00ebzuar!&#8221;, nd\u00ebrsa t\u00eb rinjve edhe k\u00ebto: &#8220;Jini t\u00eb drejt\u00eb e t\u00eb ndersh\u00ebm dhe mos harroni se, mbi ambicjet dhe intrigat, mbi lakmin\u00eb dhe smir\u00ebn, q\u00ebndron P\u00ebrjet\u00ebsia e Kombit, q\u00ebndron Dashuria p\u00ebr Atdheun. Aty duhet ta lini pik\u00ebpjekjen gjithmon\u00eb, pa\u00e7ka se heraher\u00ebs nuk mir\u00ebkuptohemi me nj\u00ebri-tjetrin!&#8221;.<\/p>\n<p><strong>&#8211; Nga do t&#8217;i vij\u00eb e mira k\u00ebsaj Shqip\u00ebrie, nga vet\u00eb shqiptaret, nga elita, nga t\u00eb huajt, nga resurset natyrore apo nga rinia?\u00a0<\/strong><\/p>\n<p>&#8211; I zoti e nxjerr gomarin nga balta, na m\u00ebson populli. Dhe ky zot jemi t\u00eb gjith\u00eb: t\u00eb rinj e t\u00eb moshuar, qytetar\u00eb e fshatar\u00eb, pun\u00ebtor\u00eb e intelektual\u00eb&#8230; Po nuk desh\u00ebm veten, si mund t\u00eb presim t\u00eb na duan t\u00eb huajt?<\/p>\n<p><strong>-Si e mendoni Shqip\u00ebrin\u00eb pas dy dekadave?\u00a0<\/strong><\/p>\n<p>&#8211; Shum\u00eb m\u00eb t\u00eb pasur ekonomikisht e sidomos shpirt\u00ebrisht!<\/p>\n<p>FALEMINDERIT DHE SUKSESE<\/p>\n<p>Faleminderit edhe juve<\/p>\n","protected":false},"excerpt":{"rendered":"<p>Ne foto; Kopi Kycyku Intervistoi: Ing.Ahmet Collaku &nbsp; -Talenti qellon cakun qe askush tjeter s&#8217;mund ta qelloje, gjeniu qellon cakun qe askush tjeter nuk mund ta shoh- \u00a0Arthur Schopenhaur \u00a0I nderuar Akademik Kopi Ky\u00e7yku, &nbsp; Nuk e di me\u00a0cil\u00ebn valenc\u00eb t&#8217;ju th\u00ebrras m\u00eb par\u00eb,\u00a0me at\u00eb te profesorit\u00a0apo\u00a0t\u00eb doktorit; me at\u00eb t\u00eb akademikut apo\u00a0me at\u00eb t\u00eb\u00a0shokut&hellip;<\/p>\n","protected":false},"author":1,"featured_media":0,"comment_status":"open","ping_status":"open","sticky":false,"template":"","format":"standard","meta":{"footnotes":""},"categories":[1],"tags":[],"class_list":["post-2252","post","type-post","status-publish","format-standard","hentry","category-intervista"],"_links":{"self":[{"href":"https:\/\/revistakuvendi.org\/index.php?rest_route=\/wp\/v2\/posts\/2252","targetHints":{"allow":["GET"]}}],"collection":[{"href":"https:\/\/revistakuvendi.org\/index.php?rest_route=\/wp\/v2\/posts"}],"about":[{"href":"https:\/\/revistakuvendi.org\/index.php?rest_route=\/wp\/v2\/types\/post"}],"author":[{"embeddable":true,"href":"https:\/\/revistakuvendi.org\/index.php?rest_route=\/wp\/v2\/users\/1"}],"replies":[{"embeddable":true,"href":"https:\/\/revistakuvendi.org\/index.php?rest_route=%2Fwp%2Fv2%2Fcomments&post=2252"}],"version-history":[{"count":1,"href":"https:\/\/revistakuvendi.org\/index.php?rest_route=\/wp\/v2\/posts\/2252\/revisions"}],"predecessor-version":[{"id":2254,"href":"https:\/\/revistakuvendi.org\/index.php?rest_route=\/wp\/v2\/posts\/2252\/revisions\/2254"}],"wp:attachment":[{"href":"https:\/\/revistakuvendi.org\/index.php?rest_route=%2Fwp%2Fv2%2Fmedia&parent=2252"}],"wp:term":[{"taxonomy":"category","embeddable":true,"href":"https:\/\/revistakuvendi.org\/index.php?rest_route=%2Fwp%2Fv2%2Fcategories&post=2252"},{"taxonomy":"post_tag","embeddable":true,"href":"https:\/\/revistakuvendi.org\/index.php?rest_route=%2Fwp%2Fv2%2Ftags&post=2252"}],"curies":[{"name":"wp","href":"https:\/\/api.w.org\/{rel}","templated":true}]}}