{"id":2247,"date":"2012-12-30T00:52:58","date_gmt":"2012-12-30T00:52:58","guid":{"rendered":"http:\/\/revistakuvendi.org\/?p=2247"},"modified":"2012-12-30T00:52:58","modified_gmt":"2012-12-30T00:52:58","slug":"meditim-para-shtatores-se-kryetrimit-adem-jashari","status":"publish","type":"post","link":"https:\/\/revistakuvendi.org\/?p=2247","title":{"rendered":"MEDITIM: PARA SHTATORES S\u00cb KRYETRIMIT ADEM JASHARI\u2026"},"content":{"rendered":"<p><strong><em><a href=\"http:\/\/revistakuvendi.org\/wp-content\/uploads\/2012\/12\/Gecaj-Murat2.jpg\"><img loading=\"lazy\" decoding=\"async\" class=\"alignleft size-medium wp-image-2248\" title=\"Gecaj Murat2\" src=\"http:\/\/revistakuvendi.org\/wp-content\/uploads\/2012\/12\/Gecaj-Murat2-243x300.jpg\" alt=\"\" width=\"243\" height=\"300\" srcset=\"https:\/\/revistakuvendi.org\/wp-content\/uploads\/2012\/12\/Gecaj-Murat2-243x300.jpg 243w, https:\/\/revistakuvendi.org\/wp-content\/uploads\/2012\/12\/Gecaj-Murat2-832x1024.jpg 832w, https:\/\/revistakuvendi.org\/wp-content\/uploads\/2012\/12\/Gecaj-Murat2.jpg 1306w\" sizes=\"auto, (max-width: 243px) 100vw, 243px\" \/><\/a>Nga: MURAT\u00a0 GECAJ<\/em><\/strong><\/p>\n<p>&nbsp;<\/p>\n<p><strong><em>M.Gecaj<\/em><\/strong><\/p>\n<p>K\u00ebto dit\u00eb jan\u00eb fest\u00eb, n\u00eb Tiran\u00eb dhe n\u00eb qytete tjer\u00eb t\u00eb Shqip\u00ebris\u00eb, por edhe m\u00eb gjer\u00eb, n\u00eb Kosov\u00eb e trojet tjera shqiptare dhe n\u00eb disapor\u00eb. V\u00ebrej se udh\u00ebt gum\u00ebzhijn\u00eb e jan\u00eb t\u00eb mbushura plot. Njer\u00ebzit l\u00ebvizin t\u00eb qet\u00eb, dikush m\u00eb k\u00ebmb\u00eb dhe t\u00eb tjer\u00eb me makina.\u00a0 <!--more-->Bashk\u00ebkomb\u00ebsit tan\u00eb, kudo q\u00eb\u00a0 jetojn\u00eb e punojn\u00eb, i shprehin ndjenjat dhe mendimet e tyre edhe p\u00ebrmes urimeve. N\u00eb dit\u00ebt e festave, tashm\u00eb, ato praktikohen n\u00eb rrug\u00eb e me mjete t\u00eb ndryshme. Ka nga ata, q\u00eb e parap\u00eblqejn\u00eb t\u00eb shkojn\u00eb fizikisht dhe t\u00eb takohen me familjar\u00eb, koleg\u00eb, miq e dashamir\u00eb. Disa t\u00eb tjer\u00eb p\u00ebrdorin telefonin e sht\u00ebpis\u00eb ose celularin,i cili edhe\u00a0 ka oferta t\u00eb\u00a0 p\u00ebrshtatshme, p\u00ebr ta realizuar nj\u00eb gj\u00eb t\u00eb till\u00eb. \u00cbsht\u00eb kjo nj\u00eb praktik\u00eb e mir\u00eb, q\u00eb i lidh\u00eb, o afron dhe i miq\u00ebson njer\u00ebzit tan\u00eb.<\/p>\n<p>Kaloj n\u00ebp\u00ebr kryeqytetin Tiran\u00eb dhe ndalem para shtatores s\u00eb Hasan Prishtin\u00ebs, n\u00eb af\u00ebrsi t\u00eb Muzeut Historik Komb\u00ebtar. Nuk ka shum\u00eb dit\u00eb, q\u00eb u p\u00ebrurua dhe ende ka k\u00ebtu\u00a0 kurora\u00a0 e buqeta me lule. Njer\u00ebz t\u00eb ndrysh\u00ebm ndalen e fiksojn\u00eb\u00a0 fotografi, q\u00eb t\u2019i ken\u00eb kujtim. Sjell nd\u00ebrmend, se pik\u00ebrisht n\u00eb dit\u00ebt e festimeve t\u00eb 100-vjetorit t\u00eb Pavar\u00ebsis\u00eb, aty isha bashk\u00eb me nj\u00eb grup koleg\u00ebsh e miq\u00ebsh, t\u00eb cil\u00ebt kishin udhatuar me autobus q\u00eb nga Suedia, n\u00eb Kosov\u00eb, Vlor\u00eb e kthim.\u00a0 Aty b\u00ebm\u00eb s\u00eb bashku disa fotografi\u2026<\/p>\n<p><a href=\"http:\/\/revistakuvendi.org\/wp-content\/uploads\/2012\/12\/Gecaj-Murat-1.jpg\"><img loading=\"lazy\" decoding=\"async\" class=\"alignleft size-medium wp-image-2249\" title=\"Gecaj Murat 1\" src=\"http:\/\/revistakuvendi.org\/wp-content\/uploads\/2012\/12\/Gecaj-Murat-1-145x300.jpg\" alt=\"\" width=\"145\" height=\"300\" \/><\/a><\/p>\n<p><strong><em>Tiran\u00eb: Shtatorja e Adem Jasharit (Foto: M.Gecaj)<\/em><\/strong><\/p>\n<p>M\u00eb tej, udh\u00ebtoj n\u00ebp\u00ebr \u201cRrug\u00ebn e Durr\u00ebsit\u201d. Pa shkuar ende te Sheshi \u201cRilindja\u201d (njihej m\u00eb par\u00eb, \u201cZogu i Zi\u201d), ndalem\u00a0 para nj\u00eb shtatoreje t\u00eb bukur, e cila t\u00eb fton ta nderosh dhe ta respektosh. Ndoshta, nuk duhet ta shkruaj k\u00ebt\u00eb gj\u00eb, por un\u00eb nuk e di emrin e autorit t\u00eb saj. Prandaj i k\u00ebrkoj atij falje dhe e p\u00ebrg\u00ebzoj p\u00ebr punimin e bukur, q\u00eb ka b\u00ebr\u00eb. Pra, ndiej k\u00ebnaq\u00ebsi, kur e shikoj, me at\u00eb shprehjen e saj krenare, burr\u00ebrore e trim\u00ebrore. Esht\u00eb shtatorja e kryetrimit Adem\u00a0 Jashari, komandantit legjendar t\u00eb U\u00c7K-s\u00eb, para kujtimit dhe vepr\u00ebs t\u00eb t\u00eb cilit p\u00ebrulemi t\u00eb gjith\u00eb. Arm\u00ebt i ka ngjeshur dhe v\u00ebshtrimin e mban larg, drejt Kosov\u00ebs martire\u2026Nd\u00ebrkaq, nxjerr aparatin fofografik dhe e shkrepi p\u00ebr disa poza.<\/p>\n<p>Nd\u00ebrkaq, n\u00eb kujtes\u00eb sjell vizit\u00ebn, q\u00eb kam b\u00ebr\u00eb n\u00eb Kull\u00ebn e Jasharjve, n\u00eb Prekaz t\u00eb Drenic\u00ebs, n\u00eb fundvitin 2000. Kam d\u00ebgjuar asaj here p\u00ebr sakrificat mbinjer\u00ebzore t\u00eb k\u00ebsaj familjeje heroike, nga e cila u flijuan mbi 20 veta, p\u00ebr lirin\u00eb dhe pavar\u00ebsin\u00eb e Kosov\u00ebs. N\u00eb shenj\u00eb respekti t\u00eb ve\u00e7ant\u00eb p\u00ebr at\u00eb trung t\u00eb rrall\u00eb familjar, aty b\u00ebra nj\u00eb fofografi me bac\u00ebn Rifat, v\u00ebllain e Adem Jasharit dhe me djalin e tij, Lul\u00ebzimin. Un\u00eb e di, se ata kan\u00eb sa e sa fofografi t\u00eb tilla, me vizitor\u00eb t\u00eb shumt\u00eb. Nd\u00ebrsa p\u00ebr mua ajo ka mbetur gjithnj\u00eb e paharruar dhe e kam fiksuar n\u00eb disa botime t\u00eb mijat.<\/p>\n<p>&nbsp;<\/p>\n<p><strong><em><a href=\"http:\/\/revistakuvendi.org\/wp-content\/uploads\/2012\/12\/Gecaj-Murat.jpg\"><img loading=\"lazy\" decoding=\"async\" class=\"alignleft size-large wp-image-2250\" title=\"Gecaj Murat\" src=\"http:\/\/revistakuvendi.org\/wp-content\/uploads\/2012\/12\/Gecaj-Murat-1024x767.jpg\" alt=\"\" width=\"620\" height=\"464\" srcset=\"https:\/\/revistakuvendi.org\/wp-content\/uploads\/2012\/12\/Gecaj-Murat-1024x767.jpg 1024w, https:\/\/revistakuvendi.org\/wp-content\/uploads\/2012\/12\/Gecaj-Murat-300x224.jpg 300w\" sizes=\"auto, (max-width: 620px) 100vw, 620px\" \/><\/a>Nga e majta: Rifat Jashari, M.Gecaj e Lul\u00ebzim Adem Jashari (Prekaz, 12 n\u00ebntor 2000)<br clear=\"all\" \/> <\/em><\/strong>Por, kur qendroj\u00a0 n\u00eb heshtje para shtatores s\u00eb Adem Jasharit, sjell n\u00eb kujtes\u00eb edhe vizit\u00ebn time disaditore n\u00eb Kosov\u00eb, n\u00eb korrikun e atij viti. Me bashk\u00ebshorten time dhe\u00a0 i shoq\u00ebruar nga miku nga De\u00e7ani, Qerim Pepshi, b\u00ebm\u00eb vizita n\u00eb disa qytete e fshatra. Ishim edhe n\u00eb Gjakov\u00eb e Pej\u00eb, Prizren e Prishtin\u00eb, n\u00eb Gllogjan e Novosel\u00eb etj. Kudo gjet\u00ebm gjurm\u00ebt e heroizmit masiv t\u00eb popullit kosovar, n\u00eb p\u00ebrleshje me pushtuesit gjakatar\u00eb serb\u00eb. B\u00ebm\u00eb nj\u00eb vizit\u00eb edhe n\u00eb sht\u00ebpin\u00eb e komandantit t\u00eb U\u00c7K-s\u00eb, Ramush Haradinaj, ku u takuam me baban\u00eb e tij. Por ishim edhe n\u00eb zon\u00ebn e Junikut, ku kishte b\u00ebr\u00eb vizit\u00eb diplomati i shquar amerikan,\u00a0 Ri\u00e7ard Hollbruk. Kudo na ran\u00eb n\u00eb sy varre, mbuluar me kurora dhe lule t\u00eb fresk\u00ebta. Ishin n\u00eb nderim t\u00eb atyre, q\u00eb e dhan\u00eb jet\u00ebn e tyre t\u00eb re, p\u00ebr lirin\u00eb dhe pavar\u00ebsin\u00eb e Kosov\u00ebs. T\u00eb gjitha ato mbresa un\u00eb i p\u00ebrmblodha n\u00eb librin, <em>\u201cSi e pash\u00eb un\u00eb Kosov\u00ebn\u201d (Tiran\u00eb, 2000).<\/em><\/p>\n<p>Nd\u00ebrsa meditoj p\u00ebr ato, q\u00eb shkrova m\u00eb sip\u00ebr, kujtesa m\u00eb shkon te gjith\u00eb t\u00eb r\u00ebn\u00ebt, n\u00eb luft\u00ebrat shum\u00ebvje\u00e7are\u00a0 p\u00ebr mbrojtjen e vatanit, t\u00eb tok\u00ebs s\u00eb shenjt\u00eb t\u00eb t\u00eb par\u00ebve tan\u00eb. Se v\u00ebrtet \u00ebsht\u00eb e natyrshme t\u00eb festojm\u00eb s\u00eb bashku, por dhe t\u00eb mos harrojm\u00eb sakrificat mbinjer\u00ebzore, q\u00eb na \u00ebsht\u00eb dashur t\u00eb b\u00ebjm\u00eb\u00a0 gjat\u00eb historis\u00eb, p\u00ebr liri e pavar\u00ebsi. Se \u00ebsht\u00eb fakt i njohur, q\u00eb populli yn\u00eb gjithnj\u00eb ka qen\u00eb paq\u00ebsor dhe jo sulmues e agresiv ndaj t\u00eb tjer\u00ebve, pra as ndaj fqinj\u00ebve tan\u00eb. Nd\u00ebrsa t\u00eb huajt\u00eb na kan\u00eb r\u00ebn\u00eb n\u00eb qaf\u00eb me pa t\u00eb drejt\u00eb. Me forc\u00eb e diplomacy t\u00eb padrejt\u00eb, ata na i kan\u00eb cop\u00ebtuar e marr\u00eb nga trungu amtar, disa pjes\u00eb t\u00eb tokave tona dhe, gjoja, me to kan\u00eb krijuar \u201cminishtete\u201d. Nd\u00ebrsa\u00a0 tani atyre u duket e habitshme, kur ne k\u00ebrkojm\u00eb bashkimin e Kombit Shqiptar, ashtu si t\u00eb gjith\u00eb kombet e tjer\u00eb, n\u00eb Ballkan e m\u00eb gjer\u00eb. Sepse ky ishte nj\u00eb ideal i kahersh\u00ebm i rilind\u00ebsve tan\u00eb dhe platform\u00eb e Lidhjes Shqiptare t\u00eb Prizrenit. Por edhe e Qeveris\u00eb s\u00eb par\u00eb shqiptare, t\u00eb kryesuar nga Ismail Qemali, me vendimin e Kuvendit Komb\u00ebtar t\u00eb Vlor\u00ebs, m\u00eb 28 N\u00ebntor 1912. Me k\u00ebt\u00eb mendim, n\u00eb shpirt e n\u00eb zem\u00ebr, ran\u00eb kryetrimi Adem Jashari dhe pjes\u00ebtar\u00ebt e familjes s\u00eb nderuar t\u00eb tij; u flijuan edhe trimat e tjer\u00eb t\u00eb Kosov\u00ebs, q\u00eb\u00a0 ajo t\u00eb ishte e lir\u00eb dhe e pavarur.<\/p>\n<p>Historin\u00eb ton\u00eb t\u00eb lavdishme, ne e kemi dhe duhet ta kemi kurdoher\u00eb n\u00eb mendje e n\u00eb zem\u00ebr. P\u00ebr at\u00eb \u00ebsht\u00eb shkruar n\u00eb sa e sa libra, ruhet n\u00eb muze dhe p\u00ebrjet\u00ebsohet n\u00eb lapidar\u00eb e shtatore t\u00eb atdhetar\u00ebve e t\u00eb luft\u00ebtar\u00ebve tan\u00eb, t\u00eb mendjes e t\u00eb pushk\u00ebs. Prandaj, lipset t\u00eb jemi krenar\u00eb dhe t\u2019ua transmetojm\u00eb brezave pasardh\u00ebs, si gj\u00ebn\u00eb m\u00eb t\u00eb shenjt\u00eb, duke ua treguar luft\u00ebn, p\u00ebrpjekjet dhe gjakun e derdhur p\u00ebr mbijetes\u00eb. Me k\u00ebto ideale t\u00eb larta, ne duhet t\u00eb ecim t\u00eb bashkuar p\u00ebrpara, duke ruajtur lirin\u00eb e pavar\u00ebsin\u00eb, duke e begatuar e p\u00ebrparuar \u00e7do p\u00ebll\u00ebmb\u00eb t\u00eb tok\u00ebs amtare shqiptare. K\u00ebshtu do t\u00eb hyjm\u00eb\u00a0 me ballin lart n\u00eb Bashk\u00ebsin\u00eb Europiane, t\u00eb nderuar dhe t\u00eb respektuar nga shtete aleate e mike, me ShBA n\u00eb krye.<\/p>\n<p><strong><em>Tiran\u00eb, 25 dhjetor 2012<\/em><\/strong><\/p>\n<p>&nbsp;<\/p>\n","protected":false},"excerpt":{"rendered":"<p>Nga: MURAT\u00a0 GECAJ &nbsp; M.Gecaj K\u00ebto dit\u00eb jan\u00eb fest\u00eb, n\u00eb Tiran\u00eb dhe n\u00eb qytete tjer\u00eb t\u00eb Shqip\u00ebris\u00eb, por edhe m\u00eb gjer\u00eb, n\u00eb Kosov\u00eb e trojet tjera shqiptare dhe n\u00eb disapor\u00eb. V\u00ebrej se udh\u00ebt gum\u00ebzhijn\u00eb e jan\u00eb t\u00eb mbushura plot. Njer\u00ebzit l\u00ebvizin t\u00eb qet\u00eb, dikush m\u00eb k\u00ebmb\u00eb dhe t\u00eb tjer\u00eb me makina.\u00a0<\/p>\n","protected":false},"author":1,"featured_media":0,"comment_status":"open","ping_status":"open","sticky":false,"template":"","format":"standard","meta":{"footnotes":""},"categories":[11],"tags":[],"class_list":["post-2247","post","type-post","status-publish","format-standard","hentry","category-publicistike"],"_links":{"self":[{"href":"https:\/\/revistakuvendi.org\/index.php?rest_route=\/wp\/v2\/posts\/2247","targetHints":{"allow":["GET"]}}],"collection":[{"href":"https:\/\/revistakuvendi.org\/index.php?rest_route=\/wp\/v2\/posts"}],"about":[{"href":"https:\/\/revistakuvendi.org\/index.php?rest_route=\/wp\/v2\/types\/post"}],"author":[{"embeddable":true,"href":"https:\/\/revistakuvendi.org\/index.php?rest_route=\/wp\/v2\/users\/1"}],"replies":[{"embeddable":true,"href":"https:\/\/revistakuvendi.org\/index.php?rest_route=%2Fwp%2Fv2%2Fcomments&post=2247"}],"version-history":[{"count":1,"href":"https:\/\/revistakuvendi.org\/index.php?rest_route=\/wp\/v2\/posts\/2247\/revisions"}],"predecessor-version":[{"id":2251,"href":"https:\/\/revistakuvendi.org\/index.php?rest_route=\/wp\/v2\/posts\/2247\/revisions\/2251"}],"wp:attachment":[{"href":"https:\/\/revistakuvendi.org\/index.php?rest_route=%2Fwp%2Fv2%2Fmedia&parent=2247"}],"wp:term":[{"taxonomy":"category","embeddable":true,"href":"https:\/\/revistakuvendi.org\/index.php?rest_route=%2Fwp%2Fv2%2Fcategories&post=2247"},{"taxonomy":"post_tag","embeddable":true,"href":"https:\/\/revistakuvendi.org\/index.php?rest_route=%2Fwp%2Fv2%2Ftags&post=2247"}],"curies":[{"name":"wp","href":"https:\/\/api.w.org\/{rel}","templated":true}]}}