{"id":2242,"date":"2012-12-28T00:38:13","date_gmt":"2012-12-28T00:38:13","guid":{"rendered":"http:\/\/revistakuvendi.org\/?p=2242"},"modified":"2012-12-28T00:42:20","modified_gmt":"2012-12-28T00:42:20","slug":"po-ku-ka-si-ti-vace-zela-ne-vend-te-nje-kartoline-per-krishtlindje-dhe-vit-te-ri","status":"publish","type":"post","link":"https:\/\/revistakuvendi.org\/?p=2242","title":{"rendered":"PO KU KA SI TI, VA\u00c7E ZELA!&#8230; (N\u00eb vend t\u00eb nj\u00eb kartoline p\u00ebr Krishtlindje dhe Vit t\u00eb Ri)"},"content":{"rendered":"<p><a href=\"http:\/\/revistakuvendi.org\/wp-content\/uploads\/2012\/12\/Vace-ZELA.jpg\"><img loading=\"lazy\" decoding=\"async\" class=\"alignleft size-full wp-image-2245\" title=\"Vace ZELA\" src=\"http:\/\/revistakuvendi.org\/wp-content\/uploads\/2012\/12\/Vace-ZELA.jpg\" alt=\"\" width=\"450\" height=\"306\" srcset=\"https:\/\/revistakuvendi.org\/wp-content\/uploads\/2012\/12\/Vace-ZELA.jpg 450w, https:\/\/revistakuvendi.org\/wp-content\/uploads\/2012\/12\/Vace-ZELA-300x204.jpg 300w\" sizes=\"auto, (max-width: 450px) 100vw, 450px\" \/><\/a>Ne foto: Vace Zela<\/p>\n<p>&nbsp;<\/p>\n<p>Nga :NDUE DEDAJ<\/p>\n<p>N\u00eb festa si k\u00ebto t\u00eb fundvitit do t\u00eb d\u00ebshiroje t\u00eb uroje p\u00ebrzem\u00ebrsisht shum\u00eb njer\u00ebz. T\u00eb njohur e t\u00eb panjohur. T\u00eb af\u00ebrt e larg\u00ebt. Ve\u00e7an\u00ebrisht f\u00ebmij\u00ebt dhe t\u00eb moshuarit, dy \u201cskajet\u201d e gjindjes njer\u00ebzore. Por jan\u00eb dhe ca njer\u00ebz q\u00eb kurr\u00eb nuk i gjen fjal\u00ebt p\u00ebr ta, edhe pse madh\u00ebshtia e tyre ka t\u00eb vetmen p\u00ebrkrenare, thjesht\u00ebsin\u00eb. E nuk kujtohesh vet\u00ebm sot p\u00ebr mitin e k\u00ebng\u00ebs shqiptare t\u00eb gjysm\u00ebs s\u00eb dyt\u00eb t\u00eb shekullit XX. \u00cbsht\u00eb kremtuar 100-vjetori i Pavar\u00ebsis\u00eb dhe nd\u00ebr emrat e bujsh\u00ebm t\u00eb kombit,<!--more--> do t\u00eb doje fort q\u00eb Va\u00e7e Zela t\u00eb mos mungonte, dhe se e di se prej nj\u00ebzet vjet\u00ebsh ajo rron n\u00eb Zvic\u00ebr, duke u p\u00ebrballur edhe me probleme t\u00eb sh\u00ebndetit. Jan\u00eb kujtuar nd\u00ebrkoh\u00eb dhe miqt\u00eb e saj t\u00eb artit dhe kan\u00eb b\u00ebr\u00eb nj\u00eb emision televiziv n\u00eb \u201cKlan\u201d, ku kan\u00eb ligj\u00ebruar fissh\u00ebm p\u00ebr zonj\u00ebn e madhe t\u00eb sken\u00ebs. Dy vjet m\u00eb par\u00eb k\u00ebnga e saj \u201cRrjedh n\u00eb k\u00ebng\u00eb e ligj\u00ebrime\u201d u shnd\u00ebrrua n\u00eb himnin vjetor t\u00eb \u201cTop Channel\u201d, k\u00ebnduar n\u00eb kor nga trupa e k\u00ebtij televizioni, duke iu kthyer e shum\u00ebfishuar publikut t\u00eb ri artdash\u00ebs, q\u00eb as lindur nuk kishte at\u00ebher\u00eb kur qe ngjizur kjo k\u00ebng\u00eb simbol, me muzik\u00eb t\u00eb kompozitorit t\u00eb madh, Feim Ibrahimi dhe vargje t\u00eb poetit t\u00eb njohur Gjok Beci, q\u00eb n\u00eb vitet \u201980 shkruante tekste t\u00eb spikatura p\u00ebr repertorin e muzik\u00ebs s\u00eb leht\u00eb shqiptare. Refrenin e saj tashm\u00eb e din\u00eb t\u00eb gjith\u00eb:<\/p>\n<p>\u201cPo ku ka si ti, Shqip\u00ebria ime,<\/p>\n<p>Moj fisnikja p\u00ebrmbi gur!<\/p>\n<p>Rrjedh n\u00eb k\u00ebng\u00eb e ligj\u00ebrime<\/p>\n<p>Ball\u00eblarta me flamur\u2026\u201d<\/p>\n<p>Kur d\u00ebgjon Va\u00e7e Zel\u00ebn harron p\u00ebr nj\u00eb \u00e7ast se n\u00eb n\u00eb cil\u00ebn epok\u00eb rron, se e djeshmja jote dhe e saj ishte nj\u00eb diktatur\u00eb, ku liria e artit mungonte. Ashtu sikur ata q\u00eb d\u00ebgjonin Tefta Tashkon, n\u00eb vitet \u201930, harronin realitetin ku rronin, mes nj\u00eb varf\u00ebrie t\u00eb skajshme dhe Tirana iu dukej Paris. Me gjas\u00eb kjo \u00ebsht\u00eb fuqia e pamatshme e artit. Ylli i Va\u00e7e Zel\u00ebs shndriti si ai e s\u2019ka, pa\u00e7ka se si ishte rendi shoq\u00ebror, dritat e sken\u00ebs ka ajo u ngjit, turnet\u00eb e pakt\u00eb n\u00ebp\u00ebr bot\u00eb, vidioklipet e munguara etj. Ndoshta t\u00eb gjitha k\u00ebto iu duheshin t\u00eb tjer\u00ebve, por jo asaj, artistes unikale me nj\u00eb thjesht\u00ebsi hutuese e madh\u00ebshti t\u00eb parrokshme. Ishte nj\u00eb koh\u00eb kur miti i udh\u00ebheq\u00ebsis\u00eb politike \u201crivalizohej\u201d nga emra t\u00eb m\u00ebdhenj t\u00eb shkenc\u00ebs, artit e sportit, si: Eqrem \u00c7abej, Ismail Kadare, Rexhep Qosja, Va\u00e7e Zela, Nexhmie Pagarusha, \u00c7esk Zadeja, Bekim Fehmiu, Panajot Pano etj. Dhe kur bota kulturore b\u00ebhej shqet\u00ebsuese p\u00ebr kupol\u00ebn, disa nga mjeshtrit hidheshin prapa hekurave e disa t\u00eb tjer\u00eb mbuloheshin me nj\u00eb heshtje t\u00eb atill\u00eb sa nuk dihej n\u00eb ishin gjall\u00eb apo kishin vdekur, si: Lasgush Poradeci, Dhora Leka, Mitrush Kuteli, Gjon Shllaku, Petro Marko etj. Nd\u00ebrkoh\u00eb q\u00eb nga syt\u00eb e regjimit ishin fshir\u00eb dhjet\u00ebra korifenj t\u00eb kultur\u00ebs komb\u00ebtare, andej-k\u00ebndej n\u00eb emigracionin e pas Luft\u00ebs s\u00eb Dyt\u00eb Bot\u00ebrore, p\u00ebrfshi dhe mbret\u00ebror\u00ebt, Gjomarkajt etj. E megjithat\u00eb riktheheshin bujsh\u00ebm Marub\u00ebt me fototek\u00ebn e tyre p\u00ebrrallore. Emra t\u00eb shquar t\u00eb Per\u00ebndimit si Gjon Mili e Sten Dragoti rrez\u00ebllinin sy yje t\u00eb nj\u00eb hap\u00ebsire t\u00eb larg\u00ebt planetare. Kishte dhe ndonj\u00eb meteor t\u00eb shkenc\u00ebs si Besnik Sykja q\u00eb nuk mund t\u00eb kalonte pa jehon\u00eb.<\/p>\n<p>Ishte e kuptueshme, pra, q\u00eb ne si f\u00ebmij\u00eb e t\u00eb rinj t\u00eb viteve \u201970 t\u00eb t\u00ebrhiqeshim nga k\u00ebta emra fatsjell\u00ebs dhe idealiteti i tyre. Kishe tek e fundit ca modele kah mund t\u00eb shkoje. Bash at\u00ebher\u00eb, si t\u00eb rinj q\u00eb ishim, n\u00eb vend q\u00eb vargjet e para t\u2019i shkruanim p\u00ebr vajzat q\u00eb kishim pran\u00eb, ia kushtonim ato Va\u00e7e Zel\u00ebs, ani se s\u2019ishim t\u00eb nj\u00eb moshe me t\u00eb dhe p\u00ebr m\u00eb tep\u00ebr e kishim larg, porse z\u00ebri i saj ishte nj\u00eb magji artistike, nj\u00eb eklips. Ajo, e gjithpushtetshme, i jepte kuptim qenies s\u00eb secilit pa e kuptuar. K\u00ebnga i saj t\u00eb rriste t\u00eb bukur, t\u00eb fresk\u00ebt, t\u00eb lir\u00eb. N\u00ebse kongreset hijer\u00ebnda nuk ishin t\u00eb tuat, sallat ku k\u00ebndonte artisja e dashur ishin lirisht t\u00eb tuat, plot ndjesi t\u00eb larta e emocion. Tjet\u00ebr ishin duartrokitjet e presidiuemeve dhe tjet\u00ebr ato p\u00ebr k\u00ebng\u00ebt e Va\u00e7es. Me Va\u00e7en gurgullonin gurrat e bjeshk\u00ebve, shp\u00ebrthenin k\u00ebng\u00ebt e bilbilave, lulet e fushave, val\u00ebt e detit. Va\u00e7ja ishte nj\u00eb tjet\u00ebr realitet nga ai ku ti rroje. K\u00ebndonte Va\u00e7ja bashk\u00eb me kitar\u00ebn dhe ti i bashkoheshe z\u00ebrit t\u00eb saj dhe t\u00eb Mentor Xhemalit p\u00ebr atdheun. Va\u00e7ja e k\u00ebng\u00ebve t\u00eb njohura, si \u201cValsi i lumturis\u00eb\u201d, \u201cF\u00ebmija i par\u00eb\u201d, \u201cKur bien fyelli e \u00e7iftelia\u201d, \u201cN\u00ebnat tona\u201d, \u201cMoj e bukura Shqip\u00ebri\u201d, \u201cK\u00ebng\u00ebt e vendit tim\u201d dhe e dhjet\u00ebra hiteve t\u00eb tjera n\u00eb vite nuk mund t\u00eb ngjitej n\u00eb sken\u00eb e t\u00eb mos merrte p\u00ebrher\u00eb \u00e7mim t\u00eb par\u00eb, duke patur nj\u00ebz\u00ebri \u201cpo\u201d-n\u00eb e t\u00eb gjith\u00ebve. S\u2019mund t\u00eb ndodhte ndryshe me nj\u00eb z\u00eb aq magjep\u00ebs, t\u00eb bukur sa s\u2019thuhet e mbase t\u00eb pap\u00ebrs\u00ebritsh\u00ebm.<\/p>\n<p>Nj\u00eb kartolin\u00eb p\u00ebr Va\u00e7en do t\u00eb ishte ve\u00e7se nj\u00eb afresk dashurie e mir\u00ebnjohje. Nd\u00ebrkoh\u00eb q\u00eb ajo mban titullin e lart\u00eb \u201cNderi i Kombit\u201d. Ashtu si dhe nj\u00eb rrug\u00eb n\u00eb Tiran\u00eb mban emrin e saj. Ministria e Kultur\u00ebs vitin 2009 e quajti \u201cViti i Va\u00e7e Zel\u00ebs\u201d, n\u00eb p\u00ebrkujtim t\u00eb 70-vjetorit t\u00eb artistes. Dhe nuk shterron nderimi p\u00ebr mbret\u00ebresh\u00ebn e k\u00ebng\u00ebs moderne shqiptare. Ashtu si\u00e7 ajo e pag\u00ebzoi me nj\u00eb cil\u00ebsi t\u00eb re k\u00ebng\u00ebn e shekullit t\u00eb vet, ashtu shqiptar\u00ebt kan\u00eb p\u00ebr t\u2019i pag\u00ebzuar vazhdimisht bijat e tyre me emrin Va\u00e7e. Dhe do t\u00eb k\u00ebndojn\u00eb me siguri, ashtu si ajo k\u00ebndoi p\u00ebr Shqip\u00ebrin\u00eb: \u201cPo ku ka si ti, Va\u00e7e Zela!&#8230;<\/p>\n<p>&nbsp;<\/p>\n<p><em>\u00a027 dhjetor 2012<\/em><\/p>\n","protected":false},"excerpt":{"rendered":"<p>Ne foto: Vace Zela &nbsp; Nga :NDUE DEDAJ N\u00eb festa si k\u00ebto t\u00eb fundvitit do t\u00eb d\u00ebshiroje t\u00eb uroje p\u00ebrzem\u00ebrsisht shum\u00eb njer\u00ebz. T\u00eb njohur e t\u00eb panjohur. T\u00eb af\u00ebrt e larg\u00ebt. Ve\u00e7an\u00ebrisht f\u00ebmij\u00ebt dhe t\u00eb moshuarit, dy \u201cskajet\u201d e gjindjes njer\u00ebzore. Por jan\u00eb dhe ca njer\u00ebz q\u00eb kurr\u00eb nuk i gjen fjal\u00ebt p\u00ebr ta, edhe&hellip;<\/p>\n","protected":false},"author":1,"featured_media":0,"comment_status":"open","ping_status":"open","sticky":false,"template":"","format":"standard","meta":{"footnotes":""},"categories":[12,13],"tags":[],"class_list":["post-2242","post","type-post","status-publish","format-standard","hentry","category-jete-komuniteti","category-muzike"],"_links":{"self":[{"href":"https:\/\/revistakuvendi.org\/index.php?rest_route=\/wp\/v2\/posts\/2242","targetHints":{"allow":["GET"]}}],"collection":[{"href":"https:\/\/revistakuvendi.org\/index.php?rest_route=\/wp\/v2\/posts"}],"about":[{"href":"https:\/\/revistakuvendi.org\/index.php?rest_route=\/wp\/v2\/types\/post"}],"author":[{"embeddable":true,"href":"https:\/\/revistakuvendi.org\/index.php?rest_route=\/wp\/v2\/users\/1"}],"replies":[{"embeddable":true,"href":"https:\/\/revistakuvendi.org\/index.php?rest_route=%2Fwp%2Fv2%2Fcomments&post=2242"}],"version-history":[{"count":3,"href":"https:\/\/revistakuvendi.org\/index.php?rest_route=\/wp\/v2\/posts\/2242\/revisions"}],"predecessor-version":[{"id":2244,"href":"https:\/\/revistakuvendi.org\/index.php?rest_route=\/wp\/v2\/posts\/2242\/revisions\/2244"}],"wp:attachment":[{"href":"https:\/\/revistakuvendi.org\/index.php?rest_route=%2Fwp%2Fv2%2Fmedia&parent=2242"}],"wp:term":[{"taxonomy":"category","embeddable":true,"href":"https:\/\/revistakuvendi.org\/index.php?rest_route=%2Fwp%2Fv2%2Fcategories&post=2242"},{"taxonomy":"post_tag","embeddable":true,"href":"https:\/\/revistakuvendi.org\/index.php?rest_route=%2Fwp%2Fv2%2Ftags&post=2242"}],"curies":[{"name":"wp","href":"https:\/\/api.w.org\/{rel}","templated":true}]}}