{"id":2231,"date":"2012-12-24T19:54:03","date_gmt":"2012-12-24T19:54:03","guid":{"rendered":"http:\/\/revistakuvendi.org\/?p=2231"},"modified":"2012-12-24T19:54:03","modified_gmt":"2012-12-24T19:54:03","slug":"gezuar-e-per-shume-vjet-krishtlindjen-dhe-vitin-e-ri-2013","status":"publish","type":"post","link":"https:\/\/revistakuvendi.org\/?p=2231","title":{"rendered":"G\u00ebzuar e p\u00ebr shum\u00eb vjet KRISHTLINDJEN dhe VITIN E RI 2013!"},"content":{"rendered":"<p><a href=\"http:\/\/revistakuvendi.org\/wp-content\/uploads\/2012\/12\/Don-Frani.jpg\"><img loading=\"lazy\" decoding=\"async\" class=\"alignleft size-large wp-image-2232\" title=\"Don Frani\" src=\"http:\/\/revistakuvendi.org\/wp-content\/uploads\/2012\/12\/Don-Frani-1024x768.jpg\" alt=\"\" width=\"620\" height=\"465\" srcset=\"https:\/\/revistakuvendi.org\/wp-content\/uploads\/2012\/12\/Don-Frani-1024x768.jpg 1024w, https:\/\/revistakuvendi.org\/wp-content\/uploads\/2012\/12\/Don-Frani-300x225.jpg 300w, https:\/\/revistakuvendi.org\/wp-content\/uploads\/2012\/12\/Don-Frani.jpg 1195w\" sizes=\"auto, (max-width: 620px) 100vw, 620px\" \/><\/a>Jemi krejt af\u00ebr dy festave m\u00eb t\u00eb m\u00ebdha t\u00eb njer\u00ebzimit; <strong>Krishtlindjes dhe Vitit t\u00eb Ri<\/strong>, n\u00eb Koh\u00ebn e Re q\u00eb fillon me Lindjen e Krishtit!<\/p>\n<p>Uroj nga zemra Komunitetin Katolik \u00a0\u201c Sh\u00ebn Pali\u201d n\u00eb Michigan dhe t\u00eb gjith\u00eb shqiptar\u00ebt kudo q\u00eb jan\u00eb;<!--more--><br \/>\nG\u00cbZUAR E P\u00cbR SHUM\u00cb VJET KRISHTLINDJEN DHE VITIN E RI 2013!<\/p>\n<p>Qoft\u00eb p\u00ebr t\u00eb gjith\u00eb, viti i lumturis\u00eb tuaj, familjeve tuaja dhe gjith\u00eb atyre q\u00eb keni p\u00ebr zem\u00ebr!<\/p>\n<p>Le t\u2019u sjell\u00eb kjo dit\u00eb e madhe sa ma shum\u00eb dashuri p\u00ebr nj\u00ebri-tjetrin, g\u00ebzime dhe harmoni, mir\u00ebkuptim e paqe, duke l\u00ebn\u00eb me nj\u00eb an\u00eb ato pak m\u00ebni q\u00eb na ndajn\u00eb, p\u00ebr t\u2019ia \u00e7el\u00eb udh\u00ebn s\u00eb nes\u00ebrmes s\u00eb ndritur t\u00eb secilit prej nesh e t\u00eb gjith\u00ebve s\u00eb bashku!<\/p>\n<p><strong><em>Don Fran Kola<\/em><\/strong><\/p>\n<p><strong><em>Famullitar i Kishes se Shen Palit<\/em><\/strong><\/p>\n<p><strong><em>\u00a0<\/em><\/strong><strong><em>Rochester Hills, 24 Dhjetor 2012<\/em><\/strong><\/p>\n","protected":false},"excerpt":{"rendered":"<p>Jemi krejt af\u00ebr dy festave m\u00eb t\u00eb m\u00ebdha t\u00eb njer\u00ebzimit; Krishtlindjes dhe Vitit t\u00eb Ri, n\u00eb Koh\u00ebn e Re q\u00eb fillon me Lindjen e Krishtit! Uroj nga zemra Komunitetin Katolik \u00a0\u201c Sh\u00ebn Pali\u201d n\u00eb Michigan dhe t\u00eb gjith\u00eb shqiptar\u00ebt kudo q\u00eb jan\u00eb;<\/p>\n","protected":false},"author":1,"featured_media":0,"comment_status":"open","ping_status":"open","sticky":false,"template":"","format":"standard","meta":{"footnotes":""},"categories":[12],"tags":[],"class_list":["post-2231","post","type-post","status-publish","format-standard","hentry","category-jete-komuniteti"],"_links":{"self":[{"href":"https:\/\/revistakuvendi.org\/index.php?rest_route=\/wp\/v2\/posts\/2231","targetHints":{"allow":["GET"]}}],"collection":[{"href":"https:\/\/revistakuvendi.org\/index.php?rest_route=\/wp\/v2\/posts"}],"about":[{"href":"https:\/\/revistakuvendi.org\/index.php?rest_route=\/wp\/v2\/types\/post"}],"author":[{"embeddable":true,"href":"https:\/\/revistakuvendi.org\/index.php?rest_route=\/wp\/v2\/users\/1"}],"replies":[{"embeddable":true,"href":"https:\/\/revistakuvendi.org\/index.php?rest_route=%2Fwp%2Fv2%2Fcomments&post=2231"}],"version-history":[{"count":2,"href":"https:\/\/revistakuvendi.org\/index.php?rest_route=\/wp\/v2\/posts\/2231\/revisions"}],"predecessor-version":[{"id":2234,"href":"https:\/\/revistakuvendi.org\/index.php?rest_route=\/wp\/v2\/posts\/2231\/revisions\/2234"}],"wp:attachment":[{"href":"https:\/\/revistakuvendi.org\/index.php?rest_route=%2Fwp%2Fv2%2Fmedia&parent=2231"}],"wp:term":[{"taxonomy":"category","embeddable":true,"href":"https:\/\/revistakuvendi.org\/index.php?rest_route=%2Fwp%2Fv2%2Fcategories&post=2231"},{"taxonomy":"post_tag","embeddable":true,"href":"https:\/\/revistakuvendi.org\/index.php?rest_route=%2Fwp%2Fv2%2Ftags&post=2231"}],"curies":[{"name":"wp","href":"https:\/\/api.w.org\/{rel}","templated":true}]}}