{"id":1727,"date":"2012-09-30T22:11:39","date_gmt":"2012-09-30T22:11:39","guid":{"rendered":"http:\/\/revistakuvendi.org\/?p=1727"},"modified":"2012-09-30T22:11:39","modified_gmt":"2012-09-30T22:11:39","slug":"themelohet-lidhja-e-diaspores-shqiptare-per-maqedoni","status":"publish","type":"post","link":"https:\/\/revistakuvendi.org\/?p=1727","title":{"rendered":"Themelohet Lidhja e Diaspor\u00ebs Shqiptare p\u00ebr Maqedoni"},"content":{"rendered":"<table border=\"0\" cellspacing=\"0\" cellpadding=\"0\">\n<tbody>\n<tr>\n<td align=\"top\"><a href=\"http:\/\/getfile6.posterous.com\/getfile\/files.posterous.com\/temp-2012-09-27\/njDmaHbbteqgcEGeIcgvaklvAcpCabygszGgAqmygkmEgjbwzlHaCxxdyJih\/133853_448115718574658_1384912212_o.jpg.scaled1000.jpg\" target=\"_blank\"><img loading=\"lazy\" decoding=\"async\" src=\"http:\/\/getfile3.posterous.com\/getfile\/files.posterous.com\/temp-2012-09-27\/njDmaHbbteqgcEGeIcgvaklvAcpCabygszGgAqmygkmEgjbwzlHaCxxdyJih\/133853_448115718574658_1384912212_o.jpg.scaled500.jpg\" alt=\"133853_448115718574658_1384912212_o\" width=\"500\" height=\"334\" \/><\/a><\/td>\n<\/tr>\n<\/tbody>\n<\/table>\n<p>Themelohet Lidhja e Diaspor\u00ebs Shqiptare p\u00ebr Maqedoni<\/p>\n<p>Me iniciativ\u00eb t\u00eb Komunitetit Shqiptaro-amerikan t\u00eb Illinoisit, diaspora shqiptare ka hapur dinamik\u00ebn e re t\u00eb organizimit dhe t\u00eb veprimit t\u00eb saj n\u00eb p\u00ebrputhje me realitetet aktuale ku jeton dhe vepron dhe me realitetet socio-politike \u2013institucionale t\u00eb Atdheut.<!--more--><br \/>\nN\u00eb k\u00ebt\u00eb drejtim, mbr\u00ebm\u00eb n\u00eb New Jersey u zgjodh K\u00ebshilli nism\u00ebtar p\u00ebr themelimin e<\/p>\n<div>Diaspor\u00ebs Shqiptare p\u00ebr Maqedoni, q\u00eb do funksionoj\u00eb si nj\u00eb lidhje e shoqatave t\u00eb diaspor\u00ebs shqiptare n\u00eb Amerik\u00eb, n\u00eb Kanada, Australi, Europ\u00eb dhe Azi.<br \/>\nMisioni i lidhjes t\u00eb Diaspor\u00ebs Dhqiptare p\u00ebr Maqedoni do t\u00eb jet\u00eb vendosja e lidhjeve dhe e koordinimeve t\u00eb q\u00ebndrueshme nd\u00ebrmjet komuniteteve te diaspor\u00ebs shqiptare n\u00eb k\u00ebto kontinente me q\u00ebllim p\u00ebr ta fuqizuar aktivizmin dhe p\u00ebrgjegj\u00ebsin\u00eb e diaspor\u00ebs p\u00ebrball\u00eb sfidave aktuale dhe t\u00eb ardhme, dhe p\u00ebr ta trajtuar diaspor\u00ebn shqiptare si pjes\u00ebn vitale dhe t\u00eb pandashme t\u00eb trungut komb\u00ebtar, duke u angazhuar p\u00ebr nd\u00ebrlidhjen institucionale t\u00eb saj m\u00eb organizmat institucional t\u00eb Atdheut.<br \/>\nK\u00ebshilli nism\u00ebtar i zgjedhur mbr\u00ebm\u00eb, q\u00eb e p\u00ebrb\u00ebjn\u00eb: Xhevat Sherifi (Illinois), Ramazan Veliu (New Jersey), Fluturim Rizvani (Connectiket), Emin Egriu (New York), Haxhi Dauti (New Jersey), Skender Kodra (Brooklyn), Seladin Sinani (Bryksel-Europe), Sali Bolati (Bronx) dhe Musa Lamallari (Lond\u00ebr), gjer n\u00eb p\u00ebrfundimin e institucionalizimit t\u00eb saj, do kryesohet nga promotori i k\u00ebsaj nisme, Xhevat Sherifi nga Komuniteti Shqiptaro-Amerikan i Illinoisit.<\/div>\n","protected":false},"excerpt":{"rendered":"<p>Themelohet Lidhja e Diaspor\u00ebs Shqiptare p\u00ebr Maqedoni Me iniciativ\u00eb t\u00eb Komunitetit Shqiptaro-amerikan t\u00eb Illinoisit, diaspora shqiptare ka hapur dinamik\u00ebn e re t\u00eb organizimit dhe t\u00eb veprimit t\u00eb saj n\u00eb p\u00ebrputhje me realitetet aktuale ku jeton dhe vepron dhe me realitetet socio-politike \u2013institucionale t\u00eb Atdheut.<\/p>\n","protected":false},"author":1,"featured_media":0,"comment_status":"open","ping_status":"open","sticky":false,"template":"","format":"standard","meta":{"footnotes":""},"categories":[11],"tags":[],"class_list":["post-1727","post","type-post","status-publish","format-standard","hentry","category-publicistike"],"_links":{"self":[{"href":"https:\/\/revistakuvendi.org\/index.php?rest_route=\/wp\/v2\/posts\/1727","targetHints":{"allow":["GET"]}}],"collection":[{"href":"https:\/\/revistakuvendi.org\/index.php?rest_route=\/wp\/v2\/posts"}],"about":[{"href":"https:\/\/revistakuvendi.org\/index.php?rest_route=\/wp\/v2\/types\/post"}],"author":[{"embeddable":true,"href":"https:\/\/revistakuvendi.org\/index.php?rest_route=\/wp\/v2\/users\/1"}],"replies":[{"embeddable":true,"href":"https:\/\/revistakuvendi.org\/index.php?rest_route=%2Fwp%2Fv2%2Fcomments&post=1727"}],"version-history":[{"count":1,"href":"https:\/\/revistakuvendi.org\/index.php?rest_route=\/wp\/v2\/posts\/1727\/revisions"}],"predecessor-version":[{"id":1728,"href":"https:\/\/revistakuvendi.org\/index.php?rest_route=\/wp\/v2\/posts\/1727\/revisions\/1728"}],"wp:attachment":[{"href":"https:\/\/revistakuvendi.org\/index.php?rest_route=%2Fwp%2Fv2%2Fmedia&parent=1727"}],"wp:term":[{"taxonomy":"category","embeddable":true,"href":"https:\/\/revistakuvendi.org\/index.php?rest_route=%2Fwp%2Fv2%2Fcategories&post=1727"},{"taxonomy":"post_tag","embeddable":true,"href":"https:\/\/revistakuvendi.org\/index.php?rest_route=%2Fwp%2Fv2%2Ftags&post=1727"}],"curies":[{"name":"wp","href":"https:\/\/api.w.org\/{rel}","templated":true}]}}