{"id":1724,"date":"2012-09-30T22:08:49","date_gmt":"2012-09-30T22:08:49","guid":{"rendered":"http:\/\/revistakuvendi.org\/?p=1724"},"modified":"2012-09-30T22:08:49","modified_gmt":"2012-09-30T22:08:49","slug":"profesor-artan-fuga-kerkon-shume","status":"publish","type":"post","link":"https:\/\/revistakuvendi.org\/?p=1724","title":{"rendered":"PROFESOR ARTAN FUGA K\u00cbRKON SHUM\u00cb"},"content":{"rendered":"<p><a href=\"http:\/\/revistakuvendi.org\/wp-content\/uploads\/2012\/09\/rexhep-shahu2.jpg\"><img loading=\"lazy\" decoding=\"async\" class=\"alignleft size-full wp-image-1725\" title=\"rexhep shahu\" src=\"http:\/\/revistakuvendi.org\/wp-content\/uploads\/2012\/09\/rexhep-shahu2.jpg\" alt=\"\" width=\"160\" height=\"187\" \/><\/a>REXHEP SHAHU<\/p>\n<div>\n<div>\u00a0Profesor Artan Fuga shkruan bukur e sakt\u00eb si askush tjet\u00ebr rreth vendimit t\u00eb autoriteteve t\u00eb fes\u00eb katolike p\u00ebr shkish\u00ebrimin e atyre q\u00eb vrasin dhe shpifin se vrasin gjoja n\u00eb em\u00ebr t\u00eb Kanunit.<!--more--><\/div>\n<div>Vrasjet q\u00eb kan\u00eb ndodh\u00eb n\u00eb k\u00ebto dy dekada n\u00eb Shqip\u00ebri jan\u00eb n\u00eb mas\u00ebn mbi 90 p\u00ebrqind vrasje mafioze dhe jo vrasje n\u00eb baz\u00eb t\u00eb rregullave t\u00eb arta t\u00eb kanunit.<\/div>\n<div>Krahas vrasjes s\u00eb njerzve, krahas privimit t\u00eb liris\u00eb p\u00ebr grat\u00eb e f\u00ebmij\u00ebt e ngujuar, krejt antikanunore, ata q\u00eb kan\u00eb b\u00ebr\u00eb vrasje n\u00eb k\u00ebto dy dekada kan\u00eb ther\u00eb me thik\u00eb me helm edhe vet\u00eb Kanunin e Lek\u00eb Dukagjinit, k\u00ebt\u00eb vler\u00eb t\u00eb pallogaritshme t\u00eb trash\u00ebgimis\u00eb son\u00eb komb\u00ebtare. Sa here \u00ebsht\u00eb vrar\u00eb nj\u00eb njeri gjoja n\u00eb em\u00ebr t\u00eb kanunit, aq plumba i jan\u00eb ngul\u00eb edhe Kanunit.<\/div>\n<div>Po aq her\u00eb sa plumba jan\u00eb derdh\u00eb mbi njerzit n\u00eb em\u00ebr t\u00eb Kanunit, aq plumba jan\u00eb derdh\u00eb n\u00eb fytyr\u00ebn e n\u00eb zemr\u00ebn e Kish\u00ebs katolike, ur\u00ebs q\u00eb lidh shqiptar\u00ebt me qytet\u00ebrimin perendimor.<\/div>\n<div>Mendoj se keto vrasje n\u00eb k\u00ebto dy dekada, si\u00e7 kan\u00eb ndodh\u00eb, p\u00ebrve\u00e7se kan\u00eb marr\u00eb jet\u00eb njerzish, jan\u00eb ngujuar f\u00ebmij\u00eb e gra, kan\u00eb pasuruar biznes-negociator\u00ebt dhe biznes-shoqatat e pajtimit-nxitjes-pajtimit-nxitjes s\u00eb gjakmarrjes, kan\u00eb sh\u00ebmtuar jo pa q\u00ebllim dy gjera thelb\u00ebsore t\u00eb qenies s\u00eb shqiptareve: Kanunin e lasht\u00eb shqiptar dhe Kishen katolike.<\/div>\n<div>Ky shemtim, nuk me bind dot askush ndryshe, ka qen\u00eb krejt i q\u00ebllimsh\u00ebm, krejt i financuar, krejt antishqiptar, krejt i studiuar e programuar me platform\u00eb antishqiptare.<\/div>\n<div>Sepse Kanuni shqiptar \u00ebsht\u00eb themel i trash\u00ebgimis\u00eb son\u00eb, kushtetut\u00eb q\u00eb bind edhe dre\u00e7in se shqiptar\u00ebt kan\u00eb jetuar me ligje, rregulla e kode p\u00ebrfekte q\u00eb shum\u00ebkush nga kombet e m\u00ebdhenj ua kan\u00eb zili. Dhe sepse Kisha katolike ka qen\u00eb ur\u00eb e pashembshme q\u00eb ka lidh\u00eb shqiptar\u00ebt me qytet\u00ebrimin per\u00ebndimor. Ndaj duhen p\u00ebrdhosur e shk\u00ebrmoqur si Kanuni ashtu edhe Kisha katolike. E sidomos Kisha katolike, kjo ur\u00eb q\u00eb lidh shqiptar\u00ebt me per\u00ebndimin. Ndaj shumica e vrasjeve, shumica e sh\u00ebmtive n\u00eb em\u00ebr t\u00eb Kanunit t\u00eb Lek\u00eb Dukagjinit kan\u00eb ndodh\u00eb n\u00eb pjes\u00ebn katolike\u00a0\u00a0t\u00eb Shqip\u00ebris\u00eb.<\/div>\n<div>Ky konstatim q\u00eb po b\u00ebj, ose q\u00eb po artikuloj, pasi s\u2019\u00ebsht\u00eb vet\u00ebm i imi, nuk \u00ebsht\u00eb thirrje apo nxitje q\u00eb sponsorizuesit e gjakmarrjes e biznesi i gjakmarrjes t\u00eb shtrijn\u00eb aktivitetin e tyre t\u00eb biznesit kriminal edhe n\u00eb zonat myslimane apo ortodokse shqiptare. Jo, por \u00ebsht\u00eb vet\u00ebm kujtes\u00eb dhe argument. Kujtes\u00eb p\u00ebr Kish\u00ebn katolike q\u00eb duhet ta mendoj\u00eb thell\u00eb se pse vet\u00ebm n\u00eb trevat ku ajo vepron b\u00ebhen vrasje, dhe argument p\u00ebr t\u00eb pohuar se duke goditur zonat katolike me vrasje t\u00eb sh\u00ebmtuara, duan t\u00eb godasin e t\u00eb shembin ur\u00ebn e shqiptar\u00ebve me per\u00ebndimin.<\/div>\n<div>Profesor Artan Fuga apelon p\u00ebr gazetar\u00ebt q\u00eb nuk arrit\u00ebn t\u00eb informojn\u00eb e t\u00eb ndri\u00e7ojn\u00eb n\u00eb thell\u00ebsi aktin madh\u00ebshtor apo vendimin q\u00eb mor\u00ebn autoritetet kishtare p\u00ebr shkish\u00ebrimin e atij q\u00eb vret.<\/div>\n<div>Profesor Fuga po k\u00ebrkon ca si shum\u00eb. Gazetar\u00ebve tan\u00eb u pjell lopa dy her\u00eb n\u00eb vit profesor. Jam pjes\u00eb e atij komuniteti, por m\u00eb duhet ta pranoj se gazetar\u00ebve tan\u00eb ju pjell lopa dy her\u00eb n\u00eb vit.<\/div>\n<div>Ve\u00e7 pyetjeve t\u00eb shumta q\u00eb duhet t\u00eb b\u00ebnin gazetar\u00ebt, si\u00e7 ua tregon profesor Artan Fuga, un\u00eb po shtoj edhe nj\u00eb tjet\u00ebr.<\/div>\n<div>Gazetar\u00ebt shqiptar\u00eb duhet tua b\u00ebnin n\u00eb vijim autoriteteve kishtare edhe k\u00ebt\u00eb pyetje : Pse kaq von\u00eb, pas kaq humbje jet\u00ebsh njerzore, u mor ky vendim nga Kisha.<\/div>\n<div>Shteti tani gjeti aleat Kish\u00ebn m\u00eb n\u00eb fund. Kisha t\u00eb shkisheron. Lum kush nuk e provon k\u00ebt\u00eb nd\u00ebshkim. Flasim gjithmon\u00eb p\u00ebr njerzit. Shteti duhet t\u00eb ndryshoje ligjin : kush vret t\u00eb denohet me burgim t\u00eb p\u00ebrjetsh\u00ebm, pa alternativ\u00eb tjet\u00ebr, pa asnj\u00eb nen, paragraf apo n\u00ebnparagraf tjet\u00ebr, pa i\u00a0\u00a0dh\u00ebn\u00eb mund\u00ebsi asnj\u00eb gjyqtari apo prokurori t\u00eb b\u00ebj\u00eb interpretime, pa i dh\u00ebn\u00eb mund\u00ebsi asnj\u00eb institucioni t\u00eb b\u00ebje falje apo amnisti asnj\u00ebher\u00eb p\u00ebr t\u00eb pakt\u00ebn 100 vjet, deri n\u00eb 200 vjetorin e pavar\u00ebsis\u00eb s\u00eb vendit ton\u00eb. Dhe t\u00eb harrohet e ndalohet me ligj p\u00ebr avokat\u00ebt, prokuror\u00ebt e gjyqtar\u00ebt e t\u00eb gjitha niveleve deri n\u00eb Strasburg apo n\u00eb h\u00ebn\u00eb po deshe, shprehja se edhe krimineli ka t\u00eb drejt\u00eb\u2026<\/div>\n<div>Jam thell\u00ebsisht i bindur tani q\u00eb u aktivizua Kisha, se po t\u00eb ndryshohet urgjent kodi penal, duke v\u00ebn\u00eb taksativisht nenin se kush vret n\u00eb em\u00ebr t\u00eb gjakmarrjes, si\u00e7 e cil\u00ebsojn\u00eb gazetar\u00ebt kur ndodh vrasja n\u00eb Veri, apo t\u00eb hakmarrjes kur ajo ndodh n\u00eb Jug, denohet me burgim t\u00eb p\u00ebrjetsh\u00ebm, t\u00eb padiskutueshem, t\u00eb paapeluesh\u00ebm, t\u00eb pafalsh\u00ebm, t\u00eb paamnistuesh\u00ebm nga asnj\u00eb individ, institucion apo gjykat\u00eb, vrasjet n\u00eb Shqip\u00ebri do t\u00eb ndalen.<\/div>\n<div>Se shqiptaret qe vrasin nuk jane as aq trima e as aq budallenj sa duken.<\/div>\n<\/div>\n","protected":false},"excerpt":{"rendered":"<p>REXHEP SHAHU \u00a0Profesor Artan Fuga shkruan bukur e sakt\u00eb si askush tjet\u00ebr rreth vendimit t\u00eb autoriteteve t\u00eb fes\u00eb katolike p\u00ebr shkish\u00ebrimin e atyre q\u00eb vrasin dhe shpifin se vrasin gjoja n\u00eb em\u00ebr t\u00eb Kanunit.<\/p>\n","protected":false},"author":1,"featured_media":0,"comment_status":"open","ping_status":"open","sticky":false,"template":"","format":"standard","meta":{"footnotes":""},"categories":[9],"tags":[],"class_list":["post-1724","post","type-post","status-publish","format-standard","hentry","category-kritike"],"_links":{"self":[{"href":"https:\/\/revistakuvendi.org\/index.php?rest_route=\/wp\/v2\/posts\/1724","targetHints":{"allow":["GET"]}}],"collection":[{"href":"https:\/\/revistakuvendi.org\/index.php?rest_route=\/wp\/v2\/posts"}],"about":[{"href":"https:\/\/revistakuvendi.org\/index.php?rest_route=\/wp\/v2\/types\/post"}],"author":[{"embeddable":true,"href":"https:\/\/revistakuvendi.org\/index.php?rest_route=\/wp\/v2\/users\/1"}],"replies":[{"embeddable":true,"href":"https:\/\/revistakuvendi.org\/index.php?rest_route=%2Fwp%2Fv2%2Fcomments&post=1724"}],"version-history":[{"count":1,"href":"https:\/\/revistakuvendi.org\/index.php?rest_route=\/wp\/v2\/posts\/1724\/revisions"}],"predecessor-version":[{"id":1726,"href":"https:\/\/revistakuvendi.org\/index.php?rest_route=\/wp\/v2\/posts\/1724\/revisions\/1726"}],"wp:attachment":[{"href":"https:\/\/revistakuvendi.org\/index.php?rest_route=%2Fwp%2Fv2%2Fmedia&parent=1724"}],"wp:term":[{"taxonomy":"category","embeddable":true,"href":"https:\/\/revistakuvendi.org\/index.php?rest_route=%2Fwp%2Fv2%2Fcategories&post=1724"},{"taxonomy":"post_tag","embeddable":true,"href":"https:\/\/revistakuvendi.org\/index.php?rest_route=%2Fwp%2Fv2%2Ftags&post=1724"}],"curies":[{"name":"wp","href":"https:\/\/api.w.org\/{rel}","templated":true}]}}