{"id":1721,"date":"2012-09-29T23:40:19","date_gmt":"2012-09-29T23:40:19","guid":{"rendered":"http:\/\/revistakuvendi.org\/?p=1721"},"modified":"2012-09-29T23:40:19","modified_gmt":"2012-09-29T23:40:19","slug":"harta-e-leadershipit-ballkanik-me-temen-grate-ne-formesimin-e-shoqerise","status":"publish","type":"post","link":"https:\/\/revistakuvendi.org\/?p=1721","title":{"rendered":"Harta e Leadershipit Ballkanik&#8221;. me tem\u00ebn &#8220;Grat\u00eb n\u00eb Form\u00ebsimin e Shoq\u00ebris\u00eb&#8221;"},"content":{"rendered":"<div><span style=\"font-size: large;\"><a href=\"http:\/\/revistakuvendi.org\/wp-content\/uploads\/2012\/09\/Liri-Berisha.jpg\"><img loading=\"lazy\" decoding=\"async\" class=\"alignleft size-full wp-image-1722\" title=\"Liri Berisha\" src=\"http:\/\/revistakuvendi.org\/wp-content\/uploads\/2012\/09\/Liri-Berisha.jpg\" alt=\"\" width=\"612\" height=\"612\" srcset=\"https:\/\/revistakuvendi.org\/wp-content\/uploads\/2012\/09\/Liri-Berisha.jpg 612w, https:\/\/revistakuvendi.org\/wp-content\/uploads\/2012\/09\/Liri-Berisha-150x150.jpg 150w, https:\/\/revistakuvendi.org\/wp-content\/uploads\/2012\/09\/Liri-Berisha-300x300.jpg 300w, https:\/\/revistakuvendi.org\/wp-content\/uploads\/2012\/09\/Liri-Berisha-48x48.jpg 48w\" sizes=\"auto, (max-width: 612px) 100vw, 612px\" \/><\/a>NJU JORK : U zhvillua &#8220;Konferenca ;\u00a0Harta e Leadershipit Ballkanik&#8221;. me tem\u00ebn &#8220;Grat\u00eb n\u00eb Form\u00ebsimin e Shoq\u00ebris\u00eb&#8221;<\/span><\/div>\n<div><\/div>\n<div><\/div>\n<div>\u00a0BEQIR SINA, New York<\/div>\n<div><\/div>\n<div><em><strong>Bashk\u00ebshortja e Kryeministrit Berisha, zonja Liri Berisha u nderua me \u00e7mimin prestigjioz \u201cFEBA 2012\u201d me motivacionin \u201cP\u00ebr angazhimin e saj n\u00eb bot\u00ebn e gruas, <!--more-->ve\u00e7an\u00ebrisht p\u00ebr grat\u00eb n\u00eb nevoj\u00eb dhe p\u00ebr pun\u00ebn e saj t\u00eb palodhur p\u00ebr ta b\u00ebr\u00eb bot\u00ebn nj\u00eb vend m\u00eb t\u00eb mir\u00eb p\u00ebr grat\u00eb dhe p\u00ebr p\u00ebr mb\u00ebshtetjen e ve\u00e7ant\u00eb q\u00eb i ka kushtuar grave dhe f\u00ebmij\u00ebve t\u00eb prekur nga s\u00ebmundje t\u00eb ndryshme apo te nenave dhe femijeve te varfer n\u00eb Shqip\u00ebri, Ballkan, rajon dhe bot\u00eb \u201d<\/strong><\/em><\/div>\n<div><\/div>\n<div>\nNEW YORK CITY : T\u00eb mart\u00ebn 25 shtator 2012, Federata e Shoqatave Ballkanike Amerikane (FEBA), s\u00eb bashku me partnerin e saj t\u00eb organizat\u00ebs Ballkansit dhe Ballkan Amerikan &#8211; K\u00ebshillin p\u00ebr Marr\u00ebdh\u00ebnie me Publikun, mbajti takimin vjetore t\u00eb tyre: &#8220;Konferenca ; Harta e Leadershipit Ballkanik&#8221;.<\/p>\n<p>Tema e k\u00ebtij viti e k\u00ebsaj konference prestigjoze ku marrin pjes\u00eb p\u00ebr \u00e7do vit udh\u00ebheq\u00ebsit m\u00eb t\u00eb lart\u00eb nga Ballkani, ishte &#8220;Grat\u00eb n\u00eb Form\u00ebsimin e Shoq\u00ebris\u00eb&#8221;.<\/p><\/div>\n<div><\/div>\n<div>N\u00eb nd\u00ebrkoh\u00eb, si \u00e7do vjet nj\u00eb nderim me \u00e7mimin FEBA, iu dha disa udh\u00ebheq\u00ebsve m\u00eb t\u00eb dalluar nga Ballkani p\u00ebr kontributin e tyre t\u00eb r\u00ebnd\u00ebsish\u00ebm, n\u00eb politik\u00eb , \u00e7\u00ebshtjet sociale dhe fushat profesionale n\u00eb shoq\u00ebrin\u00eb n\u00eb p\u00ebrgjith\u00ebsi.<\/div>\n<div><\/div>\n<div>Mbr\u00ebmje solmene FEBA 2012, e cila u ndoq nga nj\u00eb num\u00ebr i madh i gazetarve t\u00eb akrediruar n\u00eb OKB, atyre t\u00eb ardhur nga Ballkani dhe shtypit shqiptar\u00eb n\u00eb SHBA, filloi me nj\u00eb pritje n\u00eb form\u00eb koktejli, ku lider\u00eb dhe p\u00ebrfaq\u00ebsues t\u00eb qeverive nga Ballkani, rajoni dhe bota, t\u00eb cil\u00ebt ndodhen n\u00eb New York, n\u00eb pjesmarrjen e tyre n\u00eb Sesionin e 67-t\u00eb t\u00eb Punimeve t\u00eb Asamables\u00eb s\u00eb P\u00ebrgjithshme t\u00eb Kombeve t\u00eb Bashkuara, shk\u00ebmbyn mendimet dhe p\u00ebrvojat e tyre n\u00eb lidhje me sukseset e tyre, p\u00ebr t\u00eb kontribuar edhe n\u00eb lidhjet m\u00eb t\u00eb mira fqinj\u00ebsore, mes tyre.<\/div>\n<div><\/div>\n<div>Mysafir\u00eb t\u00eb nderuar t\u00eb k\u00ebsaj mbr\u00ebmje solmne, p\u00ebrfshin\u00eb: Ministrin e Pun\u00ebve t\u00eb Jashtme t\u00eb Turqis\u00eb, Ahmet Davutoglu, presidenti FEBA-s, Dr. Aras Konjhod\u017eic, bashk\u00ebshortia e kryeministrit shqiptar, Dr Liri Berisha, Ministri i Pun\u00ebve t\u00eb Jasht\u00ebme t\u00eb Malit t\u00eb Zi, Zoran Jankovi\u00e7, Kongresitia e partis\u00eb demokrate nga New Yorku, Carolyn Maloney, fituesen e \u00e7mimit CNN 2009 Hero dhe e diplomuara n\u00eb universitetin Harvard znj Alfa Demmellash, zonja Robina Niaz, themeluese dhe drejtore ekzekutiv e organizat\u00ebs joqeveritare( OJQ)-n\u00eb New York &#8220;\u201cTurning Point for Women and their Families\u201d, Znj Munira Subasic, themelues e organizat\u00ebs joqeveritare OJQ nga Bosnja me baz\u00eb n\u00eb Sarajev\u00eb, &#8220;N\u00ebnat e Srebrenic\u00ebs&#8221; ish e mbijetuara e genocidit serb. P\u00ebrfaq\u00ebsuesia e Kombeve t\u00eb Bashkauar p\u00ebr Grat\u00eb , G\u00fclden Turkoz-Cosslett dhe N\u00ebn-Sekretara e Oragnizat\u00ebs s\u00eb P\u00ebrgjithsh\u00ebm t\u00eb OKB-\u00ebs, zonja Michelle Bachelet, deputetja e parlamentit turk, zonja Pelin G\u00fcndes-Bakir.<\/div>\n<div><\/div>\n<div>\u00a0Mbr\u00ebmjen solemne e hapi presidenti i Feba-s, Dr Aras Konjhod\u017eic, i cili pas p\u00ebrfundimit t\u00eb fjal\u00ebs s\u00eb tij p\u00ebrsh\u00ebndet\u00ebse, ftoi n\u00eb podiumin e konferenc\u00ebs, t\u00eb mbaj\u00eb fjal\u00ebn e ratit, Minsitrin turk t\u00eb Pun\u00ebve t\u00eb Jashtme Dr. Ahmet Davotoglu . Kryediplomati turk Davotoglu duke folur mbi tem\u00ebn e k\u00ebtij viti, ka th\u00ebn\u00eb se grat\u00eb jan\u00eb fryma dhe shpirti i shoq\u00ebris\u00eb dhe se ato jan\u00eb t\u00eb vetmet q\u00eb p\u00ebrhapin paqen kudo n\u00eb bot\u00eb. Ai shprehu besimin e tij, &#8211; t\u00eb sinqert\u00eb, se grat\u00eb q\u00eb p\u00ebrballen me shum\u00eb v\u00ebshtir\u00ebsi ishin m\u00eb t\u00eb fort\u00eb se homolog\u00ebt e tyre meshkuj, duke cituar p\u00ebr k\u00ebt\u00eb grat\u00eb boshnjake si nj\u00eb shembull i grave q\u00eb perceptohen pavar\u00ebsisht situatave t\u00eb tyre shpesh her edhe t\u00eb v\u00ebshtira.<\/div>\n<div><\/div>\n<div>\u00a0Fol\u00ebs t\u00eb tjer\u00eb, t\u00eb Konferenc\u00eb Ballkanike ishin dhe p\u00ebrfaq\u00ebsuesit e student\u00ebve t\u00eb Feba-s, duke p\u00ebrfshir\u00eb edhe studenten shqiptare Lirie Hakaj, cila foli n\u00eb em\u00ebr t\u00eb BaPAC, duke ofruar informacion mbi pun\u00ebn q\u00eb b\u00ebjn\u00eb t\u00eb rinj\u00ebt e t\u00eb rejat e k\u00ebsaj organizate Ballkanike, me qender n\u00eb New York. Fol\u00ebs i radh\u00ebs ishte dhe an\u00ebtaria e parlamentit turk, deputetja Pelin G\u00fcndes-Bakir, e cili foli n\u00eb em\u00ebr t\u00eb Balkansiad. Znj G\u00fcndes-Bakir, n\u00eb fjal\u00ebn e saj k\u00ebrkoj\u00eb! nga Presidenti amerikan Barak Obama dhe kryeministri turk Rexhep Erodgan q\u00eb p\u00ebr krijimin e paqes dhe stabilitetit n\u00eb bot\u00eb, duhet instaluar barazin\u00eb gjinore n\u00ebp\u00ebrmjet sh\u00ebmbjes s\u00eb pengesave dhe ndalimin e n\u00ebnshtrimit, diskriminimit t\u00eb grave n\u00eb baza gjinore n\u00eb t\u00eb gjitha fushat e shoq\u00ebris\u00eb, kudo n\u00eb bot\u00eb.<\/div>\n<div><\/div>\n<div>Mbas fjalmive p\u00ebrsh\u00ebndet\u00ebse,&#8221;Konferenca ; Harta e Leadershipit Ballkanik&#8221; mw tem\u00ebn: &#8220;Grat\u00eb n\u00eb Form\u00ebsimin e Shoq\u00ebris\u00eb&#8221;, u pasua nga ceremonia solemne q\u00eb p\u00ebrfshinte ndarjen e \u00c7mimit FEBA, akorduar grave t\u00eb ndryshme, p\u00ebr p\u00ebrfshirjen e tyre n\u00eb veprimtari, bamir\u00ebsie, n\u00eb politik\u00eb, shkenc\u00eb, art, dhe shoq\u00ebri. Grat\u00eb, m\u00eb t\u00eb dalluara p\u00ebr k\u00ebt\u00eb vit dhe kontributin e dh\u00ebn\u00eb n\u00eb fushat e tyre, grat t\u00eb respektuara dhe p\u00ebr aktivizimin e tyre shoq\u00ebror n\u00eb politik\u00eb e \u00e7\u00ebshtje sociale.<\/div>\n<div><\/div>\n<div>Ne tha presidenti Febas, Dr. Aras Konjhod\u017eic :&#8221; Do t\u00eb nderojm me \u00e7mimin &#8220;FEBA Road Map 2012\u201d &#8211; Harta e Rruges &#8211; FEBA 2012&#8221;, disa nga udh\u00ebheq\u00ebset e jasht\u00ebzakonshme, ato gra t\u00eb cilat jan\u00eb dalluar p\u00ebr kontributin e tyre, n\u00eb aktivitetin dhe veprimtarin\u00eb e tyre, politike, humanitare, \u00e7\u00ebshtjeve sociale dhe shoq\u00ebrore, art, kultur dhe t\u00eb tjera, brenda dhe jasht\u00eb vendit t\u00eb tyre. Shp\u00ebrblimet, e k\u00ebtij viti, tha m\u00eb tej presidenti i Febas, Konjhodzhiq, jan\u00eb ndar\u00eb edhe p\u00ebr q\u00ebllim p\u00ebrfitimi p\u00ebr pun\u00ebn q\u00eb kan b\u00ebr\u00eb k\u00ebto gra t\u00eb nderuara dhe t\u00eb respektuara, vepra e t\u00eb cilave, shpresojm\u00eb t\u00eb shtrihet dhe t\u00eb ket\u00eb ndikimi m\u00eb larg se sa komunitetet e tyre t\u00eb respektuara. Pra, t\u00eb p\u00ebrhapen anemban\u00eb bot\u00ebs, mbasi ato jan\u00eb gra t\u00eb dalluara q\u00eb kan lidhje me disa ngjarje t\u00eb k\u00ebtij viti, p\u00ebr gjinin\u00ebn e tyre n\u00eb vende t\u00eb ndryshme t\u00eb bot\u00ebs.<\/div>\n<div><\/div>\n<div>\u00c7mimet i ndau n\u00eb shenj\u00eb nderi zonja Robina Niaz, themeluese dhe drejtore ekzekutiv e organizat\u00ebs joqeveritare( OJQ)-n\u00eb New York &#8220;\u201cTurning Point for Women and their Families\u201d &#8211; &#8220;Pik\u00eb kthese p\u00ebr Grat\u00eb dhe Familjet e tyre&#8221;, organizat\u00eb bot\u00ebrore, kjo e cila synon minimizimin e dhun\u00ebs n\u00eb familje dhe instalimin e nj\u00eb ndjenj\u00eb e altruizmit n\u00eb mesin e t\u00eb rejave t\u00eb s\u00eb nes\u00ebrmes, t\u00eb k\u00ebsaj gjinie delikate dhe mjaft t\u00eb prekshme dhe t\u00eb ndjeshme.<\/div>\n<div><\/div>\n<div>\u00a0Znj Munira Subasic, themelues e organizat\u00ebs joqeveritare OJQ nga Bosnja me baz\u00eb n\u00eb Sarajev\u00eb, &#8220;N\u00ebnat e Srebrenic\u00ebs&#8221;, organizat\u00eb kjo e cila punon n\u00eb drejtim t\u00eb arritjeve n\u00eb drejt\u00ebsi p\u00ebr viktimat dhe familjet e tyre t\u00eb gjenocidit n\u00eb Srebrenic\u00eb n\u00eb Bosnj\u00eb dhe Hercegovin\u00eb, foli p\u00ebr t\u00eb kaluar\u00ebn e grave, n\u00eb vendin e saj, t\u00eb sotmen dhe t\u00eb ardhmen e tyre. Duke qen\u00eb se ajo vet\u00eb \u00ebsht\u00eb nj\u00eb e mbijetuar i genocidit serb, ajo theksoi r\u00ebnd\u00ebsin\u00eb e asaj se kurr\u00eb nuk harron ngjarje t\u00eb tilla me fuqin\u00eb e t\u00eb mbijetuarve, sidomos femra \u00ebsht\u00eb ajo e cila shpesh her\u00eb jep ngush\u00ebllimin nga d\u00ebshmit\u00eb e saj t\u00eb cilat nisin prej eshtrave t\u00eb, t\u00eb dashurve t\u00eb tyre&#8221;, tha ajo.<\/div>\n<div><\/div>\n<div>\u00a0P\u00ebrfaq\u00ebsuesia e Kombeve t\u00eb Bashkauar p\u00ebr Grat\u00eb , G\u00fclden Turkoz-Cosslett tha se, &#8220;Asnj\u00eb shoq\u00ebri nuk mund t\u00eb p\u00ebrparoj\u00eb dhe t\u00eb arrij\u00eb potencialin e saj pa angazhimin e plot\u00eb t\u00eb grave dhe vajzave dhe shfryt\u00ebzimin e kapaciteteve t\u00eb tyre dhe aft\u00ebsive potenciale, kudo n\u00eb bot\u00eb&#8221;. Ajo vazhdoi duke treguar nj\u00eb rritje t\u00eb angazhimit t\u00eb femrave n\u00eb t\u00eb gjitha fushat e shoq\u00ebris\u00eb, duke p\u00ebrfshir\u00eb ekonomin\u00eb, politik\u00ebn dhe ushtarake, ve\u00e7an\u00ebrisht n\u00eb Ballkan.<\/div>\n<div><\/div>\n<div>\u00a0Fjala p\u00ebrmbyll\u00ebse iu dha n\u00eb nderim zonj\u00ebs, Dr Liri Berisha, bashk\u00ebshotja e Kryeminitrit t\u00eb Shqip\u00ebris\u00eb zotit Sali Berisha, e cila u nderua me k\u00ebt\u00eb rast me \u00e7mimin vjetor t\u00eb FEBA, p\u00ebr kontributet e saj p\u00ebr t\u00eb ndihmuar grat\u00eb dhe f\u00ebmij\u00ebt nga s\u00ebmundjet, ve\u00e7an\u00ebrisht autizmin p\u00ebr t\u00eb cilat ajo \u00ebsht\u00eb nj\u00eb avokate e k\u00ebsaj s\u00ebmundje n\u00eb bot\u00eb, pun\u00ebn e saj me Shoqat\u00ebn f\u00ebmij\u00ebt shqiptar\u00eb dhe themelimi e organizat\u00ebs &#8220;N\u00ebn\u00eb Tereza&#8221; t\u00eb cilat jan\u00eb motivuar gjithashtu n\u00eb mesin e k\u00ebtyre kontributeve.<\/div>\n<div><\/div>\n<div>K\u00ebshtuq\u00eb, angazhimi serioz disa vje\u00e7ar i Znj. Berisha n\u00eb drejtim t\u00eb f\u00ebmij\u00ebve t\u00eb s\u00ebmur\u00eb dhe familjeve n\u00eb nevoj\u00eb, t\u00eb drejtave t\u00eb grave shqiptare n\u00eb, Shqip\u00ebri, Kosov\u00eb, dhe trojet etineke shqiptare, gjeti nj\u00eb vler\u00ebsim edhe nga kjo roganizat\u00eb prestigjoze n\u00eb New York, e cila p\u00ebr \u00e7do vjet ndan\u00eb nj\u00eb \u00e7mimim t\u00eb till, &#8211; p\u00ebr grat\u00eb m\u00eb t\u00eb shquara nga Ballkani dhe rajoni. Bashk\u00ebshortja e kryeministrit t\u00eb Shqip\u00ebris\u00eb, zonja Liri Berisha, u nderua nga FEBA n\u00eb Nju Jork, p\u00ebr \u00e7\u00ebshtjet social-politike, dhe si nj\u00eb personalitet i lart\u00eb, grua nga Ballkani q\u00eb po lufton p\u00ebr mbrojtjen e t\u00eb drejtave t\u00eb grave dhe p\u00ebr p\u00ebrmir\u00ebsimin e kushteve t\u00eb tyre shoq\u00ebrore edhe n\u00eb Ballakn e rajon.<\/div>\n<div><\/div>\n<div>\nKy \u00e7mim ju dha zonj\u00ebs Berisha p\u00ebr imenjimin e vazhduesh\u00ebm humanitar shkencor dhe social t\u00eb saj n\u00eb Shqip\u00ebri, ku zonja Berisha \u00ebsht\u00eb vler\u00ebsuar gjithashtu edhe p\u00ebr mb\u00ebshtetjen e ve\u00e7ant\u00eb q\u00eb i ka kushtuar grave dhe f\u00ebmij\u00ebve t\u00eb prekur nga s\u00ebmundje t\u00eb ndryshme apo te nenave dhe femijeve te varfer n\u00eb Shqip\u00ebri, Ballkan, rajon dhe bot\u00eb.<\/div>\n<div><\/div>\n<div>\nKy \u00ebsht\u00eb \u00e7mimi i dyt\u00eb lart\u00eb, i dh\u00ebn\u00eb n\u00eb Shtetet e Bashkuara t\u00eb Amerik\u00ebs p\u00ebr Zonj\u00ebn, Dr. Lirie Berisha, Presidentja e fondacionit \u201cF\u00ebmij\u00ebt Shqiptar\u00eb&#8221; bashk\u00ebshortia e Kryeministrit Berisha. Zonja Berisha. E cila \u00ebsht\u00eb nderuar nj\u00eb vit\u00eb m\u00eb par\u00eb n\u00eb Washington nga Organizata Women\u2019s Information Network gjat\u00eb nj\u00eb ceremonie me \u00e7mimin WIN International Achievement Award &#8211; \u201c\u00c7mimin Nd\u00ebrkomb\u00ebtar t\u00eb Suksesit p\u00ebr Gruan\u201d, p\u00ebr p\u00ebrkushtimin dhe pun\u00ebn e saj n\u00eb \u00e7\u00ebshtjet e grave, n\u00eb nj\u00eb ceremoni ku ka mar\u00eb pjes\u00eb dhe vet\u00eb Zonja e Par\u00eb Amerikane, Michele Obama.<\/div>\n<div>\u00c7mim i cili p\u00ebrcaktohet nga nj\u00eb komision special i ngritur posa\u00e7\u00ebrisht p\u00ebr vler\u00ebsimin e kandidaturave nga e gjith\u00eb bota, dhe \u00e7mim q\u00eb nd\u00ebr vite jan\u00eb vler\u00ebsuar mjaft emra t\u00eb njohur t\u00eb artit kultur\u00ebs dhe politik\u00ebs nga e gjith\u00eb bota,t\u00eb cil\u00ebt kan\u00eb dh\u00ebn\u00eb kontribut n\u00eb promovimin e paqes,kultur\u00ebs dhe kujdesit ndaj shtresave n\u00eb nevoj\u00eb.<\/div>\n<div><\/div>\n<div>Zonja, Dr. Lirie Berisha, tha mbas marrjes s\u00eb \u00e7mimit FEBA 2012, se ajo \u00ebsht\u00eb e nderuar t\u00eb jet\u00eb n\u00eb k\u00ebt\u00eb ngjarje vjetore:&#8221;Konferenca ; Harta e Leadershipit Ballkanik&#8221;. Tema s\u00eb cil\u00ebs p\u00ebr k\u00ebt\u00eb viti ishte &#8220;Grat\u00eb n\u00eb Form\u00ebsimin e Shoq\u00ebris\u00eb&#8221; dhe t\u00eb marr\u00eb nj\u00eb nderim me \u00e7mimin FEBA, p\u00ebr kontributin e saj t\u00eb r\u00ebnd\u00ebsish\u00ebm, n\u00eb fushat profesionale dhe shoq\u00ebrin\u00eb n\u00eb p\u00ebrgjith\u00ebsi.<\/div>\n<div><\/div>\n<div>Ajo e ka pranuar \u00e7mimin duke th\u00ebn\u00eb se ky &#8221; \u00e7mimim shkon n\u00eb em\u00ebr t\u00eb t\u00eb gjitha grave shqiptare, kudo q\u00eb ato mund t\u00eb jen\u00eb, mbasi u shpreh zonja Berisha t\u00eb gjitha grat\u00eb shqiptare kan\u00eb qen\u00eb dhe jan\u00eb avokat\u00ebt aktive t\u00eb paqes dhe n\u00eb mbrojtje t\u00eb, t\u00eb drejtave t\u00eb grave kudo n\u00eb bot\u00eb. Ajo p\u00ebrfundoi duke shprehur besimin e saj t\u00eb fort\u00eb se t\u00eb gjitha grat\u00eb shqiptare t\u00eb cilat kan gjakun dhe zemr\u00ebn e N\u00ebn\u00eb Terez\u00ebs &#8211; kan\u00eb b\u00ebr nj\u00eb &#8220;luft\u00eb t\u00eb madhe&#8221; n\u00eb m\u00ebnyr\u00eb q\u00eb grat\u00eb kudo t\u00eb gjejn\u00eb at\u00eb buz\u00ebqeshjen e tyre, t\u00eb f\u00ebmij\u00ebve dhe familjes s\u00eb tyre, pasi q\u00eb ajo buz\u00ebqeshja e gjetur nga t\u00ebr\u00eb grat\u00eb e bot\u00ebs, \u00ebsht\u00eb paqja, dashuria, lumturia e tyre edhe e familjeve dhe f\u00ebmij\u00ebve t\u00eb tyre, n\u00eb mbar\u00eb bot\u00ebn&#8221;.<\/div>\n<div><\/div>\n<div>Gjat\u00eb vizit\u00ebs s\u00eb saj n\u00eb New York, znj Liri Berisha pati mund\u00ebsin\u00eb t\u00eb takohej me personalitete t\u00eb politik\u00ebs, artit, kultur\u00ebs dhe shkenc\u00ebs nga vende t\u00eb ndryshme t\u00eb bot\u00ebs, q\u00eb mblidhen s\u00ebbashku n\u00eb k\u00ebt\u00eb qytet p\u00ebr t\u00eb marr\u00eb pjes\u00eb n\u00eb Punimet e Asambles\u00eb s\u00eb P\u00ebrgjithshme t\u00eb Kombeve t\u00eb Bashkuara, por edhe p\u00ebr t\u00eb shfryt\u00ebzuar \u00e7do takim p\u00ebr t\u00eb treguar arritjet e vendve t\u00eb tyre, vlerat e paqes, mir\u00ebsis\u00eb, dhe besimit, etj.<\/div>\n<div><\/div>\n<div><img loading=\"lazy\" decoding=\"async\" src=\"http:\/\/www.yllpress.com\/fotografite\/artikujt_origjinale\/liri_berisha_merr_cmimin_per_p.jpg\" alt=\"Liri Berisha merr \u00c7mimin p\u00ebr Paqe 2011, n\u00eb rajonin e Lombardis\u00eb- Itali\" width=\"552\" height=\"424\" border=\"0\" \/><\/div>\n<div><\/div>\n","protected":false},"excerpt":{"rendered":"<p>NJU JORK : U zhvillua &#8220;Konferenca ;\u00a0Harta e Leadershipit Ballkanik&#8221;. me tem\u00ebn &#8220;Grat\u00eb n\u00eb Form\u00ebsimin e Shoq\u00ebris\u00eb&#8221; \u00a0BEQIR SINA, New York Bashk\u00ebshortja e Kryeministrit Berisha, zonja Liri Berisha u nderua me \u00e7mimin prestigjioz \u201cFEBA 2012\u201d me motivacionin \u201cP\u00ebr angazhimin e saj n\u00eb bot\u00ebn e gruas,<\/p>\n","protected":false},"author":1,"featured_media":0,"comment_status":"open","ping_status":"open","sticky":false,"template":"","format":"standard","meta":{"footnotes":""},"categories":[12],"tags":[],"class_list":["post-1721","post","type-post","status-publish","format-standard","hentry","category-jete-komuniteti"],"_links":{"self":[{"href":"https:\/\/revistakuvendi.org\/index.php?rest_route=\/wp\/v2\/posts\/1721","targetHints":{"allow":["GET"]}}],"collection":[{"href":"https:\/\/revistakuvendi.org\/index.php?rest_route=\/wp\/v2\/posts"}],"about":[{"href":"https:\/\/revistakuvendi.org\/index.php?rest_route=\/wp\/v2\/types\/post"}],"author":[{"embeddable":true,"href":"https:\/\/revistakuvendi.org\/index.php?rest_route=\/wp\/v2\/users\/1"}],"replies":[{"embeddable":true,"href":"https:\/\/revistakuvendi.org\/index.php?rest_route=%2Fwp%2Fv2%2Fcomments&post=1721"}],"version-history":[{"count":1,"href":"https:\/\/revistakuvendi.org\/index.php?rest_route=\/wp\/v2\/posts\/1721\/revisions"}],"predecessor-version":[{"id":1723,"href":"https:\/\/revistakuvendi.org\/index.php?rest_route=\/wp\/v2\/posts\/1721\/revisions\/1723"}],"wp:attachment":[{"href":"https:\/\/revistakuvendi.org\/index.php?rest_route=%2Fwp%2Fv2%2Fmedia&parent=1721"}],"wp:term":[{"taxonomy":"category","embeddable":true,"href":"https:\/\/revistakuvendi.org\/index.php?rest_route=%2Fwp%2Fv2%2Fcategories&post=1721"},{"taxonomy":"post_tag","embeddable":true,"href":"https:\/\/revistakuvendi.org\/index.php?rest_route=%2Fwp%2Fv2%2Ftags&post=1721"}],"curies":[{"name":"wp","href":"https:\/\/api.w.org\/{rel}","templated":true}]}}