{"id":1717,"date":"2012-09-29T23:34:27","date_gmt":"2012-09-29T23:34:27","guid":{"rendered":"http:\/\/revistakuvendi.org\/?p=1717"},"modified":"2012-09-29T23:34:27","modified_gmt":"2012-09-29T23:34:27","slug":"mbremje-mbreselenese-me-presidentin-e-shqiperise-zotin-bujar-nishani-dhe-delegacionin-qe-e-shoqeronte","status":"publish","type":"post","link":"https:\/\/revistakuvendi.org\/?p=1717","title":{"rendered":"Mbr\u00ebmje mbres\u00ebl\u00ebn\u00ebse me Presidentin e Shqip\u00ebris\u00eb, zotin Bujar Nishani dhe delegacionin qe e shoqeronte"},"content":{"rendered":"<div><span style=\"color: #0000ff; font-size: small;\"><em><strong><a href=\"http:\/\/revistakuvendi.org\/wp-content\/uploads\/2012\/09\/prwesidenti.png\"><img loading=\"lazy\" decoding=\"async\" class=\"alignleft size-full wp-image-1718\" title=\"prwesidenti\" src=\"http:\/\/revistakuvendi.org\/wp-content\/uploads\/2012\/09\/prwesidenti.png\" alt=\"\" width=\"480\" height=\"360\" srcset=\"https:\/\/revistakuvendi.org\/wp-content\/uploads\/2012\/09\/prwesidenti.png 480w, https:\/\/revistakuvendi.org\/wp-content\/uploads\/2012\/09\/prwesidenti-300x225.png 300w\" sizes=\"auto, (max-width: 480px) 100vw, 480px\" \/><\/a><!--more-->Nga Pierre-Pandeli Simsia<\/strong><\/em><\/span><\/div>\n<div><\/div>\n<div><\/div>\n<div><span style=\"font-size: small;\">Dit\u00ebn e mart\u00eb, 25 shtator, 2012 Komuniteti Shqiptar i Amerik\u00ebs, New York dhe shtetet p\u00ebrreth, p\u00ebrjetuan nj\u00eb ngjarje t\u00eb r\u00ebnd\u00ebsishme.<\/span><\/div>\n<div><span style=\"font-size: small;\">N\u00eb restorantin SPARKS, Steak House, ne 210 East, 46 Street n\u00eb Manhattan, Federata Pan-Shqiptare e Amerik\u00ebs\u201dVATRA\u201d dhe Bashk\u00ebsia Shqiptare n\u00eb New York, organizuan dark\u00eb mbres\u00ebl\u00ebn\u00ebse p\u00ebr nder t\u00eb delegacionit shqiptar i ardhur ne Sh.B.A. p\u00ebr t\u00eb marr\u00eb pjes\u00eb n\u00eb sezonin e 67-t\u00eb t\u00eb Asambles\u00eb s\u00eb Kombeve te Bashkuara.<!--more--><\/span><\/div>\n<div><span style=\"font-size: small;\">Restoranti &#8220;SPARK STEAK HOUSE&#8221; restorant i madh dhe luksoz, ku edhe nj\u00eb pjes\u00eb e mir\u00eb e shqiptar\u00ebve jan\u00eb pun\u00ebsuar n\u00eb at\u00eb restorant, ishte sofra e pritjes e Presidenti t\u00eb Shqiperis\u00eb, zotit Bujar Nishani, e zonj\u00ebs s\u00eb par\u00eb, Odeta Nishani, i zv. Kryeministrit t\u00eb Kosov\u00ebs, z. Behgjet Pacolli, e drejtorit t\u00eb departamentit p\u00ebr \u00e7eshtjet jorezidente t\u00eb Ministrit t\u00eb Diaspor\u00ebs, z. Naim Dedushaj, t\u00eb Konsulles s\u00eb Kosov\u00ebs n\u00eb New York, znj. Fatmira Zajmi, t\u00eb Ambasadorit t\u00eb Shqip\u00ebris\u00eb prane OKB-s\u00eb, z. Ferid Hoxha, t\u00eb Kryetarit t\u00eb Partis\u00eb p\u00ebr Drejt\u00ebsi, z. Tahir Muhedini dhe qindra bashkatdhetar\u00ebve t\u00eb tjer\u00eb.<\/span><\/div>\n<div><span style=\"font-size: small;\">Ishte hera e par\u00eb q\u00eb komuniteti yne shihej dhe takohej me Presidentin Nishani. Interesi ishte i madh. Kur salla e pritjes ishte e mbushur plot me bashkatdhetar\u00eb, t\u00eb cil\u00ebt me gotat me pije te ndryshme n\u00ebp\u00ebr duar, bisedonin, shmalleshin me nj\u00ebri tjetri, eksorta e sigurimit, na &#8220;njoftoi&#8221; se delegacioni shqiptar kishte hyr\u00eb n\u00eb sall\u00eb.<\/span><\/div>\n<div><span style=\"font-size: small;\">T\u00eb gjith\u00eb e hedhim shikimin nga hyrja dhe n\u00eb mes t\u00eb pranishm\u00ebve shohim Presidentin Bujar Nishani dhe zonja e tij Odeta Nishani, i shoqeruar nga Dr. Gjon Bu\u00e7aj, Kryetar i Federates Panshqiptare VATRA, Ambasadori i Shqip\u00ebrise ne OKB, zoti Ferid Hoxha.<\/span><\/div>\n<div><span style=\"font-size: small;\">I qeshur, i thjesht\u00eb, Presidenti Nishani, takohet, shtrengon duart me pjes\u00ebmarr\u00ebsit, duke na krijuar nj\u00eb ambient tep\u00ebr familjar e miq\u00ebsor.<\/span><\/div>\n<div><span style=\"font-size: small;\">Mbr\u00ebmjen e hapi zv. kryetari i Vatr\u00ebs, z. Agim Rexha<\/span><span style=\"font-size: small;\">:<\/span><\/div>\n<div><span style=\"font-size: small;\">&#8220;Zoti President i Republik\u00ebs s\u00eb Shqip\u00ebrise, zoti Nishani.<\/span><\/div>\n<div><span style=\"font-size: small;\">E nderuara zonja Nishani .<br \/>\nMir\u00ebmbrema dhe mir\u00ebse keni ardhur k\u00ebtu bashk\u00eb me grupin e delegacionit q\u00eb j&#8217;u shoq\u00ebron nga Shqip\u00ebria.<br \/>\nT\u00eb nderuar p\u00ebrfaq\u00ebsues t\u00eb shoqatave, organizatave dhe institucioneve q\u00eb veproni k\u00ebtu ne Sh. B. A. Mir\u00ebsekeni ardh\u00eb n\u00eb dark\u00ebn e Vatr\u00ebs, n\u00eb dark\u00ebn tradicionale q\u00eb mbahet n\u00eb Shtator me rastin e Asambles\u00eb s\u00eb P\u00ebrgjithshme te Kombeve t\u00eb Bashkuara, j&#8217;u uroj edhe nj\u00ebher\u00eb, mir\u00ebse keni ardh\u00eb dhe uroj nj\u00eb mbr\u00ebmje sa m\u00eb t\u00eb mir\u00eb.<br \/>\nPastaj, zoti Rexha ia dha fjalen Dr. Gjon Bu\u00e7aj, Kryetar i Shoqat\u00ebs Mbar\u00ebshqiptare VATRA:<br \/>\nI nderuar z. President<br \/>\nJu p\u00ebrsh\u00ebndes n\u00eb em\u00ebr t\u00eb Federat\u00ebs Panshqiptare Vatra dhe n\u00eb emrin tim, Mir\u00ebsevini bashk\u00eb me zonj\u00ebn fisnike Nishani dhe me an\u00ebtar\u00ebt e tjer\u00eb t\u00eb delegacionit t\u00eb Shqiperise q\u00eb merr pjes\u00eb n\u00eb Asamblen\u00eb e P\u00ebrgjithshme t\u00eb Kombeve te bashkuara.<br \/>\nP\u00ebrsh\u00ebndesim zv Kryeministrin e Kosov\u00ebs, zotin Behgjet Pacolli dhe p\u00ebrfaq\u00ebsuesin e Ministris\u00eb s\u00eb Diaspor\u00ebs zotin Naim Dedushaj, me g\u00ebzim e k\u00ebnaq\u00ebsi q\u00eb presim ne sof\u00ebr t\u00eb p\u00ebrbashk\u00ebt edhe pjes\u00ebtaret e delegacionit t\u00eb Kosov\u00ebs s\u00eb lir\u00eb. Jan\u00eb te mir\u00ebseardhur edhe diplomat\u00ebt tan\u00eb, bashk\u00ebpun\u00ebtor\u00eb dashamir\u00ebs t\u00eb komunitetit dhe t\u00eb ketij vendi mik, p\u00ebr ndryshim nga p\u00ebrfaqsuesat e diktatur\u00ebs n\u00eb luft\u00eb ideologjike kundra interesavet komb\u00ebtare.<br \/>\nMiresevjen zoti Tahir Muhedini, kryetar nderi i PDIU-se, veprimtar i palodhun i \u00e7\u00ebshtjes \u00c7ame, p\u00ebr sh\u00ebrimin e k\u00ebsaj plage komb\u00ebtare q\u00eb rrjedh gjak tash ma se 68 vjet&#8221; tha n\u00eb fjalen e tij p\u00ebrsh\u00ebndet\u00ebse, Dr. Bu\u00e7aj.<\/span><\/div>\n<div><span style=\"font-size: small;\">Pastaj zoti Agim Rexha, ftoi Presidentin Nishani.<\/span><\/div>\n<div><span style=\"font-size: small;\">N\u00eb p\u00ebrsh\u00ebndetjen e tij, Presidenti Bujar Nishani, midis t\u00eb tjerash tha:<br \/>\n<\/span><span style=\"font-size: small;\">I nderuarzoti Gjon Bu\u00e7aj!<br \/>\nI nderuar zv. Kryeminist\u00ebr i Kosov\u00ebs, z. Pacolli!<\/span><\/div>\n<div><span style=\"font-size: small;\">T\u00eb dashur miq q\u00eb jeni prezent n\u00eb k\u00ebt\u00eb mbr\u00ebmje.<br \/>\nM\u00eb lejoni q\u00eb n\u00eb fillim t\u00eb fjal\u00ebs sime t\u00eb shpreh falenderimet dhe k\u00ebnaq\u00ebsin\u00eb time t\u00eb ve\u00e7ant\u00eb p\u00ebr t\u00eb q\u00ebn\u00eb bashk\u00eb me ju sot dhe p\u00ebr organizimin e k\u00ebtij evenimenti.<br \/>\nJam i nderuar t\u00eb jem sot n\u00eb mes jush, p\u00ebrfaqesuesve t\u00eb Shoqat\u00ebs VATRA i shpreh t\u00ebr\u00eb mir\u00ebnjohjen time, mb\u00ebshtetjen q\u00eb ka, mbar\u00eb shoq\u00ebris\u00eb shqiptare p\u00ebr pun\u00ebn dhe kontributin tuaj n\u00ebp\u00ebr vite. Ruajtja e virtyteve, kultur\u00ebs, misioneve m\u00eb t\u00eb mira komb\u00ebtare p\u00ebr Shqip\u00ebrin\u00eb, Kosov\u00ebn dhe shqiptar\u00ebt kudo q\u00eb ata jetojn\u00eb.<br \/>\nJu jemi mir\u00ebnjoh\u00ebs p\u00ebr rolin q\u00eb shoqata Vatra ka luajtur n\u00eb dobi t\u00eb \u00e7\u00ebshtjes komb\u00ebtare, p\u00ebr at\u00eb \u00e7far\u00eb keni b\u00ebr\u00eb dhe keni dh\u00ebn\u00eb n\u00eb p\u00ebrparimin dhe zhvillimin e vendit ton\u00eb. Ju meritoni respektin e mbar\u00eb Kombit Shqiptar p\u00ebr kontributin tuaj n\u00eb historin\u00eb ton\u00eb, ku me atdhedashuri dhe patriotiz\u00ebm ju keni ditur te mbroni lirin\u00eb dhe t\u00eb drejtat e shqiptar\u00ebve edhe ne trojet e tyre etnike, pavar\u00ebsin\u00eb e Kosov\u00ebs dhe demokratizmin e Shqip\u00ebris\u00eb. Padyshim, ju me pun\u00ebn tuaj keni z\u00ebn\u00eb nj\u00eb vend t\u00eb r\u00ebnd\u00ebsish\u00ebm n\u00eb faqen e historis\u00eb son\u00eb&#8230;<\/span><\/div>\n<div><span style=\"font-size: small;\">T\u00eb nderuar pjes\u00ebmarr\u00ebs. N\u00eb vitet e fundit jemi d\u00ebshmitar\u00eb dhe aktor\u00eb t\u00eb ngjarjeve t\u00eb r\u00ebnd\u00ebsishme q\u00eb kan\u00eb ndodhur dhe kan\u00eb len\u00eb shenj\u00eb n\u00eb historin\u00eb e Kombit Shqiptar. Padiskutim, Pavar\u00ebsia e Kosov\u00ebs \u00ebsht\u00eb kryevepra e Kombit Shqiptar&#8230;<br \/>\nPavar\u00ebsin\u00eb e Kosov\u00ebs, shqiptar\u00ebt ia dol\u00ebn mban\u00eb q\u00eb \u00ebndrr\u00ebn ta shnderojn\u00eb ne realitet, \u00ebndrra shekullore e kombit ton\u00eb.<\/span><\/div>\n<div><span style=\"font-size: small;\">N\u00eb vizit\u00ebn time t\u00eb par\u00eb n\u00eb cil\u00ebsin\u00eb e \u00ebresidentit t\u00eb republik\u00ebs, n\u00eb Kosov\u00eb, kam premtuar, se gjat\u00eb mandatit tim presidencial, Kosova do t\u00eb jet\u00eb kryefjala n\u00eb p\u00ebrpjekje t\u00eb njohjeve nd\u00ebrkomb\u00ebtare, pjes\u00ebmarrjen e saj n\u00eb forumet rajonale, mb\u00ebshtetjen e saj n\u00eb integrimin euroatlantik.<br \/>\nVatra ka sh\u00ebrbyer dhe sh\u00ebrben si nj\u00eb avokate e interesave komb\u00ebtare n\u00eb Amerik\u00eb n\u00eb momentet m\u00eb kritike t\u00eb historis\u00eb son\u00eb. Ne nuk kemi qen\u00eb vet\u00ebm, por kemi patur pas vetes nj\u00eb mik t\u00eb mah q\u00eb n\u00eb \u00e7do moment ka nd\u00ebrhyre fuqish\u00ebm n\u00eb mbrojtje t\u00eb \u00e7eshtjes son\u00eb. Prandaj shfryt\u00ebzoj k\u00ebt\u00eb moment i ndodhur n\u00eb Sh.B.A. p\u00ebr t&#8217;i shprehur edhe nj\u00ebher\u00eb mir\u00ebnjohjen ton\u00eb k\u00ebtij aleati dhe miku ton\u00eb t\u00eb shtrenjt\u00eb, Sh.B.A. dhe t&#8217;i garantojm\u00eb, se ne jemi p\u00ebrkrah tyre p\u00ebr nj\u00eb bot\u00eb m\u00eb t\u00eb sigurt\u00eb dhe m\u00eb demokratike&#8230;<br \/>\nTe dashur miq!<br \/>\nShqip\u00ebria ndodhet n\u00eb prag t\u00eb festimeve t\u00eb 100 vjetorit t\u00eb themelimit t\u00eb shtetit shqiptar. Ky \u00e7ast n\u00eb historin\u00eb ton\u00eb q\u00eb p\u00ebrkon me nj\u00eb rrug\u00ebtim t\u00eb nisur prej disa vitesh aq t\u00eb d\u00ebshiruar dhe q\u00eb t\u00eb gjith\u00eb bashk\u00eb e konsiderojm\u00eb si alternativ\u00ebn e vetme integrimin europian, si anetare e NATO-s si njer\u00ebz q\u00eb l\u00ebvizim t\u00eb lir\u00eb dhe q\u00eb arritjet n\u00eb procesin e integrimit europian, jan\u00eb tregues i r\u00ebnd\u00ebsish\u00ebm n\u00eb rrug\u00ebn ton\u00eb&#8230;&#8221; tha midis t\u00eb tjerash Presidenti Nishani.<\/span><\/div>\n<div><\/div>\n<div><span style=\"font-size: small;\">Orator p\u00ebr ta &#8220;patur&#8221; zili, i thjesht\u00eb, n\u00eb p\u00ebrsh\u00ebndetjen e tij, <\/span><span style=\"font-size: small;\">Zv. Kryeministri i Kosov\u00ebs, z. Behgjet Pacolli:<br \/>\n&#8220;&#8230; Sonte jam i g\u00ebzuar q\u00eb gjindem n\u00eb mesin tuaj q\u00eb t\u00eb ndajm\u00eb k\u00ebt\u00eb gezim, k\u00ebt\u00eb mbr\u00ebmje kaq t\u00eb bukur. Ndjehem shum\u00eb i lumtur q\u00eb ndodhem mes jush dhe j&#8217;u uroj t\u00eb gjith\u00ebve mir\u00ebsi n\u00eb familjet tuaja, suksese n\u00eb pun\u00ebn tuaj,<br \/>\nSonte dua t\u00eb falenderoj edhe mysafir\u00ebt q\u00eb ndodhen n\u00eb k\u00ebt\u00eb mbr\u00ebmje; Princesa e Tajland\u00ebs, Ministrin e Pun\u00ebve t\u00eb Jasht\u00ebme t\u00eb Republik\u00ebs s\u00eb Tanzanis\u00eb,<br \/>\nK\u00ebta dy persona q\u00eb ndodhen sonte k\u00ebtu midis nesh, t\u00eb cil\u00ebt jan\u00eb nj\u00eb nga lindja e nj\u00eb nga jugu,. K\u00ebta jan\u00eb miqt\u00eb tan\u00eb, sipas nj\u00eb shprehjes son\u00eb &#8220;Kush do mikun, m\u00eb do mua, ose kush respekton mikun, m\u00eb respekton mua&#8221; Pra, ju m\u00eb keni respektuar mua, sepse keni respektuar miqt\u00eb e kombit shqiptar.<br \/>\nZonja Long, Princesa e Tajland\u00ebs \u00ebsht\u00eb p\u00ebrkthyesja, honorare e Kosov\u00ebs, e cila, Kosov\u00ebs i ka falur n\u00eb qend\u00ebr te Bankokut nj\u00eb nd\u00ebrtes\u00eb t\u00eb mrekullueshme dhe ka aktivizuar Ambasad\u00ebn e Kosov\u00ebs n\u00eb t\u00ebr\u00eb kuptimin e fjal\u00ebs edhe pse ai shtet ende nuk e ka njohur Kosoven&#8230;&#8221;<\/span><\/div>\n<div><\/div>\n<div><span style=\"font-size: small;\">P\u00ebrsh\u00ebndet\u00ebn gjithashtu edhe princesa e Tajlandes dhe Ministri i Pun\u00ebve t\u00eb jasht\u00ebme t\u00eb Tanzanis\u00eb<\/span><\/div>\n<div><span style=\"font-size: small;\">Si nj\u00eb dark\u00eb miq\u00ebsore dhe familjare, me nj\u00eb menu ushqimi t\u00eb pasur dhe me personelin e sherbimit shembullor, te gjith\u00eb bisedonim dhe shk\u00ebmbenim mendime t\u00eb ndryshme me nj\u00ebri tjetrin.<\/span><\/div>\n<div><a href=\"http:\/\/revistakuvendi.org\/wp-content\/uploads\/2012\/09\/Presidenti.png\"><img loading=\"lazy\" decoding=\"async\" class=\"alignleft size-full wp-image-1719\" title=\"Presidenti\" src=\"http:\/\/revistakuvendi.org\/wp-content\/uploads\/2012\/09\/Presidenti.png\" alt=\"\" width=\"480\" height=\"360\" srcset=\"https:\/\/revistakuvendi.org\/wp-content\/uploads\/2012\/09\/Presidenti.png 480w, https:\/\/revistakuvendi.org\/wp-content\/uploads\/2012\/09\/Presidenti-300x225.png 300w\" sizes=\"auto, (max-width: 480px) 100vw, 480px\" \/><\/a><\/div>\n<div><strong><em>I pari djathtas, autori i shkrimit ne takimin me Presidentin<\/em><\/strong><\/div>\n<div><\/div>\n<div><span style=\"font-size: small;\">Syt\u00eb e t\u00eb gjith\u00ebve ishin atje, n\u00eb tavolin\u00ebn qendrore. T\u00eb gjith\u00eb d\u00ebshironin ta takonin Presidentin Nishani, t\u00eb dilnin nj\u00eb fotografi kujtimi t\u00eb paharuar. Me gotat e urimit n\u00eb duar dikush afrohej dhe i uronte mir\u00ebseardhjen dhe detyr\u00ebn e re t\u00eb presidentit, dikush nga tavolina tjet\u00ebr ngrinte got\u00ebn me ver\u00eb, duke e uruar&#8230; Dhe presidenti Nishani, buzagaz, i thjesht\u00eb, ashtu si\u00e7 i ka hije nj\u00eb presidenti i t\u00eb gjithe popullit, ua kthente urimin.<\/span><\/div>\n<div><span style=\"font-size: small;\">Ishin v\u00ebrtet \u00e7aste dhe ambient tep\u00ebr i ngroht\u00eb, i k\u00ebndsh\u00ebm, familjar.<\/span><\/div>\n<div><span style=\"font-size: small;\">Nga fundi i dark\u00ebs, pam\u00eb t&#8217;i afrohej tavolin\u00ebs s\u00eb Presidentit Nishani edhe Presidenti i Meksik\u00ebs, Felipe Calderon, i cili, p\u00ebr koincidenc\u00eb edhe ai ndodhej n\u00eb t\u00eb nj\u00ebjt\u00ebn sall\u00eb, nga ana tjet\u00ebr e restorantit.<\/span><\/div>\n<div><span style=\"font-size: small;\">N\u00eb fund, para se t\u00eb largohej Presidenti Bujar Nishani dhe grupi q\u00eb e shoq\u00ebronte u takua me pjes\u00ebmarr\u00ebsit, duke b\u00ebr\u00eb edhe fotografi, q\u00eb do te mbetet kujtim i paharuar.<\/span><\/div>\n<div><span style=\"font-size: small;\">Takimi me Presidentin Nishani dhe delegacionin qe e shoqeronte do te na mbetet si nje nder takimet mbreselenese.<\/span><\/div>\n<div><span style=\"font-size: small;\">Faleminderit i nderuar zoti President Nishani dhe suksese n\u00eb detyren tuaj.<\/span><\/div>\n<div><span style=\"font-size: small;\">Suksese n\u00eb p\u00ebrgatitjet e festimit t\u00eb 100 vjetorit t\u00eb Shtetit Shqiptar.<\/span><\/div>\n<div><\/div>\n","protected":false},"excerpt":{"rendered":"","protected":false},"author":1,"featured_media":0,"comment_status":"open","ping_status":"open","sticky":false,"template":"","format":"standard","meta":{"footnotes":""},"categories":[12],"tags":[],"class_list":["post-1717","post","type-post","status-publish","format-standard","hentry","category-jete-komuniteti"],"_links":{"self":[{"href":"https:\/\/revistakuvendi.org\/index.php?rest_route=\/wp\/v2\/posts\/1717","targetHints":{"allow":["GET"]}}],"collection":[{"href":"https:\/\/revistakuvendi.org\/index.php?rest_route=\/wp\/v2\/posts"}],"about":[{"href":"https:\/\/revistakuvendi.org\/index.php?rest_route=\/wp\/v2\/types\/post"}],"author":[{"embeddable":true,"href":"https:\/\/revistakuvendi.org\/index.php?rest_route=\/wp\/v2\/users\/1"}],"replies":[{"embeddable":true,"href":"https:\/\/revistakuvendi.org\/index.php?rest_route=%2Fwp%2Fv2%2Fcomments&post=1717"}],"version-history":[{"count":1,"href":"https:\/\/revistakuvendi.org\/index.php?rest_route=\/wp\/v2\/posts\/1717\/revisions"}],"predecessor-version":[{"id":1720,"href":"https:\/\/revistakuvendi.org\/index.php?rest_route=\/wp\/v2\/posts\/1717\/revisions\/1720"}],"wp:attachment":[{"href":"https:\/\/revistakuvendi.org\/index.php?rest_route=%2Fwp%2Fv2%2Fmedia&parent=1717"}],"wp:term":[{"taxonomy":"category","embeddable":true,"href":"https:\/\/revistakuvendi.org\/index.php?rest_route=%2Fwp%2Fv2%2Fcategories&post=1717"},{"taxonomy":"post_tag","embeddable":true,"href":"https:\/\/revistakuvendi.org\/index.php?rest_route=%2Fwp%2Fv2%2Ftags&post=1717"}],"curies":[{"name":"wp","href":"https:\/\/api.w.org\/{rel}","templated":true}]}}