{"id":1697,"date":"2012-09-27T00:26:27","date_gmt":"2012-09-27T00:26:27","guid":{"rendered":"http:\/\/revistakuvendi.org\/?p=1697"},"modified":"2012-09-27T00:45:22","modified_gmt":"2012-09-27T00:45:22","slug":"promovimi-i-te-vertetave-te-dhimshme","status":"publish","type":"post","link":"https:\/\/revistakuvendi.org\/?p=1697","title":{"rendered":"Promovimi i t\u00eb v\u00ebrtetave t\u00eb dhimshme"},"content":{"rendered":"<p><a href=\"http:\/\/revistakuvendi.org\/wp-content\/uploads\/2012\/09\/nusreti.jpg\"><img loading=\"lazy\" decoding=\"async\" class=\"alignleft size-full wp-image-1698\" title=\"nusreti\" src=\"http:\/\/revistakuvendi.org\/wp-content\/uploads\/2012\/09\/nusreti.jpg\" alt=\"\" width=\"472\" height=\"557\" srcset=\"https:\/\/revistakuvendi.org\/wp-content\/uploads\/2012\/09\/nusreti.jpg 472w, https:\/\/revistakuvendi.org\/wp-content\/uploads\/2012\/09\/nusreti-254x300.jpg 254w\" sizes=\"auto, (max-width: 472px) 100vw, 472px\" \/><\/a>( Nga promovimi i librit \u201c Terrori i Serbis\u00eb pushtuese mbi shqiptar\u00ebt, 1844-1999\u201d ne Detroit, organizuar e sponsorizuar nga Dega e Federates Panshqiptare \u201cVatra\u201d )<\/p>\n<p><strong>Pjet\u00ebr Jaku<\/strong><\/p>\n<p>Nj\u00eb lib\u00ebr brenda t\u00eb cil\u00ebt ka vet\u00ebm\u00a0 63 faqe tekst, n\u00eb formatin A-4, ka aq t\u00eb v\u00ebrteta rr\u00ebnqeth\u00ebse, sa nuk mund t\u2019i lexosh, as t\u2019i imagjinosh. <!--more-->Krimet mbi nj\u00eb popull t\u00eb pambrojtur, pothuajse t\u00eb z\u00ebn\u00eb rob. E si mund t\u00eb veprohet ashtu mbi nj\u00eb popull afro dymiljon\u00ebsh, i cili ishte\u00a0 i privuar nga t\u00eb gjitha mund\u00ebsit\u00eb e mbrojtjes nga arm\u00ebt, masakrat, p\u00ebrsekutimet e keqtrajtimet e vazhdueshme p\u00ebr afro dy shekuj dhe Evrop\u00ebs, ose vendeve t\u00eb tjera t\u00eb civilizuar t\u00eb mos u binte n\u00eb sy? Serbia dhe Kosova jan\u00eb bash midis Evrop\u00ebs. Bota ka hartuar prej shekujsh lloj-lloj\u00a0 kodesh e ligjesh, n\u00eb t\u00eb cilat shkruhet e thuhet, se ndaj njeriut t\u00eb paarmatosur nuk mund t\u00eb b\u00ebsh asnj\u00eb veprim dhunues. Nj\u00eb popull q\u00eb nuk t\u00eb bindet, pse duhet ta mbash n\u00ebn sundim? A mundet t\u00eb shkoi gjat\u00eb ky sundim? K\u00ebt\u00eb e kan\u00eb treguar shum\u00eb raste por, m\u00eb s\u00eb miri, e tregoi rasti i Kosov\u00ebs dhe shqiptar\u00ebve t\u00eb k\u00ebtij vendi se, edhe pse t\u00eb paarmatosur, \u00a0edhe t\u00eb ndaluar nga mund\u00ebsit\u00eb minimale t\u00eb rezistences fizike, gjeten mund\u00ebsin\u00eb e shp\u00ebrthimit n\u00eb n\u00eb disa val\u00eb e dallg\u00eb, q\u00eb edhe pse u shtyp\u00ebn e thyen, ato prap\u00eb provuan levizje t\u00eb fuqishme, deri sa erdhen n\u00eb rastin final, at\u00eb t\u00eb Pavar\u00ebsis\u00eb!<\/p>\n<p>Prof. Dr. Nusret Pllana nga ushtari i Liris\u00eb, nga gazetar i Luft\u00ebs, erdhi para lexuesve n\u00eb pes\u00eb gjuh\u00eb t\u00eb bot\u00ebs, p\u00ebr t\u00eb deshmuar t\u00eb v\u00ebrteta rr\u00ebnqeth\u00ebse, q\u00eb si\u00e7 thot\u00eb Presidenti Bill Klinton, \u201c\u2026nj\u00eb fotografi flet sa nj\u00ebmij\u00eb faqe tekst.\u201d Libri n\u00eb afro 500 faqe mban m\u00eb shum\u00eb se 400 fotografi me tekst-di\u00e7itur\u00eb e shpjegime, deri n\u00eb\u00a0 identifikimin e viktimave, edhe pse t\u00eb karbonizuar e t\u00eb dekompozuar nga fatktor\u00ebt atmosferik dhe pamund\u00ebsia e gjetjes n\u00eb koh\u00eb, u faktorizuan n\u00eb nj\u00eb akuz\u00eb kolektive kund\u00ebr nj\u00eb regjimi diktatorial t\u00eb nj\u00eb lloji t\u00eb ve\u00e7ant\u00eb.<\/p>\n<p>Redaksia \u00a0e librit nga\u00a0 12 akademik\u00eb, tregon p\u00ebr kujdesin e\u00a0 ve\u00e7ant\u00eb q\u00eb i \u00ebsht\u00eb treguar k\u00ebtij botimi, nga forma luksoz dhe, nga p\u00ebrmbajtja, nj\u00eb dokument i domosdosh\u00ebm akuzues kund\u00ebr nj\u00eb regjimi, q\u00eb p\u00ebrs\u00ebri p\u00ebrpiqet ta kriminalizoi viktimen, p\u00ebr ndonj\u00eb rast sporadik t\u00eb rezistences s\u00eb ligj\u00ebshme, ndaj nj\u00eb terrori ushtarak kund\u00ebr viktimave kolektive, si\u00e7 ishin shqiptaret e Kosoves, t\u00eb paarmatosur dhe t\u00eb pambrojtur nga askush.<\/p>\n<p>R\u00ebn\u00ebd\u00ebsin\u00eb e librit e tregon \u00a0fakti i botimit p\u00ebr t\u00eb pest\u00ebn her\u00eb, i promovimeve, pothuajse n\u00eb vendet kryesore t\u00eb bot\u00ebs, shtypur n\u00eb shqip, anglisht, gjermanisht, frengjisht dhe turqisht. Paraqitja e k\u00ebti libri n\u00eb Shqiperi, Maqedoni, Itali, Poloni, Gjermani, France, Austri, Norvegji, Suedi, Danimarke, Hungari, Zvicer, Turqi dhe tani ne SHBA, perkatesisht ne keto qytete: Prishtine, Tirane, Shkup, Rome, Kopenhage, Oslo, Stokholm, Paris, Lion, Budapest, Gjeneve, Zyrih, Lugano, Katovic\u00eb, Ankara, Stamboll, Izmir, Bursa, Shtutgart, Dortmund, Nyrnberg, Hechingen, Singen, New York, Washington e Detroit, tregon r\u00ebnd\u00ebsin\u00eb dhe seriozitetin e k\u00ebtij botimi, si nj\u00eb ambasador i lirise dhe zotin Pllana si ambasador te paqes,\u00a0 i deshmive t\u00eb dhimbjes kolektive, t\u00eb nj\u00eb vuajtje pa p\u00ebrmasa, do t\u00eb thonte n\u00eb promovimin e\u00a0\u00a0 k\u00ebtij libri n\u00eb Detroit,\u00a0 Kryetari i Deg\u00ebs s\u00eb Vatr\u00ebs p\u00ebr Detroitin, \u201c Pishtari i Demokracise\u201d, Alfons Grishaj .<\/p>\n<p>Serbia duhet t\u00eb turp\u00ebrohet para k\u00ebtyre fakteve t\u00eb pakund\u00ebrshtueshme deri n\u00eb mospasjen fytyr\u00eb t\u00eb k\u00ebrkoi pranimin n\u00eb\u00a0 gjirin e popujve t\u00eb civilizuar evropian\u00eb. Bashk\u00ebsia Evropiane duhet t\u00eb ket\u00eb kujdes n\u00eb ofertat e pa kontrolluara dhe pa studiuara q\u00eb i b\u00ebn Serbis\u00eb p\u00ebr t\u2019u inkuadruar n\u00eb k\u00ebt\u00eb bashk\u00ebsi, pa deklaruar dhe pranuar bot\u00ebrisht p\u00ebr masakrat e dhunimet e shkaktuara, pa asnj\u00eb motiv, kund\u00ebr shqiptar\u00ebve t\u00eb Kosov\u00ebs, ku historia ka treguar m\u00eb shum\u00eb se asgj\u00eb p\u00ebrkat\u00ebsin\u00eb shqiptare t\u00eb trojeve t\u00eb pa kontestueshme.<\/p>\n<p>Rr\u00ebfimet rr\u00ebnqeth\u00ebse, deri n\u00eb pamund\u00ebsin\u00eb p\u00ebr t\u2019i par\u00eb pa u shokuar, i vet\u00ebm nj\u00eb t\u00eb nj\u00ebmijt\u00ebs s\u00eb terrorit q\u00eb ka organizuar Serbia n\u00eb vite e shekuj kund\u00ebr shqiptar\u00ebve, jan\u00eb nj\u00eb aktakuz\u00eb q\u00eb i duhet d\u00ebrguar \u00a0Tribunalit t\u00eb Hag\u00ebs.<\/p>\n<p>Si mund t\u00eb mbahet n\u00eb burgun e Hag\u00ebs Ramush Hajradinaj, kur shikon t\u00ebr\u00eb k\u00ebto tmerre t\u00eb b\u00ebra nga\u00a0 ushtria serbe kund\u00ebr nj\u00eb populli t\u00eb paarmatosur?! Si mund ta udh\u00ebhiqte Ramush Hajradinaj nj\u00eb luft\u00eb pa ligje, m\u00eb mir\u00eb se ajo q\u00eb ndodhi?<\/p>\n<p>Cili gjeneral n\u00eb bot\u00eb do ta kishte drejtuar m\u00eb mir\u00eb nj\u00eb luft\u00eb si ajo e Kosov\u00ebs, t\u00ebr\u00ebsisht n\u00eb mbrotje t\u00eb popullsis\u00eb civile, s\u00eb cil\u00ebs si doli zot askush? \u00a0Njeriu nuk mund t\u00eb viktimizohet p\u00ebr interesa nacionalo-fetare t\u00eb askujt, por as bota nuk do t\u00eb hesht\u00ebte aq gjat\u00eb n\u00eb koh\u00eb, sa nga ajo dit\u00eb e sot ka me mij\u00ebra shqiptar\u00eb t\u00eb humbur, pa asnj\u00eb adres\u00eb.<\/p>\n<p>P\u00ebr k\u00ebt\u00eb lib\u00ebr \u00ebsht\u00eb th\u00ebn\u00eb e shkruar shum\u00eb. Jan\u00eb b\u00ebr\u00eb disa biseda nga\u00a0 autori, por edne nuk \u00ebsht\u00eb b\u00ebr\u00eb ajo q\u00eb duhet t\u00eb kishte b\u00ebr\u00eb qeveria e Kosov\u00ebs, ndihm\u00ebn e ribotimit dhe t\u00eb shp\u00ebrndarjes, ndihmen e d\u00ebrgimit deri n\u00eb dyert e OKB-s\u00eb, secilit ambassador, q\u00eb t\u00eb njihen me k\u00ebto krime t\u00eb pashoqe, q\u00eb nuk b\u00ebheshin as n\u00eb\u00a0 shoq\u00ebrin\u00eb primitive. Autori ngarkohet me\u00a0 thas\u00ebt e librave, duke \u201cshetitur\u201d aeroporteve t\u00eb bot\u00ebs, pa m\u00eb t\u00eb voglen ndihm\u00eb, aspak e denj\u00eb p\u00ebr nj\u00eb vend, q\u00eb tashm\u00eb ka shtetin e tij, mund\u00ebsit\u00eb e tij p\u00ebr ta promovuar t\u00eb v\u00ebrtet\u00ebn an\u00eb e mban globit. Promovimi s\u00eb fundi n\u00eb Bibliotek\u00ebn e Kongresit Amerikan, \u00ebsht\u00eb jo vet\u00ebm nj\u00eb sukses, por nj\u00eb merit\u00eb e ve\u00e7ant\u00eb e autorit, i cili me k\u00ebmb\u00ebngulje po p\u00ebrpiqet t\u00eb \u00e7aj\u00eb udh\u00ebve t\u00eb panjohura, q\u00eb si e si libri dhe e v\u00ebrteta t\u00eb shkoj\u00eb aty ku duhet.<\/p>\n<p><strong>E v\u00ebrteta t\u00eb \u00e7liron\u2026<\/strong><\/p>\n<p>K\u00ebt\u00eb shprehje biblike do e p\u00ebrs\u00ebriste Famullitari i Kishes\u00a0 Katolike t\u00eb Sh\u00ebn Palit, me dat\u00ebn 23 Shtator 2012, n\u00eb promovimin e k\u00ebtij libri n\u00eb Qendren e k\u00ebsaj Kishe. Pasi Don Fran Kola, si i zoti i sht\u00ebpis\u00eb, u k\u00ebrkoi t\u00eb pranishm\u00ebve t\u00eb mbanin nj\u00eb minut\u00eb heshtje p\u00ebr viktimat e k\u00ebtij terrori, foli shkurtimisht p\u00ebr r\u00ebnd\u00ebsin\u00eb e k\u00ebsaj vepre. \u201cE v\u00ebrteta \u00ebsht\u00eb guxim,- tha Don Frani, nd\u00ebrsa shp\u00ebrdorimi i s\u00eb v\u00ebrtet\u00ebs n\u00eb drejt\u00ebsi dhe, aq m\u00eb shum\u00eb n\u00eb histori p\u00ebrb\u00ebn m\u00ebkat.\u201d \u00a0Duke sjellur shembuj t\u00eb s\u00eb v\u00ebrtet\u00ebs dhe s\u00eb kund\u00ebrt\u00ebs s\u00eb saj, g\u00ebnjeshtres, Don Frani solli \u00a0argumentimin filozofik para t\u00eb pranishm\u00ebve. Drejtuesi\u00a0 i k\u00ebtij promovimi, aktivisti i njohur i komunitetit shqiptar t\u00eb Detroitit, si dhe nje nga vatran\u00ebt\u00a0 aktiv, Kujtim Qafa lexoi nj\u00eb material t\u00eb p\u00ebrgaditur enkas p\u00ebr k\u00ebt\u00eb takim, t\u00eb cilin do e botojm\u00eb t\u00eb plot\u00eb, bashk\u00eb me k\u00ebt\u00eb shkrim. Alfons Grishaj, Kryetari i Deges se Vatres per Michiganin, p\u00ebrsh\u00ebndeti n\u00eb em\u00ebr t\u00eb Federat\u00ebs Panshqiptare \u201c Vatra\u201d e cila po organizon t\u00eb gjitha takimet promovuese t\u00eb k\u00ebsaj vepre dhe, ve\u00e7an\u00ebrisht falenderoi pjes\u00ebmarr\u00ebsit n\u00eb em\u00ebr t\u00eb Dr. Gjon Bu\u00e7aj, kryetar i k\u00ebsaj federate, duke theksuar, se vepra n\u00eb fjal\u00eb \u00ebsht\u00eb \u201cp\u00ebrsoni\u201d m\u00eb i duhur diplomatik, q\u00eb po shetit bot\u00ebn. Dom Nosh Gjolaj, i pranishem n\u00eb k\u00ebt\u00eb aktivitet, foli p\u00ebr vitet e luftes s\u00eb Kosov\u00ebs, pasi kishte sh\u00ebrbyer nga viti 1992 deri n\u00eb vitin 1996 n\u00eb Prishtin\u00eb. Ai, ve\u00e7mas u ndal te\u00a0 Shoqata \u201c Pjet\u00ebr Bogdani\u201d dhe ndihmat q\u00eb kishte dh\u00ebn\u00eb n\u00eb Luft\u00eb kjo shoqat\u00eb.<\/p>\n<p>Dom Ndue Gjergji, famullitar i Kish\u00ebs Katolike \u201c Zoja Pajtore\u201d n\u00eb Michigan, solli para\u00a0 auditorit rastin e Bin\u00e7es dhe ndihmen q\u00eb kishin dh\u00ebn\u00eb bashk\u00eb me motrat n\u00eb rastin e helmimit t\u00eb 1400 f\u00ebmij\u00ebve, si dhe p\u00ebrg\u00ebzoi autorin p\u00ebr k\u00ebt\u00eb vep\u00ebr. M\u00eb pas, n\u00eb takim folen Prof.Dr. Astrit Mehmeti,\u00a0 Kryetar i Shoqates Shqiptaro Amerikane, ardhur nga Cikago, ligjerues ne \u201c DeVry University\u201d, Luigj Gjokaj, ish kryetar i Fondacionit \u201c Vendlindja thrret\u201d, Mr. Fejzulla Abdullai, i cili i vuri nj\u00eb r\u00ebnd\u00ebsi t\u00eb posa\u00e7me fallsikimit t\u00eb historis\u00eb nga ana e serb\u00ebve, Prof. Skender Kara\u00e7ica, Drejtor Ekzekutiv i Shoqat\u00ebs Shqiptaro Amerikane, ardhur nga Cikago, duke theksuar se libri \u00ebsht\u00eb kujtes\u00eb komb\u00ebtare, Gjergj Ivezaj, kryetar i Shoqat\u00ebs \u201cMal\u00ebsia e Madhe\u201d, ish ushtari i UCK-se Bedri To\u00e7ani, q\u00eb kishte udh\u00ebtuar nga Kanada p\u00ebr k\u00ebt\u00eb takim, botuesi i Revistes \u201c Kuvendi\u201d, Pjeter Jaku, i cili theksoi r\u00ebnd\u00ebsin\u00eb q\u00eb ka\u00a0 promovimi i para disa dit\u00ebsh n\u00eb Bibliotek\u00ebn e Kongresit Amerikan, duke theksuar se vlera e nj\u00eb vepre matet me udh\u00ebtimin e saj dhe sa larg shkon n\u00eb koh\u00eb, aktivisti i njohur Nevrus Nazarko, vuri theksin te harresa, e cila p\u00ebrs\u00ebrit historin\u00eb, n\u00ebse nuk jemi t\u00eb v\u00ebm\u00ebndsh\u00ebm, i riu Valentin Lumaj, duke theksuar se libri sjell\u00eb nj\u00eb koh\u00eb t\u00eb gjall\u00eb, por t\u00eb viktimizuar nga bisha gjakatre serbe, Ilir Myftiu, Rrok Jun\u00e7aj dhe\u00a0 Lulash Palushaj.<\/p>\n<p>Para se\u00a0 t\u00eb diskutohej, nga mjeshtri i fotografis\u00eb, Paulin Palushi u shfaqen dy dokumentar\u00eb, q\u00eb kishin t\u00eb b\u00ebnin me librin, sidomos ai i udh\u00ebtimit t\u00eb k\u00ebtij libri n\u00eb disa vende t\u00eb bot\u00ebs.<\/p>\n<p>Nj\u00eb vend t\u00eb ve\u00e7ant\u00eb pati edhe fjala e autorit, e cila u duartrokit disa her\u00eb nga t\u00eb pranishmit. Prof. Dr. Nusret Pllana e nisi fjal\u00ebn e tij me nj\u00eb improvizim t\u00eb viteve t\u00eb Luft\u00ebs dhe koh\u00ebn kur punonte n\u00eb\u00a0 Radion \u201c Kosova e Lir\u00eb\u201d: \u201c Ju flet Kosova e lir\u00eb!\u201d, nd\u00ebrkoh\u00eb q\u00eb nga salla nj\u00ebher\u00ebsh u p\u00ebrs\u00ebrit n\u00eb kor: \u201c \u201cJu flet Shqip\u00ebria e bashkuar! Dr. Pllana foli p\u00ebr rrug\u00ebtimin maratonomik t\u00eb k\u00ebtij libri, p\u00ebr rip\u00ebrt\u00ebritjen e kujteses historike, duke theksuar dy\u00a0 betejat m\u00eb t\u00eb r\u00ebnd\u00ebsishme q\u00eb ai i konsideronte me t\u00eb drejt\u00eb: Bashkimin komb\u00ebtar dhe uljen e\u00a0 Serbis\u00eb n\u00eb bank\u00ebn e t\u00eb akuzuarve n\u00eb Hag\u00eb.<\/p>\n<p>N\u00eb k\u00ebt\u00eb promovim merrnin pjes\u00eb edhe\u00a0 bashk\u00ebatdhetar\u00eb nga Cikago dhe Kanadaja.<\/p>\n<p>Takimi promovues u shoq\u00ebrua me autografe t\u00eb autorit n\u00eb ato pak libra q\u00eb kishte pas\u00eb mund\u00ebsi t\u00eb sillte, me premtimin se s\u00eb shpejti do sillte nj\u00eb\u00a0 num\u00ebr tjet\u00ebr t\u00eb pranuesh\u00ebm p\u00ebr komunitetin e shqiptar\u00ebve t\u00eb Michiganit.<\/p>\n<p><strong>\u00a0<\/strong><\/p>\n<p><strong>Fjala e drejtuesit t\u00eb k\u00ebtij aktiviteti, Kujtim Qafa<\/strong><\/p>\n<p>Te nderuar klerik\u00eb,<\/p>\n<p>Te nderuar mysafir\u00eb,<\/p>\n<p>Zonja dhe zot\u00ebrinj,<\/p>\n<p>Mir\u00ebdita dhe mir\u00eb se keni ardh\u00eb n\u00eb k\u00ebt\u00eb ceremoni promovuese te librave historik, brenda t\u00eb cil\u00ebve perfshihet\u00a0 periudha m\u00eb mizore\u00a0 e persekutimit njeqind e pes\u00ebdhjet\u00ebvje\u00e7ar t\u00eb shqiptar\u00ebve nga serb\u00ebt.<\/p>\n<p>Prof. Dr. Nusret Pllana vjen para nesh sot me dy veprat e tij t\u00eb sapobotuara<\/p>\n<p>\u201c Inetrvenimi i NATO-s ne Kosove\u201d dhe \u201c Terrori i Serbis\u00eb pushtuese mbi shqiptar\u00ebt 1844-1999\u201d.<\/p>\n<p>Dy librat e Prof. Pllanes jan\u00eb publikuar n\u00eb pes\u00eb gjuh\u00ebt m\u00eb t\u00eb njohura t\u00eb bot\u00ebs e jan\u00eb promovuar denj\u00ebsisht, si\u00e7 u ka hije veprave t\u00eb tilla; n\u00eb Kosov\u00eb, Maqedoni, Shqip\u00ebri, Zvicer, Gjermani, Belgjik\u00eb, Franc\u00eb dhe tani s\u00eb fundi n\u00eb vendin e bekuar, ne vendin mik t\u00eb shqiptar\u00ebve, Amerik\u00eb me synimin p\u00ebr t\u00eb udh\u00ebtuar me k\u00ebt\u00eb promovim edhe n\u00eb Australi e Kanada. Pra, pothuajse n\u00eb gjith\u00eb globin. Po k\u00ebshtu, tentimi p\u00ebr tu futur edhe ne vendet qe ende se kan\u00eb njohur Pavar\u00ebin\u00eb e Kosov\u00ebs \u00ebsht\u00eb nj\u00eb p\u00ebrpjekje dometh\u00ebnese dhe e v\u00ebshtir\u00eb. K\u00ebtu kemi parasysh Kinen dhe Rusin\u00eb.<\/p>\n<p>Zonja dhe zot\u00ebrinj, k\u00ebt\u00eb promovim t\u00eb Prof. Pllan\u00ebs e ka marr\u00eb p\u00ebrsip\u00ebr ta sponsorizoj\u00eb dhe ta udh\u00ebheq Federata Panshqiptare \u201c Vatra\u201d dhe ne\u00a0 si Deg\u00eb e saj, n\u00eb bashk\u00ebpunim me Komisionin p\u00ebrgaditor p\u00ebr festimin e 100 vjetorit t\u00eb Pavar\u00ebsis\u00eb s\u00eb Shqip\u00ebris\u00eb dhe t\u00eb qendrave fetare, sidomos t\u00eb k\u00ebsaj qendre fetare e komb\u00ebtare, q\u00eb kurr\u00eb nuk \u00ebsht\u00eb kursyer p\u00ebr atdhe e fe, p\u00ebr gjuh\u00eb e tradita shqiptare.<\/p>\n<p>Zonja dhe zot\u00ebrinj, ishte java e par\u00eb e e korrikut t\u00eb vitit 1990, ora 2 mbasdite, kur pak pa hyr\u00eb n\u00eb Prishtin\u00eb, Radio Prishtina u ndal s\u00eb foluri n\u00eb makin\u00ebn time dhe nuk filloi derisa u futem n\u00eb vendin ku mblidheshin shqiptar\u00ebt, n\u00eb lokalet e ashtuqujatura ( brenda objektit Boro e Ramizit), objekt q\u00eb me siguri do ta ket\u00eb ndrruar emrin sapo Kosova fitoi Lirin\u00eb.<\/p>\n<p>Aty mora vesh se forcat policore kishin marr\u00eb Radion, televizioni dhe t\u00eb gjitha mjetet informative me dhun\u00eb, duke rrahur e mantretuar, gazetar\u00eb, reporter dhe udh\u00ebheq\u00ebs t\u00eb lart\u00eb t\u00eb k\u00ebtyre institucioneve mediatike t\u00eb shqiptar\u00ebve.<\/p>\n<p>U mundova t\u00eb pyes disa shok\u00eb dhe bashk\u00ebpun\u00ebtor\u00eb t\u00eb mediave, si: Lek\u00eb Musollin, Mehmet Hazirin, Avni Spahiun, Sulejman Gashin e ndonj\u00eb tjet\u00ebr p\u00ebr gjendjen e tyre dhe m\u00ebsova se ishin mir\u00eb, por nuk munda t\u00eb qendroj gjat\u00eb me ish arsimtarin tim Elez Gjinin e nj\u00eb mik tjet\u00ebr, se gjendja n\u00eb Prishtin\u00eb ishte shum\u00eb e tensionuar e zija e kishte mbuluar k\u00ebt\u00eb qytet, duke mos par\u00eb asnj\u00eb njeri t\u00eb g\u00ebzuar.<\/p>\n<p>Dolem nga Prishtina n\u00eb rrug\u00eb p\u00ebr Lipjan e ma von\u00eb Prizren. Nd\u00ebrkoh\u00eb miku im u shpreh me dhimbje: \u201c Ky vend kurr\u00eb s\u2019ka pa drit\u00eb\u201d, duke shtuar: \u201c Ky vend \u00ebsht\u00eb lar\u00eb me gjak\u00eb disa her\u00eb e bash p\u00ebr k\u00ebt\u00eb \u00ebsht\u00eb mallkuar.\u201d<\/p>\n<p>\u201cNuk ka ma keq se kur t\u00eb mallkon gjaku\u201d, &#8211; iu p\u00ebrgjigja un\u00eb.<\/p>\n<p>N\u00eb qoft\u00eb se u kujtohet ju q\u00eb keni jetuar n\u00eb Kosov\u00eb, e sidomos Ty Profesor, sa t\u00eb kalosh Prishtin\u00ebn n\u00eb rrug\u00ebn p\u00ebr Ferizaj e Shkup, n\u00eb ato fusha e deri n\u00eb Lipjan lul\u00ebzojn\u00eb lulekuqet e Kosov\u00ebs, m\u00eb shum\u00eb se asnj\u00eb vend tjet\u00ebr. Ka disa lloj\u00eb lulesh t\u00eb kuqe, por kjo lule \u00ebsht\u00eb disi e rrall\u00eb, nj\u00eb e kuqe n\u00eb t\u00eb ndezun, bash si gjaku yn\u00eb!<\/p>\n<p>Tek udh\u00ebtonim i thash\u00eb mikut tim: I sheh k\u00ebto lulkuqe?<\/p>\n<p>Po m\u00eb tha, jan\u00eb simboli i gjakut t\u00eb derdhun nga shqiptar\u00ebt p\u00ebr\u00a0 Lirin\u00eb e Kosov\u00ebs.<\/p>\n<p>Nj\u00eb dit\u00eb, &#8211; th\u00ebm un\u00eb, &#8211; do ta kalojm\u00eb tunelin e zi, duke par\u00eb n\u00eb fund t\u00eb tij driten e Liris\u00eb, driten e e bashkimit, mbushur me k\u00ebto\u00a0 lule, q\u00eb ju , professor i keni sjell\u00eb n\u00eb k\u00ebt\u00eb lib\u00ebr e p\u00ebr t\u00eb cilat ne dhe brezat q\u00eb do vijn\u00eb, p\u00ebrjet\u00ebsisht do t\u00eb p\u00ebrkulemi n\u00eb shenj\u00eb nderimi p\u00ebr jet\u00ebn \u00eb tyre, p\u00ebr torturat e tyre, p\u00ebr parajsen e tyre.<\/p>\n<p>K\u00ebto lule jan\u00eb k\u00ebnga e jet\u00ebs s\u00eb p\u00ebrjetshme n\u00eb altarin e liris\u00eb, t\u00eb gjith\u00eb atyre trimave e heronj\u00ebve q\u00eb luftuan e dhan\u00eb jet\u00ebn p\u00ebr ta pas\u00eb Kosov\u00ebn t\u00eb lir\u00eb, p\u00ebr ta pas\u00eb Kosoven lule, ashtu si\u00e7 e deshen ata.<\/p>\n<p>N\u00eb k\u00ebng\u00ebn e tyre dhe n\u00eb jet\u00ebn e tyre tashm\u00eb po afrohet nj\u00eb \u00ebnd\u00ebrr tjet\u00ebr, e cila s\u00eb shpejti do t\u00eb realizohet, ajo e bashkimit t\u00eb trojeve shqiptare, q\u00eb n\u00eb bot\u00eb t\u00eb ket\u00eb vet\u00ebm nj\u00eb flamur kuq e zi, t\u00eb ket\u00eb vet\u00ebm nj\u00eb Shqip\u00ebri, as t\u00eb vog\u00ebl, as t\u00eb madhe, por aq sa e ka dh\u00ebn\u00eb zoti p\u00ebr shqiptar\u00ebt.<\/p>\n<p>Uroj q\u00eb ky takim promovues t\u00eb kaloj mir\u00eb si dhe librat tuaj, Profesor t\u00eb sjellin di\u00e7ka t\u00eb re p\u00ebr t\u00eb njohur sa m\u00eb shum\u00eb dhe me sakt\u00ebsi terrorin q\u00eb ka ushtruar Serbia ndaj shqiptar\u00ebve!<\/p>\n<p>&nbsp;<\/p>\n<p>Falemnderit!<\/p>\n<p>23 Shtator 2012<\/p>\n<p><strong>\u00a0<\/strong><\/p>\n<p><strong>\u00a0<\/strong><\/p>\n<p><strong>Fjala e Kryetarit t\u00eb Deg\u00ebs s\u00eb Vatr\u00ebs p\u00ebr Detroitin, Alfons Grishaj, mbajtur n\u00eb promovimin e librit \u201cTerrori i Serbis\u00eb pushtuese mbi Shqiptar\u00ebt, 1884-1999\u201d<\/strong><strong><\/strong><\/p>\n<p>Jemi mbledhur n\u00eb k\u00ebt\u00eb takim modest p\u00ebr t\u00eb promovuar librin e Prof.Dr.Nusret Pllan\u00ebs, \u201cTerrori i\u00a0\u00a0Serbis\u00eb\u00a0\u00a0Pushtuese mbi Shqiptar\u00ebt, 1884 -1999\u201d.\u00a0\u00a0Takime t\u00eb tilla jan\u00eb t\u00eb vlefshme jo vet\u00ebm nga ana informuese, por dhe nga ana komb\u00ebtare. N\u00ebse p\u00ebr nj\u00eb roman apo\u00a0\u00a0nj\u00eb v\u00ebllim me poezi ndjen k\u00ebnaq\u00ebsi t\u00eb marr\u00ebsh pjes\u00eb n\u00eb\u00a0\u00a0promovim, p\u00ebr libra t\u00eb till\u00eb historik si\u00e7 \u00ebsht\u00eb ky i Z.Pllana \u00ebsht\u00eb nj\u00ebher\u00ebsh d\u00ebshir\u00eb dhe obligim. Libri merr vlera t\u00eb\u00a0shum\u00ebfishta, kur flet p\u00ebr historin\u00eb e popullit t\u00ebnd, p\u00ebr historin\u00eb e martirizimit t\u00eb nj\u00eb\u00a0\u00a0populli t\u00eb vjet\u00ebr sa toka, si\u00e7 \u00ebsht\u00eb populli shqip\u00ebtar i Kosov\u00ebs. Historia e qytet\u00ebrimit Dardano-Ilir \u00ebsht\u00eb m\u00eb e vjet\u00ebr se ajo e fiseve t\u00eb\u00a0\u00a0egra q\u00eb u dynd\u00ebn n\u00eb mesjet\u00ebn e hershme e q\u00eb nuk u ngrit\u00ebn kurr\u00eb n\u00eb vlerat e qytet\u00ebrimit humanist, duke mbetur deri n\u00eb dit\u00ebt e sotme praktikant\u00eb t\u00eb barbaris\u00eb shoviniste dhe ekspansioniste. P\u00ebr fat t\u00eb keq, k\u00ebt\u00eb frym\u00eb p\u00ebrcjell ende bot\u00ebrisht Serbia, e cila, edhe pse tashm\u00eb e pashpres\u00eb n\u00eb ambicjet e saj, nuk duket assesi e gatshme p\u00ebr t\u00eb pranuar realitetin e ri e t\u00eb patjet\u00ebrsuesh\u00ebm historik, Kosov\u00ebn si shtet i Pavarur.<\/p>\n<p>Vrasjet, dhuna, p\u00ebrndjekja, terrori i vazhduesh\u00ebm Serb mbi popullin Kosovar ishte i p\u00ebrmasave t\u00eb nj\u00eb genocidi barbar. Deportimi me dhun\u00eb i Shqip\u00ebtarve t\u00eb Kosov\u00ebs nga trojet e veta ngjante me ikje biblike\u2026 Shqip\u00ebria megjithse e lodhur nga revolucioni komunist i 97, hapi dyert p\u00ebr v\u00ebllezrit dhe motrat Kosovare. Drama e Kosovarve ishte e madhe. \u00c7do njeri mund t\u00eb shihte brazd\u00ebn e sapo\u00e7elur n\u00eb ballin e nj\u00eb t\u00eb moshuari, lot\u00ebt e pathar\u00eb t\u00eb nj\u00eb\u00a0n\u00ebne, frik\u00ebn dhe tmerrin n\u00eb syt\u00eb e nj\u00eb vajze, psen\u00eb e madhe n\u00eb syt\u00eb e vocrrak\u00ebve f\u00ebmij\u00eb. Kjo ishte pamja e p\u00ebrgjithshme e dram\u00ebs kosovare t\u00eb fundshekullit t\u00eb kaluar, q\u00eb po t\u00eb ishte gjall\u00eb Goja do ta pikturonte e do ta titullonte: Tabloja e Vdekjes. Pik\u00ebrisht p\u00ebr k\u00ebt\u00eb tablo jemi mbledhur sot, interpretimin e s\u00eb cil\u00ebs do ta b\u00ebj\u00eb vet\u00eb autori, z.Pllana. Mua s\u2019m\u00eb mbetet ve\u00e7se t\u00eb vler\u00ebsoj se libra t\u00eb till\u00eb historik\u00eb, t\u00eb cil\u00ebt dokumentojn\u00eb t\u00eb v\u00ebrtet\u00ebn e vuajtjeve t\u00eb nj\u00eb populli, i qendrojn\u00eb shekujve.<\/p>\n<p>I uroj suksese dhe mirseardhjen n\u00eb Detroit!<\/p>\n<p><strong>\u00a0<\/strong><\/p>\n<p><strong>I respektuari v\u00eblla Alfons,<\/strong><\/p>\n<p><em>Detroiti kishte fest\u00eb,or\u00ebt tona komb\u00ebtare n\u00eb Udh\u00ebn e Madhe t\u00eb Kombit!N\u00eb Kish\u00ebn Shqiptare(Shen Pali)d\u00ebgjohej\u00a0z\u00ebri dhe afria jon\u00eb me t\u00eb madhin ZOT!Zemrat rrahnin m\u00eb shpesh se n\u00eb Kish\u00ebn\u00a0Shqiptare b\u00ebhej Urata e Madhe p\u00ebr KOMBIN,ATDHEUN,FEN\u00cb DHE FLAMURIN.E\u00a0pash\u00eb se si TAPIA E SHQIPTARIZM\u00cbS merrte frym\u00eb\u00a0me syrin kah Dielli i Kombit Shqiptars!<\/em><\/p>\n<p><em>Erdh\u00ebm nga Detroiti me zemr\u00ebn plot!Kujtimi i mir\u00eb p\u00ebr takimin me v\u00ebllaz\u00ebrit e mi,apo si thoshte Ismail Qemaili(Me njer\u00ebzit e udh\u00ebs)q\u00eb mendojn\u00eb e punojn\u00eb p\u00ebr Kombin dhe Atdheun!Uroj\u00a0nga zemra q\u00eb pran\u00eb VATRES t\u00eb jemi edhe ne ,aty\u00a0ku pena dhe mendimi kulturor-shkencor i dijes s\u00eb Faik Konic\u00ebs dhe t\u00eb njeriut q\u00eb ndrite udh\u00ebn kah Atdheu i Madhi Fan Noli,t\u00eb jemi sot e nes\u00ebr bashkarisht n\u00eb aktivitetet tona t\u00eb Diapor\u00ebs Shqiptare n\u00eb Amerik\u00eb.<\/em><\/p>\n<p><em>Ne nuk kemi tjet\u00ebr Atdhe pos\u00a0Tok\u00ebs Shqiptare!<\/em><\/p>\n<p><em>Ju faleminderit p\u00ebr mikpritjen dhe meditimet tona politiko-komb\u00ebtare q\u00eb do t\u00eb na forcojn\u00eb n\u00eb t\u00ebr\u00eb rrafshin e nismave tona\u00a0bashke me programin komb\u00ebtar t\u00eb VATRES!<\/em><\/p>\n<p><em>T\u00eb fala veprimtar\u00ebve shqiptar\u00eb n\u00eb Detroit!<\/em><\/p>\n<p><em>I juaji v\u00eblla,<\/em><br \/>\n<em>Prof.Sk\u00ebnder Kara\u00e7ica,<\/em><br \/>\n<em>Drejtor Ekzekutiv i SHSHA-s\u00eb<\/em><br \/>\n<em>\u00c7ikago,SHBA<\/em><\/p>\n<p><strong>Fotot e takimit realizuar nga mjeshtri, Paulin Palushi:<\/strong><\/p>\n<p><a href=\"http:\/\/revistakuvendi.org\/wp-content\/uploads\/2012\/09\/nusreti-duke-folur1.jpg\"><img loading=\"lazy\" decoding=\"async\" class=\"alignleft size-large wp-image-1714\" title=\"nusreti duke folur\" src=\"http:\/\/revistakuvendi.org\/wp-content\/uploads\/2012\/09\/nusreti-duke-folur1-1024x680.jpg\" alt=\"\" width=\"620\" height=\"411\" srcset=\"https:\/\/revistakuvendi.org\/wp-content\/uploads\/2012\/09\/nusreti-duke-folur1-1024x680.jpg 1024w, https:\/\/revistakuvendi.org\/wp-content\/uploads\/2012\/09\/nusreti-duke-folur1-300x199.jpg 300w\" sizes=\"auto, (max-width: 620px) 100vw, 620px\" \/><\/a><\/p>\n<p>&nbsp;<\/p>\n<p><a href=\"http:\/\/revistakuvendi.org\/wp-content\/uploads\/2012\/09\/nusreti1.jpg\"><img loading=\"lazy\" decoding=\"async\" class=\"alignleft size-large wp-image-1712\" title=\"nusreti1\" src=\"http:\/\/revistakuvendi.org\/wp-content\/uploads\/2012\/09\/nusreti1-1024x679.jpg\" alt=\"\" width=\"620\" height=\"411\" srcset=\"https:\/\/revistakuvendi.org\/wp-content\/uploads\/2012\/09\/nusreti1-1024x679.jpg 1024w, https:\/\/revistakuvendi.org\/wp-content\/uploads\/2012\/09\/nusreti1-300x199.jpg 300w, https:\/\/revistakuvendi.org\/wp-content\/uploads\/2012\/09\/nusreti1.jpg 1372w\" sizes=\"auto, (max-width: 620px) 100vw, 620px\" \/><\/a><\/p>\n<p><a href=\"http:\/\/revistakuvendi.org\/wp-content\/uploads\/2012\/09\/nusreti2.jpg\"><img loading=\"lazy\" decoding=\"async\" class=\"alignleft size-large wp-image-1711\" title=\"nusreti2\" src=\"http:\/\/revistakuvendi.org\/wp-content\/uploads\/2012\/09\/nusreti2-1024x679.jpg\" alt=\"\" width=\"620\" height=\"411\" srcset=\"https:\/\/revistakuvendi.org\/wp-content\/uploads\/2012\/09\/nusreti2-1024x679.jpg 1024w, https:\/\/revistakuvendi.org\/wp-content\/uploads\/2012\/09\/nusreti2-300x199.jpg 300w, https:\/\/revistakuvendi.org\/wp-content\/uploads\/2012\/09\/nusreti2.jpg 1372w\" sizes=\"auto, (max-width: 620px) 100vw, 620px\" \/><\/a><\/p>\n<p><a href=\"http:\/\/revistakuvendi.org\/wp-content\/uploads\/2012\/09\/nusreti3.jpg\"><img loading=\"lazy\" decoding=\"async\" class=\"alignleft size-large wp-image-1710\" title=\"nusreti3\" src=\"http:\/\/revistakuvendi.org\/wp-content\/uploads\/2012\/09\/nusreti3-1024x679.jpg\" alt=\"\" width=\"620\" height=\"411\" srcset=\"https:\/\/revistakuvendi.org\/wp-content\/uploads\/2012\/09\/nusreti3-1024x679.jpg 1024w, https:\/\/revistakuvendi.org\/wp-content\/uploads\/2012\/09\/nusreti3-300x199.jpg 300w, https:\/\/revistakuvendi.org\/wp-content\/uploads\/2012\/09\/nusreti3.jpg 1372w\" sizes=\"auto, (max-width: 620px) 100vw, 620px\" \/><\/a><\/p>\n<p><a href=\"http:\/\/revistakuvendi.org\/wp-content\/uploads\/2012\/09\/nusreti4.jpg\"><img loading=\"lazy\" decoding=\"async\" class=\"alignleft size-large wp-image-1709\" title=\"nusreti4\" src=\"http:\/\/revistakuvendi.org\/wp-content\/uploads\/2012\/09\/nusreti4-1024x679.jpg\" alt=\"\" width=\"620\" height=\"411\" srcset=\"https:\/\/revistakuvendi.org\/wp-content\/uploads\/2012\/09\/nusreti4-1024x679.jpg 1024w, https:\/\/revistakuvendi.org\/wp-content\/uploads\/2012\/09\/nusreti4-300x199.jpg 300w, https:\/\/revistakuvendi.org\/wp-content\/uploads\/2012\/09\/nusreti4.jpg 1372w\" sizes=\"auto, (max-width: 620px) 100vw, 620px\" \/><\/a><\/p>\n<p><a href=\"http:\/\/revistakuvendi.org\/wp-content\/uploads\/2012\/09\/nusreti5.jpg\"><img loading=\"lazy\" decoding=\"async\" class=\"alignleft size-large wp-image-1708\" title=\"nusreti5\" src=\"http:\/\/revistakuvendi.org\/wp-content\/uploads\/2012\/09\/nusreti5-1024x680.jpg\" alt=\"\" width=\"620\" height=\"411\" srcset=\"https:\/\/revistakuvendi.org\/wp-content\/uploads\/2012\/09\/nusreti5-1024x680.jpg 1024w, https:\/\/revistakuvendi.org\/wp-content\/uploads\/2012\/09\/nusreti5-300x199.jpg 300w, https:\/\/revistakuvendi.org\/wp-content\/uploads\/2012\/09\/nusreti5.jpg 1132w\" sizes=\"auto, (max-width: 620px) 100vw, 620px\" \/><\/a><\/p>\n<p>&nbsp;<\/p>\n<p><a href=\"http:\/\/revistakuvendi.org\/wp-content\/uploads\/2012\/09\/nusreti6.jpg\"><img loading=\"lazy\" decoding=\"async\" class=\"alignleft size-large wp-image-1706\" title=\"nusreti6\" src=\"http:\/\/revistakuvendi.org\/wp-content\/uploads\/2012\/09\/nusreti6-1024x680.jpg\" alt=\"\" width=\"620\" height=\"411\" srcset=\"https:\/\/revistakuvendi.org\/wp-content\/uploads\/2012\/09\/nusreti6-1024x680.jpg 1024w, https:\/\/revistakuvendi.org\/wp-content\/uploads\/2012\/09\/nusreti6-300x199.jpg 300w, https:\/\/revistakuvendi.org\/wp-content\/uploads\/2012\/09\/nusreti6.jpg 1138w\" sizes=\"auto, (max-width: 620px) 100vw, 620px\" \/><\/a><\/p>\n<p><a href=\"http:\/\/revistakuvendi.org\/wp-content\/uploads\/2012\/09\/nusreti7.jpg\"><img loading=\"lazy\" decoding=\"async\" class=\"alignleft size-large wp-image-1705\" title=\"nusreti7\" src=\"http:\/\/revistakuvendi.org\/wp-content\/uploads\/2012\/09\/nusreti7-1024x679.jpg\" alt=\"\" width=\"620\" height=\"411\" srcset=\"https:\/\/revistakuvendi.org\/wp-content\/uploads\/2012\/09\/nusreti7-1024x679.jpg 1024w, https:\/\/revistakuvendi.org\/wp-content\/uploads\/2012\/09\/nusreti7-300x199.jpg 300w, https:\/\/revistakuvendi.org\/wp-content\/uploads\/2012\/09\/nusreti7.jpg 1372w\" sizes=\"auto, (max-width: 620px) 100vw, 620px\" \/><\/a><\/p>\n<p><a href=\"http:\/\/revistakuvendi.org\/wp-content\/uploads\/2012\/09\/nusreti8.jpg\"><img loading=\"lazy\" decoding=\"async\" class=\"alignleft size-large wp-image-1704\" title=\"nusreti8\" src=\"http:\/\/revistakuvendi.org\/wp-content\/uploads\/2012\/09\/nusreti8-1024x679.jpg\" alt=\"\" width=\"620\" height=\"411\" srcset=\"https:\/\/revistakuvendi.org\/wp-content\/uploads\/2012\/09\/nusreti8-1024x679.jpg 1024w, https:\/\/revistakuvendi.org\/wp-content\/uploads\/2012\/09\/nusreti8-300x199.jpg 300w, https:\/\/revistakuvendi.org\/wp-content\/uploads\/2012\/09\/nusreti8.jpg 1217w\" sizes=\"auto, (max-width: 620px) 100vw, 620px\" \/><\/a><\/p>\n<p><a href=\"http:\/\/revistakuvendi.org\/wp-content\/uploads\/2012\/09\/nusreti9.jpg\"><img loading=\"lazy\" decoding=\"async\" class=\"alignleft size-large wp-image-1703\" title=\"nusreti9\" src=\"http:\/\/revistakuvendi.org\/wp-content\/uploads\/2012\/09\/nusreti9-1024x680.jpg\" alt=\"\" width=\"620\" height=\"411\" srcset=\"https:\/\/revistakuvendi.org\/wp-content\/uploads\/2012\/09\/nusreti9-1024x680.jpg 1024w, https:\/\/revistakuvendi.org\/wp-content\/uploads\/2012\/09\/nusreti9-300x199.jpg 300w, https:\/\/revistakuvendi.org\/wp-content\/uploads\/2012\/09\/nusreti9.jpg 1061w\" sizes=\"auto, (max-width: 620px) 100vw, 620px\" \/><\/a><\/p>\n<p><a href=\"http:\/\/revistakuvendi.org\/wp-content\/uploads\/2012\/09\/nusreti10.jpg\"><img loading=\"lazy\" decoding=\"async\" class=\"alignleft size-large wp-image-1702\" title=\"nusreti10\" src=\"http:\/\/revistakuvendi.org\/wp-content\/uploads\/2012\/09\/nusreti10-1024x680.jpg\" alt=\"\" width=\"620\" height=\"411\" srcset=\"https:\/\/revistakuvendi.org\/wp-content\/uploads\/2012\/09\/nusreti10-1024x680.jpg 1024w, https:\/\/revistakuvendi.org\/wp-content\/uploads\/2012\/09\/nusreti10-300x199.jpg 300w, https:\/\/revistakuvendi.org\/wp-content\/uploads\/2012\/09\/nusreti10.jpg 1191w\" sizes=\"auto, (max-width: 620px) 100vw, 620px\" \/><\/a><\/p>\n<p><a href=\"http:\/\/revistakuvendi.org\/wp-content\/uploads\/2012\/09\/nusreti11.jpg\"><img loading=\"lazy\" decoding=\"async\" class=\"alignleft size-large wp-image-1701\" title=\"nusreti11\" src=\"http:\/\/revistakuvendi.org\/wp-content\/uploads\/2012\/09\/nusreti11-1024x679.jpg\" alt=\"\" width=\"620\" height=\"411\" srcset=\"https:\/\/revistakuvendi.org\/wp-content\/uploads\/2012\/09\/nusreti11-1024x679.jpg 1024w, https:\/\/revistakuvendi.org\/wp-content\/uploads\/2012\/09\/nusreti11-300x199.jpg 300w, https:\/\/revistakuvendi.org\/wp-content\/uploads\/2012\/09\/nusreti11.jpg 1372w\" sizes=\"auto, (max-width: 620px) 100vw, 620px\" \/><\/a><\/p>\n<p><a href=\"http:\/\/revistakuvendi.org\/wp-content\/uploads\/2012\/09\/nusreti12.jpg\"><img loading=\"lazy\" decoding=\"async\" class=\"alignleft size-large wp-image-1700\" title=\"nusreti12\" src=\"http:\/\/revistakuvendi.org\/wp-content\/uploads\/2012\/09\/nusreti12-1024x680.jpg\" alt=\"\" width=\"620\" height=\"411\" srcset=\"https:\/\/revistakuvendi.org\/wp-content\/uploads\/2012\/09\/nusreti12-1024x680.jpg 1024w, https:\/\/revistakuvendi.org\/wp-content\/uploads\/2012\/09\/nusreti12-300x199.jpg 300w, https:\/\/revistakuvendi.org\/wp-content\/uploads\/2012\/09\/nusreti12.jpg 1227w\" sizes=\"auto, (max-width: 620px) 100vw, 620px\" \/><\/a><\/p>\n<p>&nbsp;<\/p>\n","protected":false},"excerpt":{"rendered":"<p>( Nga promovimi i librit \u201c Terrori i Serbis\u00eb pushtuese mbi shqiptar\u00ebt, 1844-1999\u201d ne Detroit, organizuar e sponsorizuar nga Dega e Federates Panshqiptare \u201cVatra\u201d ) Pjet\u00ebr Jaku Nj\u00eb lib\u00ebr brenda t\u00eb cil\u00ebt ka vet\u00ebm\u00a0 63 faqe tekst, n\u00eb formatin A-4, ka aq t\u00eb v\u00ebrteta rr\u00ebnqeth\u00ebse, sa nuk mund t\u2019i lexosh, as t\u2019i imagjinosh.<\/p>\n","protected":false},"author":1,"featured_media":0,"comment_status":"open","ping_status":"open","sticky":false,"template":"","format":"standard","meta":{"footnotes":""},"categories":[12],"tags":[],"class_list":["post-1697","post","type-post","status-publish","format-standard","hentry","category-jete-komuniteti"],"_links":{"self":[{"href":"https:\/\/revistakuvendi.org\/index.php?rest_route=\/wp\/v2\/posts\/1697","targetHints":{"allow":["GET"]}}],"collection":[{"href":"https:\/\/revistakuvendi.org\/index.php?rest_route=\/wp\/v2\/posts"}],"about":[{"href":"https:\/\/revistakuvendi.org\/index.php?rest_route=\/wp\/v2\/types\/post"}],"author":[{"embeddable":true,"href":"https:\/\/revistakuvendi.org\/index.php?rest_route=\/wp\/v2\/users\/1"}],"replies":[{"embeddable":true,"href":"https:\/\/revistakuvendi.org\/index.php?rest_route=%2Fwp%2Fv2%2Fcomments&post=1697"}],"version-history":[{"count":2,"href":"https:\/\/revistakuvendi.org\/index.php?rest_route=\/wp\/v2\/posts\/1697\/revisions"}],"predecessor-version":[{"id":1716,"href":"https:\/\/revistakuvendi.org\/index.php?rest_route=\/wp\/v2\/posts\/1697\/revisions\/1716"}],"wp:attachment":[{"href":"https:\/\/revistakuvendi.org\/index.php?rest_route=%2Fwp%2Fv2%2Fmedia&parent=1697"}],"wp:term":[{"taxonomy":"category","embeddable":true,"href":"https:\/\/revistakuvendi.org\/index.php?rest_route=%2Fwp%2Fv2%2Fcategories&post=1697"},{"taxonomy":"post_tag","embeddable":true,"href":"https:\/\/revistakuvendi.org\/index.php?rest_route=%2Fwp%2Fv2%2Ftags&post=1697"}],"curies":[{"name":"wp","href":"https:\/\/api.w.org\/{rel}","templated":true}]}}