{"id":1694,"date":"2012-09-26T18:03:37","date_gmt":"2012-09-26T18:03:37","guid":{"rendered":"http:\/\/revistakuvendi.org\/?p=1694"},"modified":"2012-09-26T18:03:37","modified_gmt":"2012-09-26T18:03:37","slug":"presidenti-i-republikes-mori-pjese-ne-darken-vjetore-te-federates-panshqiptare-ne-amerike-vatra","status":"publish","type":"post","link":"https:\/\/revistakuvendi.org\/?p=1694","title":{"rendered":"Presidenti i Republik\u00ebs mori pjes\u00eb n\u00eb dark\u00ebn vjetore t\u00eb Federat\u00ebs Panshqiptare n\u00eb Amerik\u00eb Vatra"},"content":{"rendered":"<p><span style=\"font-family: Calibri; font-size: small;\"><a href=\"http:\/\/revistakuvendi.org\/wp-content\/uploads\/2012\/09\/vatra6.jpg\"><img loading=\"lazy\" decoding=\"async\" class=\"alignleft size-large wp-image-1695\" title=\"vatra6\" src=\"http:\/\/revistakuvendi.org\/wp-content\/uploads\/2012\/09\/vatra6-1024x682.jpg\" alt=\"\" width=\"620\" height=\"412\" srcset=\"https:\/\/revistakuvendi.org\/wp-content\/uploads\/2012\/09\/vatra6-1024x682.jpg 1024w, https:\/\/revistakuvendi.org\/wp-content\/uploads\/2012\/09\/vatra6-300x200.jpg 300w\" sizes=\"auto, (max-width: 620px) 100vw, 620px\" \/><\/a>\u00a0<\/span><span style=\"font-family: Calibri; font-size: small;\">\u00a0<span style=\"font-family: Arial; font-size: xx-small;\"><em><strong>BEQIR SINA, New York<\/strong><\/em><\/span><\/span><\/p>\n<p><span style=\"font-family: Calibri; font-size: small;\">\u00a0<\/span><span style=\"font-family: Calibri;\"><span style=\"font-family: Arial; font-size: x-large;\">Nishani: Vatra, avokate e interesave komb\u00ebtare n\u00eb SHBA q\u00eb nga themelimi i saj<\/span><\/span><\/p>\n<p><span style=\"font-family: Calibri; font-size: small;\">\u00a0<\/span><span style=\"font-family: Calibri; font-size: small;\">NEW YORK CITY : Gjat\u00eb q\u00ebndrimit n\u00eb New York, Presidenti i Republik\u00ebs, Bujar Nishani i shoq\u00ebruar nga Zonja e Par\u00eb, Odeta Nishani mor\u00ebn pjes\u00eb n\u00eb Dark\u00ebn vjetore t\u00eb organizuar nga\u00a0Federat\u00ebs Panshqiptare n\u00eb Amerik\u00eb \u201cVatra\u201d, ku ishte i\u00a0ftuar edhe delegacioni i Kosov\u00ebs, <!--more-->me n\u00eb krye Z\u00ebvend\u00ebskryeministri i Kosov\u00ebs, Behgjet Pacolli, zoti Naim Dedushaj, drejtor i Departamentit p\u00ebr \u00e7\u00ebshtje jorezidente\u00a0 t\u00eb Ministrit t\u00eb Diaspor\u00ebs,\u00a0ambasadori i Shqip\u00ebris\u00eb n\u00eb OKB, Ferid Hoxha, konsulli i Kosov\u00ebs n\u00eb New York, \u00a0Fatmir\u00eb Zajmi, Presidenti i nderit i\u00a0partis\u00eb s\u00eb \u00e7am\u00ebve Tahir Muhedini, dhe\u00a0e mjaft p\u00ebrfaq\u00ebsues t\u00eb\u00a0komunitetit shqiptar\u00eb n\u00eb Shtetet e Bashkuara t\u00eb Amerik\u00ebs.<\/span><\/p>\n<p><span style=\"font-family: Calibri; font-size: small;\">\u00a0I ndodhur n\u00eb punimet e Asambles\u00eb s\u00eb 67 t\u00eb P\u00ebrgjithshme t\u00eb Kombeve t\u00eb Bashkuara Presidenti i Miksisk\u00eb Felipe Calder\u00f3n, dhe i ndodhur p\u00ebr koicidenc\u00eb n\u00eb t\u00eb nj\u00ebjt\u00ebn sall\u00eb me Presidentin e Shqip\u00ebris\u00eb z Bujar Nishani, n\u00eb dark\u00ebn e Vatr\u00ebs shk\u00ebmbyen mes tyre p\u00ebrsh\u00ebndetje mjaft miq\u00ebsore.<\/span><\/p>\n<p><span style=\"font-family: Calibri; font-size: small;\">\u00a0<\/span><span style=\"font-family: Calibri; font-size: small;\">N\u00eb mbr\u00ebmjen e s\u00eb mart\u00ebs t\u00eb 25 shtatorit\u00a0\u00a0n\u00eb dark\u00ebn vjetore\u00a0q\u00eb shtroi\u00a0\u00a0shqota m\u00eb e vjet\u00ebr shqiptare n\u00eb Amerik\u00eb,\u00a0Vatra e cila n\u00eb prill festoj\u00eb 100 vjetorin e krijimit t\u00eb saj, \u00a0n\u00eb restaurantin e njohur \u201cSparks Steake House\u201d n\u00eb zem\u00ebr t\u00eb qytetit\u00a0t\u00eb New Yorkut,, mor\u00ebn pjes\u00eb m\u00eb shum\u00eb se 200 veta.<\/span><\/p>\n<p><span style=\"font-family: Calibri; font-size: small;\">\u00a0<\/span><span style=\"font-family: Calibri; font-size: small;\">\u00a0\u00a0\u00a0 Takimin e \u00e7eli n\u00ebnkryetari i shoqt\u00ebs Vatra zoti Agim Rexhaj, duke i uruar s\u00eb pari\u00a0\u00a0Mir\u00ebseardhjen t\u00eb ftuarve t\u00eb nderit dhe t\u00eb gjith\u00eb t\u00eb\u00a0\u00a0pranishm\u00ebve.<\/span><\/p>\n<p><span style=\"font-family: Calibri; font-size: small;\">\u00a0 N\u00ebnkryetari i &#8220;Vatr\u00ebs&#8221;, z. Agim Rexhaj,\u00a0n\u00eb fillim t\u00eb fjal\u00ebs s\u00eb tij p\u00ebrsh\u00ebndet\u00ebse tha\u00a0se : &#8220;\u00cbsht\u00eb me t\u00eb v\u00ebrtet nj\u00eb k\u00ebnaq\u00ebsi e madhe,\u00a0\u00a0kur n\u00eb nj\u00eb dark\u00eb t\u00eb till\u00eb, q\u00eb Vatra k\u00ebto vitet e fundit po e koncepton si nj\u00eb &#8220;Dark\u00eb vjetore&#8221; n\u00eb shtator, pik\u00ebrisht nga q\u00eb ajo koncidon\u00a0edhe me ardhjen n\u00eb SHBA, t\u00eb\u00a0\u00a0udh\u00ebheq\u00ebsve tan\u00eb m\u00eb ta lart\u00eb nga Shqip\u00ebria e Kosova, e viset shqiptare, t\u00eb shohim kaq shum\u00eb shqiptar\u00eb t\u00eb festojm\u00eb s\u00eb bashku n\u00eb k\u00ebt\u00eb sall\u00eb, dhe k\u00ebsaj radhe me Presidentin e Shqip\u00ebris\u00eb z Bujar Nishani dhe n\u00ebn kryeministrin e Kosov\u00ebs z Behxhet Pacolli, dhe shum\u00eb miq t\u00eb nderuar nga Shqip\u00ebria dhe Kosova&#8221;.<\/span><\/p>\n<p><span style=\"font-family: Calibri; font-size: small;\">\u00a0<\/span><span style=\"font-family: Calibri; font-size: small;\">\u00a0\u00a0\u00a0\u00a0<\/span><span style=\"font-size: small;\"><span style=\"font-family: Calibri;\">M\u00eb pas\u00eb\u00a0Zoti Rexhaj,\u00a0uroj\u00eb q\u00eb t\u00eb pranishmit g\u00ebzonin k\u00ebt\u00eb dark\u00eb dhe t\u00eb kalonin nj\u00eb mbr\u00ebmje t\u00eb bukur dhe mbresal\u00ebn\u00ebse, n\u00eb nd\u00ebrkoh\u00eb q\u00eb kryetarit t\u00eb shetit shqiptar\u00eb zotit Bujar Nishani, ai\u00a0 i uroj\u00eb suksese n\u00eb fjalimin e tij, &#8211;\u00a0q\u00eb do t\u00eb mbaj\u00eb n\u00eb Asamablen\u00eb e P\u00ebrgjithsh\u00ebme t\u00eb Kombeve t\u00eb Bashkuara, dhe takimet q\u00eb do t\u00eb mbaj\u00eb gjat\u00eb k\u00ebtij sesioni me liderit bot\u00ebror\u00eb.<\/span><\/span><span style=\"font-family: Calibri; font-size: small;\">\u00a0<\/span><\/p>\n<p><span style=\"font-family: Calibri; font-size: small;\">\u00a0<\/span><span style=\"font-family: Calibri; font-size: small;\"><strong>M\u00eb pas\u00eb e mori fjal\u00ebn kreu i Federat\u00ebs PanShqiptare t\u00eb Amerik\u00ebs Vatra, dr. Gjon Bu\u00e7aj, i cili foli p\u00ebr kontributin e shquar t\u00eb k\u00ebsaj shoqate p\u00ebr \u00e7\u00ebshtjen komb\u00ebtare dhe ruajtjen e kultur\u00ebs dhe identitetit shqiptar.<\/strong><\/span><\/p>\n<p><span style=\"font-family: Calibri; font-size: small;\">\u00a0<\/span><span style=\"font-family: Calibri;\"><span style=\"font-size: small;\">\u00a0\u00a0\u00a0 &#8220;\u00cbsht\u00eb, nder dhe k\u00ebnaq\u00ebsi p\u00ebr ne Vatran\u00ebt dhe gjith\u00eb shqiptar\u00ebt e Amerik\u00ebs, tha kreu i Vatran\u00ebve zoti Bu\u00e7aj, q\u00eb n\u00eb mesin ton\u00eb kemi, n\u00eb k\u00ebt\u00eb dark\u00eb vjetore nj\u00eb p\u00ebrfaq\u00ebsues t\u00eb Shqip\u00ebris\u00eb demokratike &#8211; Shqip\u00ebris\u00eb n\u00eb NATO, dhe asaj Shqip\u00ebrie q\u00eb po ecen e sigurt\u00eb n\u00eb rrug\u00ebn e saj t\u00eb integrimit Europian, Kosov\u00ebn e lir\u00eb edhe t\u00eb pavarur dhe m\u00eb shum\u00eb t\u00eb drejtat p\u00ebr t\u00eb gjith\u00eb shqiptar\u00ebt n\u00eb trojet e tyre etnike, dhe nj\u00eb diaspor\u00eb, e cila vazhdon edhe sot e k\u00ebsaj dite t\u00eb jap nj\u00eb kontribut t\u00eb \u00e7mueshem n\u00eb \u00e7\u00ebshtjen ton\u00eb komb\u00ebtare&#8221;..<\/span><\/span><\/p>\n<p><span style=\"font-family: Calibri; font-size: small;\">\u00a0<\/span><span style=\"font-family: Calibri; font-size: small;\">\u00a0\u00a0\u00a0\u00a0\u00a0<\/span><span style=\"font-family: Calibri; font-size: small;\">Kjo dark\u00eb, u shpreh zoti Bu\u00e7aj, zhvillohet n\u00eb nj\u00eb koh\u00eb, kur t\u00eb gjith\u00eb shqiptar\u00ebt jan\u00eb duke u p\u00ebrgatitur p\u00ebr t\u00eb festuar n\u00eb m\u00ebnyr\u00eb madh\u00ebshtore 100 vjetorin e shtetit shqiptar\u00eb, dit\u00ebn kur Plaku i urt\u00eb dhe i men\u00e7ur i Vlor\u00ebs, Ismail Bej Qemali ngriti m\u00eb 28 n\u00ebntor\u00eb flamurin kuqezi m\u00eb shkab\u00ebn dyrenare n\u00eb Vlor\u00ebn ton\u00eb heroike, dhe ne shqiptar\u00ebt po festojn\u00eb\u00a0\u00a0me arritje t\u00eb m\u00ebdha dhe me nj\u00eb prespektiv\u00eb t\u00eb sh\u00ebnd\u00ebrrit\u00ebshme p\u00ebr gjith\u00eb kombin ton\u00eb, k\u00ebt\u00eb fest\u00eb t\u00eb mbar\u00eb kombit shqiptar\u00eb.<\/span><\/p>\n<p><span style=\"font-family: Calibri; font-size: small;\">\u00a0<\/span><span style=\"font-family: Calibri; font-size: small;\">\u00a0\u00a0\u00a0\u00a0 &#8220;Dhe, krahas gjith\u00eb k\u00ebtyre arritjeve n\u00eb k\u00ebt\u00eb 100 vjetor, theksoj\u00eb kreu i Vatran\u00ebve, dr Bu\u00e7aj,\u00a0\u00a0duhet t&#8217;i kushtojm\u00eb m\u00eb shum\u00eb vemendje, tash: &#8220;Bashkimit ton\u00eb Komb\u00ebtar dhe Integrimti ton\u00eb gjith\u00eb shqiptar\u00eb n\u00eb Ballkan&#8221;, q\u00eb k\u00ebto gjith\u00ebsesi t\u00eb arrihen edhe n\u00eb m\u00ebnyr\u00eb institucionale, mbasi ishte ajo trash\u00ebgmnia e diktatur\u00ebs komuniste, q\u00eb kaloi vendi yn\u00eb, p\u00ebr gati gjysm\u00eb shekulli, e cila ende mbetet penges\u00eb kryesore,\u00a0\u00a0p\u00ebr integrimin dhe bashkimin e e t\u00eb gjith\u00eb shqiptar\u00ebve&#8221; u shpreh zoti Bu\u00e7aj..<\/span><\/p>\n<p><span style=\"font-family: Calibri; font-size: small;\">\u00a0<\/span><span style=\"font-family: Calibri; font-size: small;\">\u00a0\u00a0 N\u00eb fjal\u00ebn p\u00ebrsh\u00ebndet\u00ebse, Presidenti i Shqip\u00ebris\u00eb zoti Bujar Nishani, shprehu mir\u00ebnjohjen duke n\u00ebnvizuar se p\u00ebrfaq\u00ebsuesit e federat\u00ebs Vatra, meritojn\u00eb respektin maksimal t\u00eb mbar\u00eb kombit shqiptar p\u00ebr kontributin e r\u00ebnd\u00ebsish\u00ebm n\u00eb historin\u00eb e kombit, p\u00ebr atdhedashurin\u00eb e lart\u00eb me t\u00eb cil\u00ebn mbrojt\u00ebn lirit\u00eb dhe t\u00eb drejtat e shqiptar\u00ebve n\u00eb trojet e tyre etnike, n\u00eb pavar\u00ebsin\u00eb e Kosov\u00ebs dhe demokratizimin e Shqip\u00ebris\u00eb.<\/span><\/p>\n<p><span style=\"font-family: Calibri; font-size: small;\">\u00a0<\/span><span style=\"font-family: Calibri; font-size: small;\">\u00a0 Duke e konsideruar Federat\u00ebn Panshqiptare \u201cVatra\u201d si nj\u00eb avokate t\u00eb interesave komb\u00ebtare n\u00eb Amerik\u00eb, Presidenti Nishani shprehu mir\u00ebnjohjen p\u00ebr mb\u00ebshtetjen e fuqishme q\u00eb Shtetet e Bashkuara, kan\u00eb dh\u00ebn\u00eb p\u00ebr Shqip\u00ebrin\u00eb dhe \u00e7\u00ebshtjen komb\u00ebtare duke siguruar se Shqip\u00ebria do t\u00eb jet\u00eb p\u00ebrkrah tyre n\u00eb sfidat me t\u00eb cilat ballafaqohet sot p\u00ebr nj\u00eb bot\u00eb m\u00eb t\u00eb mir\u00eb dhe demokratike.<\/span><\/p>\n<p><span style=\"font-family: Calibri; font-size: small;\">\u00a0<\/span><span style=\"font-family: Calibri; font-size: small;\">\u00cbsht\u00eb kenaq\u00ebsi p\u00ebr mua t\u00eb jem pjes\u00eb e k\u00ebsaj pritje organizuar nga ju t\u00eb dashur Vatran, tha zoti Nishani, \u00a0dhe i nderuar t\u00eb jem s\u00eb bashku me ju shqiptar\u00ebt e Amerik\u00ebs., q\u00eb t\u00eb shpreh t\u00ebr\u00eb at\u00eb mir\u00ebnjohjen time &#8211; t\u00eb shtetit shqiptar\u00eb mbar\u00eb shoq\u00ebris\u00eb shqiptare p\u00ebr pun\u00ebn e kontributin tuaj n\u00eb dekada n\u00eb ruajtjen e virtyteve dhe t\u00eb kultur\u00ebs misoneve m\u00eb t\u00eb mira shqiptare p\u00ebr Shqip\u00ebrin\u00eb, Kosov\u00ebn dhe shqiptar\u00ebt kudo ata q\u00eb jetojn\u00eb.<\/span><\/p>\n<p><span style=\"font-family: Calibri; font-size: small;\">&#8220;Ju jemi mir\u00ebnjoh\u00ebs p\u00ebr rolin p\u00ebr rolin q\u00eb shoqata Vatra, q\u00eb\u00a0ka luajtur n\u00eb dobi t\u00eb \u00e7\u00ebshtjes komb\u00ebtare, p\u00ebr at\u00eb \u00e7far\u00eb keni b\u00ebr\u00eb dhe keni dh\u00ebn\u00eb n\u00eb p\u00ebrparimin dhe zhvillimin e vendit ton\u00eb. Ju meritoni respektin e mbar\u00eb kombit shqiptar\u00eb p\u00ebr kontributin tuaj n\u00eb historin\u00eb ton\u00eb. Ku me atdhedashurin\u00eb dhe patriotiz\u00ebm ju keni ditur t\u00eb mbroni lirin\u00eb dhe t\u00eb drejtat e shqiptar\u00ebve edhe n\u00eb trojet e tyre etnike, pavar\u00ebsin\u00eb e Kosov\u00ebs dhe demokratizmin e Shqip\u00ebris\u00eb r\u00ebnjen e komunizmit.&#8221; tha nd\u00ebr t\u00eb tjera presidenti Nishani.<\/span><\/p>\n<p><span style=\"font-family: Calibri; font-size: small;\">Ai gjithashtu n\u00ebnvizoj\u00eb faktin se me pun\u00ebn\u00a0e Vatr\u00ebs n\u00eb vite,\u00a0vatran\u00ebt prej krijimit t\u00eb saj\u00a0z\u00ebn\u00eb nj\u00eb vend t\u00eb r\u00ebnd\u00ebsish\u00ebm n\u00eb faqen e historis\u00eb ton\u00eb komb\u00ebtare, madje, sipas tij\u00a0ata jan\u00eb\u00a0b\u00ebr bashk\u00ebshkrues t\u00eb k\u00ebsaj historie dhe t\u00eb fatiti t\u00eb vendit ton\u00eb n\u00eb shekullin e fundit.<\/span><\/p>\n<p><span style=\"font-family: Calibri; font-size: small;\">N\u00eb vitet e fundit, tha Presidenti Nishani\u00a0t\u00eb gjith\u00eb ne jemi deshmitar\u00eb dhe aktor\u00eb t\u00eb ngjarjeve m\u00eb t\u00eb r\u00ebnd\u00ebsishme t\u00eb pap\u00ebrs\u00ebrit\u00ebshme q\u00eb kan ndodhur dhe kan l\u00ebn\u00eb sh\u00ebnj\u00eb n\u00eb historin\u00eb e kombit shqiptar\u00eb., n\u00eb t\u00eb cilat ajo m\u00eb madhorja dhe e padiskutueshme\u00a0\u00ebsht\u00eb pavar\u00ebsia e Kosov\u00ebs, e cila\u00a0\u00ebsht\u00eb kryevepra e kombit shqiptar\u00eb.<\/span><\/p>\n<p><span style=\"font-family: Calibri; font-size: small;\">Presidenti i Shqip\u00ebris\u00eb, zoti Nishani, gjat\u00eb fjal\u00ebs s\u00eb tij tha se me pavar\u00ebsin\u00eb e Kosov\u00ebs, shqiptar\u00ebt ia dol\u00ebn t&#8217;a sh\u00ebnd\u00ebrrojn\u00eb n\u00eb realtitet \u00ebnd\u00ebrr\u00ebn e tyre shekullore, t\u00eb kombit ton\u00eb . N\u00eb vizit\u00ebn time t\u00eb par\u00eb n\u00eb cil\u00ebsin\u00eb e presidentit t\u00eb republik\u00ebs, tha ai n\u00eb Kosov\u00eb, kam premtuar :&#8217; Agazhimin tim maksimal se gjat\u00eb mandatit tim presidencial Kosova do t\u00eb jet\u00eb kryefjala ime n\u00eb p\u00ebrpjekjet e shetiti shqiptar\u00eb, n\u00eb shtimin e njohjeve t\u00eb saj &#8211; pjesmarrjen n\u00eb nismat e forumet rajonale dhe mb\u00ebshtetjen e saj n\u00eb rrug\u00ebn e itegrimit euro atlantik dhe t\u00eb prosperitetit t\u00eb saj&#8221;.<\/span><\/p>\n<p><span style=\"font-family: Calibri; font-size: small;\">Duke folur p\u00eb Vatr\u00ebn ai tha se ajo ka sh\u00ebrbyer si nj\u00eb avokta e interesave komb\u00ebtare n\u00eb Amerik\u00eb, n\u00eb momentet m\u00eb kritike t\u00eb historis\u00eb son\u00eb, ne nuk kemi qen\u00eb vet\u00ebm por kemi pasur pas vetes nj\u00eb mik t\u00eb madh\u00a0\u00a0q\u00eb n\u00eb \u00e7do moment ka nd\u00ebrhyr\u00eb fuqish\u00ebm n\u00eb mbrojtje t\u00eb \u00e7\u00ebshtjes ton\u00eb, andaj shfryt\u00ebzoj\u00eb k\u00ebt\u00eb moment i ndodhur k\u00ebtu n\u00eb SHBA p\u00ebr t&#8217;i shprehur edhe nj\u00eb her\u00eb mir\u00ebnjohjen ton\u00eb &#8211; k\u00ebtij aleati dhe miku ton\u00eb t\u00eb shtrejt\u00eb Shteteve t\u00eb Bashkuara t\u00eb Amerik\u00ebs.- Dhe, t&#8217;i garantojm\u00eb ata se ne jemi p\u00ebrkrah\u00eb tyre p\u00ebr nj\u00eb bot\u00eb m\u00eb t\u00eb sigurt\u00eb dhe m\u00eb demokratike.<\/span><\/p>\n<p><span style=\"font-family: Calibri; font-size: small;\">M\u00eb pas\u00eb Presidenti i Shqip\u00ebris\u00eb z. Bujar Nishani theksoj\u00ebse :&#8221;Shqip\u00ebria ndodhet n\u00eb prag t\u00eb festimeve t\u00eb 100 vjetorit t\u00eb themelimit t\u00eb shtetit shqiptar\u00eb, dhe ky \u00ebsht\u00eb nj\u00eb \u00e7ast q\u00eb p\u00ebrkon edhe me nj\u00eb udh\u00ebtim t\u00eb cilin ne e kemi nisur prej disa viteve dhe aq shum\u00eb t\u00eb d\u00ebshiruar. Dhe q\u00eb t\u00eb gjith\u00eb sa bashku e konsiderojm\u00eb si alternativ\u00ebn e vetme , integrimin Europian, mbasi n\u00eb k\u00ebt\u00eb 100 vjetor n\u00eb vijm\u00eb edhe si an\u00ebtar\u00eb t\u00eb Natos. Si njer\u00ebz q\u00eb l\u00ebvizim t\u00eb lir\u00eb, dhe si n\u00ebj vedn q\u00eb kemi b\u00ebr\u00eb arritje n\u00eb procesin e integrimti Europian.&#8221;<\/span><\/p>\n<p><span style=\"font-family: Calibri; font-size: small;\">S\u00eb fundi Presidenti i Shqip\u00ebris\u00eb Nishani shprehu edhe nj\u00eb her\u00eb mir\u00ebnjohjen tij t\u00eb thell\u00eb &#8211; p\u00ebr Vatr\u00ebn, shoqatat dhe organizatat e komunitetiti shqiptar\u00eb n\u00eb Amerik\u00eb, p\u00ebr t\u00eb gjith\u00eb at\u00eb pun\u00ebn\u00a0e madhe t\u00eb komuniettit shqiptar\u00eb\u00a0&#8211; sakrific\u00ebn, kontributin, rolin dhe atdhedashurin\u00eb\u00a0e shqiptar\u00ebve t\u00eb Amerik\u00ebs\u00a0-, p\u00ebr vendin ton\u00eb,\u00a0duke nderuar\u00a0t\u00eb gjith\u00eb ato figura historike, q\u00eb ia kan dal\u00eb t\u00eb mbrojn\u00eb dhe t\u00eb \u00e7ojn\u00eb p\u00ebrpara idealet tona komb\u00ebtare, p\u00ebr pun\u00ebn q\u00eb keni zhvilluar p\u00ebr Shqip\u00ebrin\u00eb , Kosov\u00ebn\u00a0dhe mbar\u00eb shqiptarin\u00eb, tha Presidenti i Shqip\u00ebris\u00eb zoti Bujar Nishani.<\/span><\/p>\n<p><span style=\"font-family: Calibri; font-size: small;\">\u00a0<\/span><span style=\"font-family: Calibri; font-size: small;\">\u00ebvend\u00ebskryeministri i Kosov\u00ebs, Behgjet Pacolli, mbasi shprehu mir\u00ebnjohjen q\u00eb ndodhej n\u00eb mesin e shqiptar\u00ebve t\u00eb Amerik\u00ebs, dhe t\u00eb shoqat\u00ebs Vatra, e cila ka nxjerr kolos\u00ebt e kombit shqiptar\u00eb , vlersoj\u00eb lart lidhjet e shk\u00eblqyera t\u00eb SHBA me popullin shqiptar\u00eb. &#8220;Kjo ndoshta b\u00ebhet edhe m\u00eb tep\u00ebr, p\u00ebr t\u00eb treguar sa sa i madh \u00ebsht\u00eb roli dhe kontributi i shqiptar\u00ebve t\u00eb Amerik\u00ebs, p\u00ebr bashkimin ton\u00eb komb\u00ebtar, q\u00eb si tha zoti Pacolli , edhe kur ai ishte Presidenti i Kosov\u00ebs ishte n\u00eb fokusin e tij&#8221;<\/span><\/p>\n","protected":false},"excerpt":{"rendered":"<p>\u00a0\u00a0BEQIR SINA, New York \u00a0Nishani: Vatra, avokate e interesave komb\u00ebtare n\u00eb SHBA q\u00eb nga themelimi i saj \u00a0NEW YORK CITY : Gjat\u00eb q\u00ebndrimit n\u00eb New York, Presidenti i Republik\u00ebs, Bujar Nishani i shoq\u00ebruar nga Zonja e Par\u00eb, Odeta Nishani mor\u00ebn pjes\u00eb n\u00eb Dark\u00ebn vjetore t\u00eb organizuar nga\u00a0Federat\u00ebs Panshqiptare n\u00eb Amerik\u00eb \u201cVatra\u201d, ku ishte i\u00a0ftuar edhe&hellip;<\/p>\n","protected":false},"author":1,"featured_media":0,"comment_status":"open","ping_status":"open","sticky":false,"template":"","format":"standard","meta":{"footnotes":""},"categories":[12],"tags":[],"class_list":["post-1694","post","type-post","status-publish","format-standard","hentry","category-jete-komuniteti"],"_links":{"self":[{"href":"https:\/\/revistakuvendi.org\/index.php?rest_route=\/wp\/v2\/posts\/1694","targetHints":{"allow":["GET"]}}],"collection":[{"href":"https:\/\/revistakuvendi.org\/index.php?rest_route=\/wp\/v2\/posts"}],"about":[{"href":"https:\/\/revistakuvendi.org\/index.php?rest_route=\/wp\/v2\/types\/post"}],"author":[{"embeddable":true,"href":"https:\/\/revistakuvendi.org\/index.php?rest_route=\/wp\/v2\/users\/1"}],"replies":[{"embeddable":true,"href":"https:\/\/revistakuvendi.org\/index.php?rest_route=%2Fwp%2Fv2%2Fcomments&post=1694"}],"version-history":[{"count":1,"href":"https:\/\/revistakuvendi.org\/index.php?rest_route=\/wp\/v2\/posts\/1694\/revisions"}],"predecessor-version":[{"id":1696,"href":"https:\/\/revistakuvendi.org\/index.php?rest_route=\/wp\/v2\/posts\/1694\/revisions\/1696"}],"wp:attachment":[{"href":"https:\/\/revistakuvendi.org\/index.php?rest_route=%2Fwp%2Fv2%2Fmedia&parent=1694"}],"wp:term":[{"taxonomy":"category","embeddable":true,"href":"https:\/\/revistakuvendi.org\/index.php?rest_route=%2Fwp%2Fv2%2Fcategories&post=1694"},{"taxonomy":"post_tag","embeddable":true,"href":"https:\/\/revistakuvendi.org\/index.php?rest_route=%2Fwp%2Fv2%2Ftags&post=1694"}],"curies":[{"name":"wp","href":"https:\/\/api.w.org\/{rel}","templated":true}]}}