{"id":1671,"date":"2012-09-15T23:15:06","date_gmt":"2012-09-15T23:15:06","guid":{"rendered":"http:\/\/revistakuvendi.org\/?p=1671"},"modified":"2012-09-15T23:15:06","modified_gmt":"2012-09-15T23:15:06","slug":"mesazhi-i-mark-gjonajt-mbas-fitores","status":"publish","type":"post","link":"https:\/\/revistakuvendi.org\/?p=1671","title":{"rendered":"Mesazhi i Mark Gjonajt mbas fitores"},"content":{"rendered":"<p align=\"center\"><strong>Mesazhi i Mark Gjonajt mbas fitores<\/strong><\/p>\n<p align=\"center\">\n<p align=\"center\"><strong><a title=\"http:\/\/www.capitalnewyork.com\/files\/287114_404705896251173_1166383462_o.jpg\" href=\"http:\/\/www.capitalnewyork.com\/files\/287114_404705896251173_1166383462_o.jpg\" target=\"_blank\"><img loading=\"lazy\" decoding=\"async\" title=\"http:\/\/www.capitalnewyork.com\/files\/287114_404705896251173_1166383462_o.jpg\" src=\"http:\/\/www.capitalnewyork.com\/files\/287114_404705896251173_1166383462_o.jpg\" alt=\"http:\/\/www.capitalnewyork.com\/files\/287114_404705896251173_1166383462_o.jpg\" width=\"512\" height=\"340\" \/><\/a><\/strong><\/p>\n<p align=\"center\"><strong>&#8220;The voters of the 80<sup>th<\/sup> Assembly District made a clear choice on Thursday and I am incredibly grateful for their support. <!--more-->I look forward to working with community leaders in the coming weeks and months. I look forward to joining them in fighting for good paying jobs and to reduce school overcrowding. It is now time to put politics behind and start focusing on the needs of the constituents of the 80<sup>th<\/sup> Assembly District.&#8221;<\/strong><\/p>\n<p align=\"center\">\n<p align=\"center\">\n<p align=\"center\">&#8220;Votuesit e Qarkut 80-t\u00eb t\u00eb Kuvendit t\u00eb New Yorkut, b\u00ebn nj\u00eb zgjedhje t\u00eb qart\u00eb t\u00eb enjten dhe un\u00eb u jam tep\u00ebr mir\u00ebnjoh\u00ebs p\u00ebr mb\u00ebshtetjen e tyre. Un\u00eb pres q\u00eb t\u00eb punojm\u00eb s\u00ebbashku me udh\u00ebheq\u00ebsit e komuniteteve t\u00eb tjera, n\u00eb jav\u00ebt e ardhshme dhe muajve. Un\u00eb pres q\u00eb t\u00eb bashkohemi n\u00eb luft\u00ebn e tyre p\u00ebr pun\u00ebsim, paga m\u00eb t\u00eb mira dhe p\u00ebr t\u00eb nj\u00eb shkoll\u00eb, m\u00eb t\u00eb mir\u00eb duke ulur mbipopullimin. Tash \u00ebsht\u00eb koha p\u00ebr t\u00eb l\u00ebn\u00eb politik\u00ebn prapa dhe t\u00eb fillojm\u00eb duke punuar s\u00eb bashku duke u fokusuar n\u00eb nevojat e qytetar\u00ebve t\u00eb Qarkut 80 t\u00eb Kuvendit t\u00eb New Yorkut. &#8220;<\/p>\n","protected":false},"excerpt":{"rendered":"<p>Mesazhi i Mark Gjonajt mbas fitores &#8220;The voters of the 80th Assembly District made a clear choice on Thursday and I am incredibly grateful for their support.<\/p>\n","protected":false},"author":1,"featured_media":0,"comment_status":"open","ping_status":"open","sticky":false,"template":"","format":"standard","meta":{"footnotes":""},"categories":[3],"tags":[],"class_list":["post-1671","post","type-post","status-publish","format-standard","hentry","category-politike"],"_links":{"self":[{"href":"https:\/\/revistakuvendi.org\/index.php?rest_route=\/wp\/v2\/posts\/1671","targetHints":{"allow":["GET"]}}],"collection":[{"href":"https:\/\/revistakuvendi.org\/index.php?rest_route=\/wp\/v2\/posts"}],"about":[{"href":"https:\/\/revistakuvendi.org\/index.php?rest_route=\/wp\/v2\/types\/post"}],"author":[{"embeddable":true,"href":"https:\/\/revistakuvendi.org\/index.php?rest_route=\/wp\/v2\/users\/1"}],"replies":[{"embeddable":true,"href":"https:\/\/revistakuvendi.org\/index.php?rest_route=%2Fwp%2Fv2%2Fcomments&post=1671"}],"version-history":[{"count":1,"href":"https:\/\/revistakuvendi.org\/index.php?rest_route=\/wp\/v2\/posts\/1671\/revisions"}],"predecessor-version":[{"id":1672,"href":"https:\/\/revistakuvendi.org\/index.php?rest_route=\/wp\/v2\/posts\/1671\/revisions\/1672"}],"wp:attachment":[{"href":"https:\/\/revistakuvendi.org\/index.php?rest_route=%2Fwp%2Fv2%2Fmedia&parent=1671"}],"wp:term":[{"taxonomy":"category","embeddable":true,"href":"https:\/\/revistakuvendi.org\/index.php?rest_route=%2Fwp%2Fv2%2Fcategories&post=1671"},{"taxonomy":"post_tag","embeddable":true,"href":"https:\/\/revistakuvendi.org\/index.php?rest_route=%2Fwp%2Fv2%2Ftags&post=1671"}],"curies":[{"name":"wp","href":"https:\/\/api.w.org\/{rel}","templated":true}]}}