{"id":1666,"date":"2012-09-15T23:12:06","date_gmt":"2012-09-15T23:12:06","guid":{"rendered":"http:\/\/revistakuvendi.org\/?p=1666"},"modified":"2012-09-15T23:12:06","modified_gmt":"2012-09-15T23:12:06","slug":"eliot-engel-fiton-me-dieference-te-madhe","status":"publish","type":"post","link":"https:\/\/revistakuvendi.org\/?p=1666","title":{"rendered":"Eliot Engel fiton me dieference te madhe"},"content":{"rendered":"<div><\/div>\n<div><span style=\"font-size: large;\"><a href=\"http:\/\/revistakuvendi.org\/wp-content\/uploads\/2012\/09\/eliot-engel.png\"><img loading=\"lazy\" decoding=\"async\" class=\"alignleft size-medium wp-image-1667\" title=\"eliot engel\" src=\"http:\/\/revistakuvendi.org\/wp-content\/uploads\/2012\/09\/eliot-engel-300x195.png\" alt=\"\" width=\"300\" height=\"195\" srcset=\"https:\/\/revistakuvendi.org\/wp-content\/uploads\/2012\/09\/eliot-engel-300x195.png 300w, https:\/\/revistakuvendi.org\/wp-content\/uploads\/2012\/09\/eliot-engel-1024x667.png 1024w, https:\/\/revistakuvendi.org\/wp-content\/uploads\/2012\/09\/eliot-engel.png 1600w\" sizes=\"auto, (max-width: 300px) 100vw, 300px\" \/><\/a>Eliot Engel nj\u00eb mik i madh i shqiptar\u00ebve n\u00eb Washington fitoi me diferenc\u00eb t\u00eb madhe<\/span><\/div>\n<div><\/div>\n<div><\/div>\n<div><span style=\"font-size: xx-small;\"><em><span style=\"text-decoration: underline;\">BEQIR SINA, New York<\/span><\/em><\/span><\/div>\n<div><\/div>\n<div><\/div>\n<div><\/div>\n<div><em><span style=\"font-size: small;\">Engel ka fituar me nj\u00eb rezultat t\u00eb mbizotruar me 5019 vota ndaj 418, pra 92 p\u00ebr qind t\u00eb votave t\u00eb hedhura n\u00eb &#8220;kutitt\u00eb&#8221; e votimit t\u00eb mart\u00ebn m\u00eb 4 gusht.<!--more--><\/span><\/em><\/div>\n<div><\/div>\n<div><\/div>\n<div>SCARSDALE, NY &#8211; Kongresmeni Demokrat i New Yorkut, Eliot Engel ishte nj\u00eb fitues vendimtar\u00eb n\u00eb nat\u00ebn e mart\u00eb, zgjedhjet brenda partis\u00eb s\u00eb tij, &#8211; jav\u00ebn e kaluar n\u00eb Distriktin 16-t\u00eb, t\u00eb Kongresit Amerikan, duke e &#8220;shk\u00ebrrmoqur&#8221; rivalin e tij, &#8211; demokrat, avokatin e njohur Aniello Grimaldi, sipas rezultateve zyrtare, t\u00eb publikuara nga bordi i zgjedhjeve.<\/p>\n<p>Distrikti 16 i Kongresit, ka nxjerr rezultatet p\u00ebrfundimtare t\u00eb marra prej Raportimit nga Brodi Elektoral i Zgjedhjeve n\u00eb Westchester County, ku thot\u00eb se Eliot Engel, shpallet fitues me 92 p\u00ebr qind t\u00eb votave, dhe n\u00eb k\u00ebt\u00eb m\u00ebnyr\u00eb, \u00ebsht\u00eb kandidati i partis\u00eb Demokrate n\u00eb New York, &#8211; Distrikti 16-t\u00eb, duke &#8220;shp\u00ebrfyturuar&#8221; avokatin e njohur Aniello Grimaldi.<\/p><\/div>\n<div><\/div>\n<div><\/div>\n<div><strong>Engel, ka fituar me nj\u00eb rezultat t\u00eb mbizotruar -t\u00eb padiskutueshem&#8221; :<\/strong><strong> 5019 vota ndaj 418, pra 92 p\u00ebr qind t\u00eb votave t\u00eb hedhura n\u00eb &#8220;kutitt\u00eb&#8221; e votimit t\u00eb mart\u00ebn m\u00eb 4 gusht.<\/strong><\/p>\n<p>&#8220;Faleminderit, para s\u00eb gjithash p\u00ebr votuesit e mi. Un\u00eb jam jasht\u00ebzakonisht mir\u00ebnjoh\u00ebs dhe p\u00ebrulem para &#8220;vot\u00ebs&#8221; s\u00eb tyre, p\u00ebr besimin q\u00eb kan ndaj meje &#8220;tha Engel. &#8220;Njer\u00ebzit, q\u00eb votuan p\u00ebr mua tha zoti Engel do t\u00eb shohin, tek un\u00eb dik\u00eb q\u00eb punon shum\u00eb p\u00ebr k\u00ebt\u00eb distrikt dhe jeton me shqet\u00ebsimet e juaja. Kjo, \u00ebsht\u00eb nj\u00eb fitore e madhe dhe ne jemi t\u00eb gatsh\u00ebm t\u00eb punojm\u00eb s\u00eb bashku, sepse, kjo tregon se distrikti i ri, ku un\u00eb po kandidoj\u00eb beson shum\u00eb tek un\u00eb. &#8221;<\/p>\n<p>Joseph O&#8217;Brien, shef i zyr\u00ebs s\u00eb Eliot Engel, p\u00ebr marr\u00ebdh\u00ebniet publike tha se ata ishin t\u00eb habitur me rezultatin e arritur n\u00eb 4 gusht, nj\u00eb rezultat ky q\u00eb quhet i &#8220;pabalancuar&#8221;, mbasi sipas tij, praktikat tregojn\u00eb se : &#8220;Zakonisht, ju mund t\u00eb mb\u00ebshteteni n\u00eb gar\u00eb, kur nj\u00eb kund\u00ebrshtar m\u00eb t\u00eb pakt\u00ebn duhet marr\u00eb 20 p\u00ebr qind t\u00eb votave, p\u00ebr nj\u00eb s\u00ebr\u00eb arsyesh, sidomos kur jan\u00eb vet\u00ebm dy kandidat\u00eb&#8221; tha ai.<\/p><\/div>\n<p><span style=\"color: #000000; font-family: Arial; font-size: x-small;\"><span style=\"color: #000000; font-family: Arial; font-size: x-small;\"><br \/>\n<\/span><\/span><\/p>\n<div>Brodi Federal Elektoral i Zgjedhjeve, me reform\u00ebn e re zgjedhore, koh\u00ebt e fundit, e ka rindar\u00eb Qarku &#8211; Distriktit e 16-t\u00eb t\u00eb Kongresit, zon\u00eb elektorale, kjo q\u00eb p\u00ebrfshin pjes\u00ebn jugore t\u00eb Westchester County dhe nj\u00eb pjes\u00eb e Bronxit verior, e cila, njihet mir\u00eb mbasi ka nj\u00eb num\u00ebr t\u00eb madh t\u00eb familjeve shqiptare, t\u00eb cilat jetojn\u00eb n\u00eb k\u00ebt\u00eb Qark, ku po kandidon k\u00ebsaj radhe kongremeni Eliot Engel.<\/div>\n<div><\/div>\n<div><\/div>\n<div>Shumica e zon\u00ebs m\u00eb par\u00eb se t\u00eb b\u00ebhej rindarja, sipas reform\u00ebs ishte nj\u00eb pjes\u00eb e Qarkut 18-t\u00eb t\u00eb Kongresit, t\u00eb p\u00ebrfaq\u00ebsuar nga kongresitja Nita Lowey Demokrate nga Qarku Harrison<\/p>\n<p>Engel, i cili ishte m\u00eb par\u00eb p\u00ebrfaq\u00ebsues n\u00eb Distriktin elektoral e 17-t\u00eb, t\u00eb Kongressit , ka mbajtur k\u00ebt\u00eb detyr\u00eb p\u00ebr 12 mnadatura , pra ka 24 vjet p\u00ebrvoj\u00eb n\u00eb Kongresin e SHBA, n\u00eb k\u00ebt\u00eb qark. Ai, \u00ebsht\u00eb vet\u00eb nj\u00eb ish banor\u00eb i vjet\u00ebr, i Bronxit, i cili ka sh\u00ebrbyer, tashm\u00eb, disa mandatura edhe me disa nga k\u00ebto zona t\u00eb cilat jan\u00eb t\u00eb p\u00ebrfshira n\u00eb rindarjen e re, n\u00eb rrethin e tij t\u00eb ri elektoral.<\/p><\/div>\n<div><\/div>\n<div>Eliot Engel, pas k\u00ebsaj fitoreje n\u00eb k\u00ebt\u00eb Distrikt, u ka th\u00ebn\u00eb gazetarve se prioritete e tij, &#8211; do t\u00eb jen\u00eb, arsimi i p\u00ebrballueshm, reforma e kujdesit sh\u00ebndet\u00ebsor, dhe do t\u00eb merret m\u00eb shum\u00eb me ringjalljen e ekonomis\u00eb s\u00eb k\u00ebtij Qarku, t\u00eb cilat, jan\u00eb edhe ato q\u00eb duan votuesit n\u00eb rrethin e ri dhe jan\u00eb prioritete mija&#8221; Tha Engel.<\/p>\n<p>Pas fitores kryesor me nj\u00eb diferenc\u00eb t\u00eb madhe, Engel ka th\u00ebn\u00eb se ai kurr\u00eb nuk mund t&#8217;a besonte se do t\u00eb &#8220;kalonte&#8221; kaq leht\u00eb kund\u00ebrshtarin e tij, &#8211; dhe tha se ai do t\u00eb sh\u00ebrbej\u00eb gjat\u00eb dy viteve t\u00eb ardhshme me m\u00eb shum\u00eb p\u00ebrkushtim.<\/p><\/div>\n<div><strong>Eliot L. Engel:<\/strong><\/div>\n<div>Ai \u00ebsht\u00eb An\u00ebtar i Kongresit p\u00ebr New York-un q\u00eb nga viti 1989, Engel sh\u00ebrben sot si Kryetar i N\u00ebnKomitetit t\u00eb \u00c7\u00ebshtjeve t\u00eb Jashtme p\u00ebr Hemisfer\u00ebn Per\u00ebndimore n\u00eb Dhom\u00ebn e P\u00ebrfaq\u00ebsuesve. Ai \u00ebsht\u00eb an\u00ebtar i Partis\u00eb Demokratike Amerikane. N\u00eb nd\u00ebrkoh\u00eb q\u00eb ne Shqiptar\u00ebt e njohim m\u00eb mir\u00eb si kryetar i Kaukusit t\u00eb \u00c7\u00ebshtjeve Shqiptare n\u00eb Kongres, si nj\u00eb luft\u00ebtar i hersh\u00ebm p\u00ebr demokratizimin e Shqip\u00ebris\u00eb, \u00e7lirimin dhe pavar\u00ebsin\u00eb e Kosov\u00ebs dhe si nj\u00eb mik i madh i shqiptar\u00ebve n\u00eb Washington.<\/div>\n<div><\/div>\n<div><\/div>\n<div>\n<div>Vizita e tij q\u00eb n\u00eb vitet e \u201990-ta n\u00eb Kosov\u00eb dhe mb\u00ebshtetja e Kosov\u00ebs n\u00eb periudh\u00ebn e paraluft\u00ebs, gjat\u00eb luft\u00ebs dhe sidomos pas luft\u00ebs, si dhe ndikimi i tij n\u00eb Kongresin Amerikan p\u00ebr Kosov\u00ebn dhe lobimi i tij n\u00eb vendet e tjera p\u00ebr njohjen e shtetit t\u00eb Kosov\u00ebs\u201d, lidhjet e tija t\u00eb mira me shoqatat dhe organizatat e komunitetit, miq\u00ebsia e tij me veprimtar\u00eb t\u00eb dalluar t\u00eb komunitetit, jan\u00eb disa nga arsyet q\u00eb Eliot Engel t\u00eb thirret Mik i shquar i shqiptar\u00ebve, dhe t&#8217;a ripresim zgjedhjen e tij, me nj\u00eb g\u00ebzim t\u00eb madh.<\/div>\n<div>\nP\u00ebrndryshe Kongresmeni amerikan Engel n\u00eb vitin 2004 \u00ebsht\u00eb dekoruar me Medaljen e Art\u00eb t\u00eb Liris\u00eb t\u00eb Shtetit t\u00eb Kosov\u00ebs, nga Presidenti Historik i Kosov\u00ebs Dr. Ibrahim Rugova nd\u00ebrsa nderimin e dyt\u00eb ia ka b\u00ebr\u00eb Peja n\u00eb vitin 2005,<\/div>\n<\/div>\n","protected":false},"excerpt":{"rendered":"<p>Eliot Engel nj\u00eb mik i madh i shqiptar\u00ebve n\u00eb Washington fitoi me diferenc\u00eb t\u00eb madhe BEQIR SINA, New York Engel ka fituar me nj\u00eb rezultat t\u00eb mbizotruar me 5019 vota ndaj 418, pra 92 p\u00ebr qind t\u00eb votave t\u00eb hedhura n\u00eb &#8220;kutitt\u00eb&#8221; e votimit t\u00eb mart\u00ebn m\u00eb 4 gusht.<\/p>\n","protected":false},"author":1,"featured_media":0,"comment_status":"open","ping_status":"open","sticky":false,"template":"","format":"standard","meta":{"footnotes":""},"categories":[3],"tags":[],"class_list":["post-1666","post","type-post","status-publish","format-standard","hentry","category-politike"],"_links":{"self":[{"href":"https:\/\/revistakuvendi.org\/index.php?rest_route=\/wp\/v2\/posts\/1666","targetHints":{"allow":["GET"]}}],"collection":[{"href":"https:\/\/revistakuvendi.org\/index.php?rest_route=\/wp\/v2\/posts"}],"about":[{"href":"https:\/\/revistakuvendi.org\/index.php?rest_route=\/wp\/v2\/types\/post"}],"author":[{"embeddable":true,"href":"https:\/\/revistakuvendi.org\/index.php?rest_route=\/wp\/v2\/users\/1"}],"replies":[{"embeddable":true,"href":"https:\/\/revistakuvendi.org\/index.php?rest_route=%2Fwp%2Fv2%2Fcomments&post=1666"}],"version-history":[{"count":1,"href":"https:\/\/revistakuvendi.org\/index.php?rest_route=\/wp\/v2\/posts\/1666\/revisions"}],"predecessor-version":[{"id":1668,"href":"https:\/\/revistakuvendi.org\/index.php?rest_route=\/wp\/v2\/posts\/1666\/revisions\/1668"}],"wp:attachment":[{"href":"https:\/\/revistakuvendi.org\/index.php?rest_route=%2Fwp%2Fv2%2Fmedia&parent=1666"}],"wp:term":[{"taxonomy":"category","embeddable":true,"href":"https:\/\/revistakuvendi.org\/index.php?rest_route=%2Fwp%2Fv2%2Fcategories&post=1666"},{"taxonomy":"post_tag","embeddable":true,"href":"https:\/\/revistakuvendi.org\/index.php?rest_route=%2Fwp%2Fv2%2Ftags&post=1666"}],"curies":[{"name":"wp","href":"https:\/\/api.w.org\/{rel}","templated":true}]}}