{"id":1625,"date":"2012-09-11T23:49:21","date_gmt":"2012-09-11T23:49:21","guid":{"rendered":"http:\/\/revistakuvendi.org\/?p=1625"},"modified":"2012-09-11T23:49:21","modified_gmt":"2012-09-11T23:49:21","slug":"911-ajo-qe-ndryshoi-gjithcka","status":"publish","type":"post","link":"https:\/\/revistakuvendi.org\/?p=1625","title":{"rendered":"9\/11- Ajo q\u00eb ndryshoi gjith\u00e7ka !"},"content":{"rendered":"<div>\n<div><span style=\"font-size: small;\"><a href=\"http:\/\/revistakuvendi.org\/wp-content\/uploads\/2012\/09\/11-shtatori.jpg\"><img loading=\"lazy\" decoding=\"async\" class=\"alignleft size-full wp-image-1626\" title=\"11 shtatori\" src=\"http:\/\/revistakuvendi.org\/wp-content\/uploads\/2012\/09\/11-shtatori.jpg\" alt=\"\" width=\"640\" height=\"427\" srcset=\"https:\/\/revistakuvendi.org\/wp-content\/uploads\/2012\/09\/11-shtatori.jpg 640w, https:\/\/revistakuvendi.org\/wp-content\/uploads\/2012\/09\/11-shtatori-300x200.jpg 300w\" sizes=\"auto, (max-width: 640px) 100vw, 640px\" \/><\/a>Reportazh special nga New Yorku me rastin e 11 shtatorit : Qendra Tregatre Bot\u00ebrore &#8211; World Trade Center &#8211; 9\/ 11 Memorial &#8211; Muzeumi Komb\u00ebtar,<\/span><\/div>\n<div><\/div>\n<div><span style=\"font-size: xx-large;\">9\/11- Ajo q\u00eb ndryshoi gjith\u00e7ka !<\/span><\/div>\n<div><\/div>\n<div><\/div>\n<div><strong>BEQIR SINA, Lower Manhhattan<\/strong><\/div>\n<div><\/div>\n<div><\/div>\n<div>\u00a0<strong><em>Aty ku 11 vjet\u00eb m\u00eb par\u00eb qendronin Dy Kullat Binjake simbol i ekonomis\u00eb s\u00eb fuqishme amerikane, do t\u00eb ngrihen 7 nd\u00ebrtesa m\u00eb t\u00eb larta dhe m\u00eb t\u00eb fuqishime p\u00ebr t\u00eb treguar se SHBA dol\u00ebn m\u00eb t\u00eb forta pas ngjarjeve t\u00eb 11 Shtatorit 2001<!--more--><\/em><\/strong><\/div>\n<div><\/div>\n<div><\/div>\n<div><strong>LOWER MANHATTAN &#8211; NEW YORK CITY :<\/strong> Ish komleksi i njohur n\u00eb t\u00eb gjith\u00eb bot\u00ebn, simboli i ekonimis\u00eb s\u00eb fort\u00eb amerikane, World Trade Center &#8211; Qendra e Treg\u00ebtis\u00eb Nd\u00ebr\u00ebkomob\u00ebtare , i p\u00ebrb\u00ebr\u00eb para 11 vjet\u00ebsh nga shtat\u00eb gratacela, mes tyre dy nd\u00ebrtesat m\u00eb t\u00eb larta n\u00eb bot\u00eb Kullat Binjake, t\u00eb cilat u inaguruan n\u00eb vitin 1973 u rr\u00ebzuan nga sulmet e kamikazve m\u00eb 11 shtator t\u00eb vitit 2001 t\u00eb drejtuara nga kryeterroristi Osama bin Laden, i cili u vra n\u00eb 1 maj n\u00eb Pakistan.<\/p>\n<p>Nd\u00ebrsa tani, 11 vjet\u00eb m\u00eb pas\u00eb n\u00eb vendin e quajtur Qendra Treg\u00ebtis\u00eb Nd\u00ebrkomb\u00ebtare me pes\u00eb gratacela dhe muzeun p\u00ebrkujtimor, duket se po kthehet p\u00ebrs\u00ebri krenaria amerikane, n\u00eb t\u00eb nj\u00ebjtin vend &#8211; ku 11 vjet\u00eb m\u00eb par\u00eb gjith\u00e7ka ishte shkat\u00ebrrimtare . Aty do t\u00eb ngrihen disa nd\u00ebrtesa t\u00eb larta nga t\u00eb cilat nj\u00ebra prej tyre do t\u00eb jet\u00eb m\u00eb e larta n\u00eb hemisfer\u00ebn perendimore 110 kate dhe do t\u00eb thirret Kulla e Liris\u00eb &#8211; nd\u00ebrtes\u00eb kjo q\u00eb n\u00eb shikim nga larg duket qart\u00eb ball\u00ebp\u00ebrball\u00eb n\u00eb nj\u00eb distanc\u00eb t\u00eb shkrut\u00ebr duke v\u00ebshtruar me Statuj\u00ebn e Liris\u00eb, n\u00eb k\u00ebndin tjet\u00ebr t\u00eb ishullit.<\/p>\n<p>N\u00ebd\u00ebrtesa q\u00eb po hedh shtat\u00eb, dhe ka p\u00ebrfunduar si &#8220;karabina&#8221; kunstruksion, pritet t\u00eb inagurohet zyrtarisht n\u00eb vitin 1913, me lart\u00ebsin\u00eb e saj prej 513 metrash, ka p\u00ebr t\u00eb z\u00ebn\u00eb vendin e par\u00eb si gratacela m\u00eb e lart\u00eb e Shteteve t\u00eb Bashkuara, duke l\u00ebn\u00eb pas Kull\u00ebn Willis n\u00eb Chicago &#8211; \u00c7ikago.<\/p>\n<p>N\u00eb pamjen e saj madh\u00ebshtore n\u00eb pjes\u00ebn e poshtme t\u00eb qytetit t\u00eb Manhattanit &#8211; Nju Jork, skyscrapers &#8211; qiellg\u00ebrvisht\u00ebsi ose gratacela e re do t\u00eb z\u00ebvend\u00ebsoj\u00eb dy Kullat Binjake, q\u00eb rr\u00ebzuara 11 vjet m\u00eb par\u00eb n\u00eb vendin q\u00eb thirret tani Groun Zero &#8211; Kuota Zero,nga dy avion\u00ebt e marr\u00eb peng nga kamikaz\u00ebt e Al Kaedas, drejtuar nga Muhamed Atta.<\/p>\n<p>E nisur n\u00eb prill t\u00eb vitit 2007 dhe me nj\u00eb kosto prej 3 miliard\u00eb dollar\u00ebsh, kulla e re do t\u00eb p\u00ebrfundoj\u00eb n\u00eb vitin 2013. Ajo do t\u00eb ket\u00eb 104 kate ose 110 kate, me nj\u00eb sip\u00ebrfaqe p\u00ebr zyra prej 242 metra katror\u00eb, nj\u00eb restorant t\u00eb klasit t\u00eb lart\u00eb dhe struktura transmetimi.<\/p>\n<p>Historia e saj ka qen\u00eb e gjat\u00eb dhe me pengesa. Projekti orgjinal, i hartuar nga arkitekti Daniel Liberskind, p\u00ebsoi nj\u00eb s\u00ebr\u00eb modifikimesh si pasoj\u00eb e masave t\u00eb rrepta t\u00eb siguris\u00eb t\u00eb k\u00ebrkuara nga zjarrfik\u00ebsit.<\/p><\/div>\n<div><\/div>\n<div>Gjegj\u00ebsisht, n\u00eb vendin ku para 11 shatorit 2001 ngriheshin Kullat Binjake t\u00eb kompleksit World Trade Center, aktualisht jan\u00eb duke u zhvilluar punimet p\u00ebr nd\u00ebrtimin e nj\u00eb qendre t\u00eb re tregtare. Me projektin e ri \u00ebsht\u00eb menduar q\u00eb n\u00eb vend t\u00eb dy kullave, k\u00ebt\u00eb radh\u00eb t\u00eb nd\u00ebrtohet vet\u00ebm nj\u00eb e till\u00eb, dhe disa t\u00eb tjera p\u00ebr rreth saj. Ky qiellg\u00ebrvisht\u00ebs, i cili, do t\u00eb konsiderohet si zemra e re e New York-ut, do t\u00eb ket\u00eb nj\u00eb lart\u00ebsi simbolike prej 541 m q\u00eb do t\u00eb thot\u00eb 1776 feet &#8211; k\u00ebmb\u00eb e lart\u00eb, sipas matjes amerikane. \u00cbsht\u00eb zgjedhur ky num\u00ebr pasi 1776 \u00ebsht\u00eb viti i pavar\u00ebsis\u00eb s\u00eb SHBA-ve. P\u00ebrreth k\u00ebsaj qendre t\u00eb re tregtare do t\u00eb nd\u00ebrtohen edhe tri kulla t\u00eb tjera m\u00eb t\u00eb ul\u00ebta. N\u00eb k\u00ebt\u00eb zon\u00eb \u00ebsht\u00eb menduar edhe nd\u00ebrtimi i nj\u00eb muzeu n\u00eb kujtim t\u00eb 11 shtatorit. Projekti final i aprovuar n\u00eb 2006 pritet q\u00eb t\u00eb p\u00ebrfundoj\u00eb brenda vitit 2012, p\u00ebr muzeun.<\/p>\n<p>Kompleksi Q\u00ebndra Bot\u00ebrore e Treg\u00ebtis\u00eb tashm\u00eb me nj\u00eb konstrukt t\u00eb ri dhe pamje tjet\u00ebr ka arritur deri n\u00eb katin e 100-t\u00eb. Nd\u00ebrkoh\u00eb q\u00eb nd\u00ebrtimi i saj do t\u00ebvazhdoj\u00eb deri n\u00eb katin 104 ose 110, n\u00eb nj\u00eb lart\u00ebsi prej 540 metrash, duke u b\u00ebr\u00eb k\u00ebshtu p\u00ebrs\u00ebri nd\u00ebrtesa m\u00eb e lart\u00eb n\u00eb New York, dhe m\u00eb e larta n\u00eb SHBA- pas asaj n\u00eb \u00c7ikago &#8211; Kull\u00ebn Willis. P\u00ebrfundimi i saj \u00ebsht\u00eb menduar t\u00eb b\u00ebhet n\u00eb vitin 2013. Deri tani dihet se vet\u00ebm ajo q\u00eb quhet Memorial Park, do t\u00eb jet\u00eb gati p\u00ebrkoh\u00ebsisht n\u00eb k\u00ebt\u00eb 11 vjetor t\u00eb sulemeve tragjike ku humb\u00ebn jet\u00ebn afro tre mij\u00eb njer\u00ebz t\u00eb pafajsh\u00ebm. Memorial Park do t\u00eb jet\u00eb nj\u00eb hapsir\u00eb meditimi dhe reflektimi, kan\u00eb menduar autoritetet njujorkeze,dhe do t\u00eb hapet p\u00ebr publik si Muzeu Komb\u00ebtar p\u00ebr viktimat e 11 shtatorit n\u00eb dit\u00eb e sh\u00ebnimit n\u00eb t\u00eb nj\u00ebjtin vend ku m\u00eb par\u00eb ndodheshin dy Kullat Binjake, p\u00ebr sh\u00ebnimin e 11 vjetorit t\u00eb sulmeve.<\/p>\n<p>Memoriali \u00ebsht\u00eb i nd\u00ebrtuar i t\u00ebri mbi sip\u00ebrfaqen ku ka q\u00ebn\u00eb gjurm\u00ebt origjianle t\u00eb dy Kullave Binjake, ku midis ambjenteve \u00ebsht\u00eb krijuar dhe nj\u00eb mjedis me pem\u00eb dhe nj\u00eb shesh publik ku gjenden edhe dy pishina, sejcila perj tyre me shtarvan\u00eb . P\u00ebrgjat\u00eb tyre gjendet dhe muzeu p\u00ebr ekspozitat dhe artfaktet, p\u00ebr t&#8217;i b\u00ebr\u00eb t\u00eb ditur vizitor\u00ebve mbi ngjarjet e 11 shtatorit, ku rreth 3000 njer\u00ebz humb\u00ebn jet\u00ebn e tyre.<\/p>\n<p>Mes tyre edhe tre shqiptar\u00eb: N\u00eb 11 shtator 2001, edhe kombi yn\u00eb &#8211; kombi shqiptar\u00eb, hyri edhe k\u00ebsaj rradhe n\u00eb historin\u00eb e heronj\u00ebve Amerikan, me tre emra, q\u00eb do t\u00eb mbeten simbol i k\u00ebsaj ngjarje tragjike, dhe do t\u00eb ken\u00eb pjes\u00ebn e tyre n\u00eb nj\u00ebrin prej k\u00ebtyre pavion\u00ebve t\u00eb k\u00ebtij muzeu. Mon Gjonbalaj, Simon Dedvukaj dhe Rrok Camaj, jan\u00eb tre emra, t\u00eb cil\u00ebt do t\u00eb kujtohen n\u00eb mote, n\u00eb k\u00ebt\u00eb muze si d\u00ebshmi e gjall\u00eb, se ne kombi shqiptar\u00eb &#8211; jemi Shqiptar\u00eb n\u00eb rradh t\u00eb par\u00eb, por, jemi edhe Amerikan.<\/p>\n<p>Ajo q\u00eb do t\u00eb quhet tash &#8220;One World Trade center&#8221; dhe simbolizon ish World Trade Centr\u00ebn &#8211; Q\u00ebndr\u00ebn Nd\u00ebrkomb\u00ebtare Tregtare , \u00ebsht\u00eb projekt i dizanjuar nga artitekti David Childs. Kjo hap\u00ebsir\u00eb \u00ebsht\u00eb planifikuar t\u00eb z\u00ebr\u00eb nj\u00eb hapsir\u00eb prej 2.4 milion metra katror\u00eb p\u00ebr hapsirat e zyrave, nj\u00eb vend v\u00ebzhgimi, dyqane, klube, restorante,dhe ambjente t\u00eb tjera tregtare.<\/p>\n<p>N\u00eb k\u00ebt\u00eb vend n\u00eb form\u00eb &#8220;caqesh&#8221; do t\u00eb nd\u00ebrtohen 7 grada\u00e7iele &#8211; qiellg\u00ebrvisht\u00ebs t\u00eb vendosura s\u00eb bashku dhe t\u00eb kombinuara me nj\u00ebra tjet\u00ebr\u00ebn nga ana artitekturore &#8211; me t\u00eb nj\u00ebjtin dizanj\u00eb. Kulla e dyt\u00eb me e larta \u00ebsht\u00eb planifikuar t\u00eb jet\u00eb 88 kate, dhe \u00ebsht\u00eb e dizanjuar nga nj\u00eb tjet\u00ebr artitekt. Ajo do t\u00eb pag\u00ebzohet me emrin Kulla 2 &#8211; Tower 2, nga adresa e rrug\u00ebs s\u00eb saj, q\u00eb i bie n\u00eb 2-th Street,. P\u00ebrndrydshe ajo do t\u00eb ket\u00eb nj\u00eb hap\u00ebsir\u00eb zyrash dhe ambjente t\u00eb tjera t\u00eb parashikuara aty brenda saj, prej 2.8 milion metra katrot.<\/p>\n<p>Nd\u00ebrsa nj\u00eb grada\u00e7iele tjet\u00ebr po aty n\u00eb k\u00ebt\u00eb shesh i cili pas 11 shtatorit \u00ebsht\u00eb thirrur Kuota Zero &#8211; Ground Zero, do t\u00eb jet\u00eb nj\u00eb nd\u00ebrtes\u00eb shitoresh, t\u00eb cilat do t\u00eb z\u00ebn\u00eb sip\u00ebrfaqen m\u00eb t\u00eb madhe. Dhe nd\u00ebrtesa tjet\u00ebr q\u00eb \u00ebsht\u00eb n\u00eb kombinim me nd\u00ebrtesat e reja n\u00eb k\u00ebt\u00eb vend do t\u00eb jet\u00eb nj\u00eb nd\u00ebrtes\u00eb p\u00ebraf\u00ebrsisht\u00eb 300 metra e lart\u00eb, dhe mendohet t\u00eb jet\u00eb zyra q\u00ebndrore e asaj q\u00eb quhet Port Authority &#8211; New York New Jersey &#8211; Autoriteti Portual i Nju Jorkut dhe Nje Xhersit<\/p><\/div>\n<\/div>\n<div><\/div>\n<div><\/div>\n<div><strong><span style=\"font-size: small;\">Qendra Tregatre Bot\u00ebrore &#8211; World Trade Center<\/span><\/strong><\/div>\n<div><\/div>\n<div><\/div>\n<div>&#8220;Kulla Liria&#8221; \u00ebsht\u00eb rrokaqielli m\u00eb i lart\u00eb n\u00eb Manhattan &#8211; New York. Dhe \u00ebsht\u00eb nd\u00ebrtuar p\u00ebr ringritur edhe nj\u00eb her\u00eb m\u00eb t\u00eb lart\u00eb dhe m\u00eb t\u00eb fuqish\u00ebm kompleksin e shkat\u00ebrruar n\u00eb sulmet tragjike t\u00eb 11 shtatorit 2001, i cili p\u00ebrfshinte 11 vjet m\u00eb par\u00eb dy Kullat Binjake Qendra Tregtare Bot\u00ebrore 1, dhe Qendr\u00ebn Bot\u00ebrore t\u00eb Tregtis\u00eb 2.<\/p>\n<p>Nd\u00ebrtimi i k\u00ebtij kompleksi filloi m\u00eb 27 prill 2006 n\u00eb nd\u00ebrkoh\u00eb p\u00ebrfundimi saj mendohet t\u00eb kryehet sipas i vler\u00ebsimeve n\u00eb 30 gusht 2012 . Hapja e saj mund t\u00eb b\u00ebhet m\u00eb 11 shtator 2013 . Sipas vlersimit n\u00eb tetor 2008 p\u00ebrfundimi i k\u00ebtij kompleksi do t\u00eb kushtoj\u00eb 3.1 miliard dollar\u00eb , por nj\u00eb vlersim tjet\u00ebr i k\u00ebtij viti tregon se duhen 3.8 miliard dollar\u00eb<br \/>\nLart\u00ebsi Arkitekturale 1,776 ft ose 541,32 metra<\/p><\/div>\n<div>Maja e p\u00ebrgjithshme \u00ebsht\u00eb e vler\u00ebsuar 1792 ft ose 546,20 m)<\/div>\n<div>Projektimi dhe nd\u00ebrtimi<br \/>\nArkitekti David Childs (Skidmore, Owings &amp; Merrill)<br \/>\nZhvilluesi i projektit Autoriteti Portual i Nju York dhe New Jersey<br \/>\nInxhenjer strukturor WSP Cantor Seinuk<br \/>\nKontraktori kryesor Tishman Construction<\/div>\n<div>Rind\u00ebrtimi i planifikuar p\u00ebr t\u00eb zvend\u00ebsuar dy Kullat Binjake World Trade Center do t\u00eb zvend\u00ebsohet nga Kullat:<\/div>\n<div>One World Trade Center (Kulla 1)<br \/>\nDy: Qendr\u00ebs Bot\u00ebrore t\u00eb Tregtis\u00eb (Kulla 2)<br \/>\nTre: World Trade Center (Kulla 3)<br \/>\nKat\u00ebr: Qendr\u00ebs Bot\u00ebrore t\u00eb Tregtis\u00eb (Kulla 4)<br \/>\nPes\u00eb: Qendr\u00ebs Bot\u00ebrore t\u00eb Tregtis\u00eb (Kulla 5)<br \/>\nGjasht\u00eb: Qendr\u00ebs Bot\u00ebrore t\u00eb Tregtis\u00eb (Kulla 6)<br \/>\nShtat\u00eb: Memorial dhe muzeu Komb\u00ebtare shtator 11 Memorial &amp; Museum(Kulla 7)<\/p>\n<p>One World Trade Center, m\u00eb thjesht \u00ebsht\u00eb i njohur si 1 WTC e njohur m\u00eb par\u00eb sikurse tash si Kulla e Liris\u00eb, \u00ebsht\u00eb nd\u00ebrtimi kryesor i kompleksit t\u00eb ri n\u00eb Q\u00ebndr\u00ebn Bot\u00ebrore Tregtare &#8211; World Trade Center n\u00eb pjes\u00ebn e poshmte t\u00eb qytetit n\u00eb Lower Manhattan, New York City. Pallati 104 &#8211; 110 &#8211; kat\u00ebsh \u00ebsht\u00eb padyshim rrokaqiell m\u00eb i lart\u00eb dhe \u00ebsht\u00eb duke u nd\u00ebrtuar n\u00eb k\u00ebndin veriper\u00ebndimore ka nj\u00eb sip\u00ebrfaqe 16-acre .<\/p><\/div>\n<div><\/div>\n<div>Ky vend do t\u00eb quhet tash World Trade Center, duke z\u00ebn\u00eb vendin e tet\u00eb nd\u00ebrtesave t\u00eb Qendr\u00ebs Bot\u00ebrore t\u00eb Tregtis\u00eb, aty ku dikur q\u00ebndronte e nj\u00ebjta qend\u00ebr 11 vjet\u00eb m\u00eb par\u00eb. Nd\u00ebrtesa super e lart\u00eb kufizohet n\u00eb per\u00ebndim nga rruga West Street, n\u00eb veri nga rruga Vesey Street, n\u00eb jug nga rruga Fulton Street, dhe n\u00eb lindje nga rruga Washington Street.<\/div>\n<div><\/div>\n<div>Nd\u00ebrtimi n\u00eb punimet n\u00ebn-tok\u00ebsore ka filluar me zhvendosjen e sh\u00ebrbimeve, p\u00ebr nd\u00ebrtimin e infrastruktur\u00ebs s\u00eb n\u00ebndheshme e cila filloi m\u00eb 27 prill 2006. M\u00eb 30 mars 2009, Autoriteti Portual konfirmoi se nd\u00ebrtimi do t\u00eb jet\u00eb i njohur me emrin e saj ligjor t\u00eb One World Trade Center.<\/p>\n<p>N\u00eb koh\u00ebn e p\u00ebrfundimit t\u00eb saj n\u00eb vitin 2013, One World Trade Center do t\u00eb jet\u00eb nd\u00ebrtesa m\u00eb e lart\u00eb n\u00eb hemisfer\u00ebn per\u00ebndimore dhe nd\u00ebrtesa e tret\u00eb m\u00eb e lart\u00eb n\u00eb bot\u00eb nga lart\u00ebsi maj\u00eb, me maj\u00ebn e saj arritjen e nj\u00eb simbolike deri n\u00eb 1.776 feet ose 541,3 metra. Kjo lart\u00ebsi \u00ebsht\u00eb zgjedhur si simbol i Shtetetve t\u00eb Bashkuara mbasi num\u00ebrat e saj jan\u00eb n\u00eb lidhje me vitin e pavar\u00ebsis\u00eb amerikane.<\/p><\/div>\n<div><\/div>\n<div>World Trade Center kompleksi i ri do t\u00eb shfaq\u00eb tre nd\u00ebrtesa t\u00eb tjera t\u00eb larta p\u00ebr rreth saj p\u00ebrgjat\u00eb rrug\u00ebs Greenwich dhe n\u00eb mes t\u00eb saj do t\u00eb ket\u00eb Muzeumin Komb\u00ebtare 9\/11 Memorial &amp; Museum, i cili gjendet vet\u00ebm pa metra n\u00eb jug t\u00eb One World Trade Center, ku dikur ngrihej Kullat Binjake. Nd\u00ebrtimit i Muzeumit Komb\u00ebtar 9\/11 \u00ebsht\u00eb pjes\u00eb e nj\u00eb p\u00ebrpjekje t\u00eb p\u00ebrkujtoj dhe rind\u00ebrtimin pas shkat\u00ebrrimit t\u00eb kompleksit origjinal World Trade Center, gjat\u00eb sulmeve t\u00eb 11 shtator 2001, dhe t\u00eb kujtoj\u00eb t\u00eb gjitha viktimat q\u00eb humb\u00ebn jet\u00ebn.<\/div>\n<div><\/div>\n<div><\/div>\n<div><strong><span style=\"font-size: small;\">9\/ 11 Memorial &#8211; Muzeumi Komb\u00ebtar,<\/span><\/strong><\/div>\n<div><\/div>\n<div><\/div>\n<div>Muzeumi Komb\u00ebtare 9\/11 Memorial &amp; Museum, \u00ebsht\u00eb i vendosura n\u00eb nj\u00eb vend me sip\u00ebrfaqe 6-akra n\u00eb kompleksin World Trade Center, \u00ebsht\u00eb nj\u00eb respekt n\u00eb p\u00ebrkujtimin dhe nderimin e 2983 viktimave burra, gra dhe f\u00ebmij\u00eb t\u00eb vrar\u00eb n\u00eb sulmet terroriste t\u00eb 11 shtatorit 2001 n\u00eb Qendr\u00ebn Bot\u00ebrore t\u00eb Tregtis\u00eb. Duke p\u00ebrfshir\u00eb edhe disa nga materialet e gjetuara n\u00eb aeroplanin q\u00eb u rr\u00ebzua n\u00eb Shanksville, Pennsylvania , dhe disa materiale nga Pentagoni, si dhe gjasht\u00eb vet\u00eb t\u00eb vrar\u00eb n\u00eb shp\u00ebrthimin e Qendr\u00ebs Bot\u00ebrore t\u00eb Tregtis\u00eb n\u00eb shkurt 1993 n\u00eb New York.<\/div>\n<div><\/div>\n<div>9\/ 11 Memorial &#8211; Muzeumi Komb\u00ebtar, \u00ebsht\u00eb iprojektuar nga arkitekti amerikan Michael Arad i kompanis\u00eb s\u00eb Arkitekt\u00ebve Handel n\u00eb lidhje me arkitektur\u00ebn e peizazhve t\u00eb firm\u00ebs Peter Walker dhe Partners. Muzeumi 9\/11 \u00ebsht\u00eb i dedikuar zyrtarisht p\u00ebr t\u00eb p\u00ebrkujtuar p\u00ebrvjetorin e sulmeve m\u00eb 11 shtator 2011. Arad dizajn dhe Walker u zgjodh\u00ebn 6 vjet\u00eb m\u00eb par\u00eb nga 5201 firma t\u00eb cilat hyn\u00eb n\u00eb nj\u00eb konkurs t\u00eb hapur nd\u00ebrkomb\u00ebtar, t\u00eb iniciuara nga Korporata p\u00ebr Zhvillim (LMDC), n\u00eb Manhattan p\u00ebr specifikimet e arkitektit Daniel Libeskind.<\/div>\n<div><\/div>\n<div>Dy pishina, secila rreth nj\u00eb acre me thell\u00ebsi 30-k\u00ebmb\u00eb krijojn\u00eb ujvarat artificiale m\u00eb t\u00eb m\u00eb madha n\u00eb uj\u00ebvarat n\u00eb Amerik\u00ebn e Veriut &#8211; Kaskadat e tyre jan\u00eb t\u00eb rrethuara me pllaka mermeri t\u00eb zeza dhe \u00e7 \u00e7do pllak\u00eb jan\u00eb t\u00eb skalitur me dalt\u00eb emrat e 2983 viktimave 2.983 . Ngjitur me kaskad\u00ebn jan\u00eb vendosur 76 pllakat prej bronzi bashkangjitur n\u00eb muret parapeme q\u00eb formojn\u00eb skajet e ujvarave p\u00ebrkujtimore, t\u00eb rregulluar n\u00eb baz\u00eb t\u00eb &#8220;adjacencies kuptimplot\u00eb&#8221; &#8211; nj\u00eb algoritm i zhvilluar prej projekteve lokale q\u00eb p\u00ebrfshin af\u00ebrsin\u00eb n\u00eb koh\u00ebn e sulmeve , dhe \u00ebsht\u00eb n\u00eb p\u00eblqim t\u00eb plot\u00eb nga rreth 1.200 k\u00ebrkesa nga an\u00ebtar\u00ebt e familjeve t\u00eb viktimave.<\/div>\n<div><\/div>\n<div>Plaza Memorial &#8211; Sheshi Muzeal p\u00ebrreth ujvarave ofron nj\u00eb park natyral meditues, me nj\u00eb korije prej m\u00eb shum\u00eb se 400 pem\u00eb t\u00eb llojit White Oak, secila e p\u00ebrzgjedhur brenda nj\u00eb rreze 500- feet dhe t\u00eb sjell nga tre vendet e sulmeve t\u00eb 11 shtatorit 2001. Nj\u00eb korije e vog\u00ebl mjaft piktoreske, e njohur si Glade Memorial, p\u00ebrcakton nj\u00eb hap\u00ebsir\u00eb ??p\u00ebr tubime dhe ceremoni t\u00eb ve\u00e7anta.<\/div>\n<div><\/div>\n<div>9 &#8211; 11 Memorial Muzeu Komb\u00ebtar \u00ebsht\u00eb i projektuar nga Dykers Craig dhe Kjetil Thorsen e Sn\u00f8hetta, \u00ebsht\u00eb planifikuar t\u00eb hapet p\u00ebr pak dit\u00eb m\u00eb 11 shtator 2012. Muzeu do t\u00eb vendoset n\u00eb nj\u00eb sip\u00ebrfaqe mbi 110.000 metra katror t\u00eb hap\u00ebsir\u00ebs, dhe do t\u00eb ket\u00eb ekspozit\u00eb me historin\u00eb e 9\/11 n\u00eb nd\u00ebrkoh\u00eb q\u00eb p\u00ebrmes ekraneve multimedia, arkivave, tregimet do t\u00eb shfaqen skenat e ngjarjeve t\u00eb 11 shtatorit 2001 dhe do t\u00eb ket\u00eb nj\u00eb koleksion i objekteve monumentale dhe autentike t\u00eb atyre ngjarjeve tragjike.<\/div>\n<div><\/div>\n<div>\n<div><strong><em><img decoding=\"async\" id=\"ecxgalleryImg\" src=\"http:\/\/gothamist.com\/upload\/2011\/09\/2011_9_wtcmem7.jpg\" alt=\"\" \/><\/em><\/strong><\/div>\n<div><\/div>\n<div><\/div>\n<div><strong><em>Panele p\u00ebrkujtimore ka jan\u00eb t\u00eb sh\u00ebnuara emrat e \u00e7do njerit prej atyre viktimave t\u00eb 11 shtatorit 2001.N\u00eb sfond, ju mund t\u00eb shihni t\u00eb shkruar si me pend\u00eb, gdhendur n\u00eb mermer n\u00eb kujtim t\u00eb p\u00ebrjet\u00ebsh\u00ebm edhe emrat e dy shqiptar\u00ebve t\u00eb tjer\u00eb Mon Gjonbalaj dhe Roko Camaj<\/em><\/strong><\/div>\n<\/div>\n<div><\/div>\n<div>\n<div id=\"main-photo-container\"><img loading=\"lazy\" decoding=\"async\" id=\"liquid-photo-buffer\" src=\"http:\/\/farm8.staticflickr.com\/7259\/7002730894_7dcd2ed65a_z.jpg\" alt=\"\" width=\"640\" height=\"428\" \/><\/div>\n<div id=\"meta\">\n<h1 id=\"title_div\"><span style=\"font-size: x-small;\">NYC: National September 11 Memorial and Museum<\/span><\/h1>\n<div>\n<div id=\"main-photo-container\"><img loading=\"lazy\" decoding=\"async\" id=\"liquid-photo\" src=\"http:\/\/farm8.staticflickr.com\/7259\/7002730894_7dcd2ed65a_z.jpg\" alt=\"photo\" width=\"640\" height=\"428\" \/><\/div>\n<div id=\"meta\">\n<h1 id=\"title_div\"><span style=\"font-size: x-small;\">NYC: National September 11 Memorial and Museum<\/span><\/h1>\n<\/div>\n<\/div>\n<div><\/div>\n<div>\n<div id=\"main-photo-container\"><img loading=\"lazy\" decoding=\"async\" id=\"liquid-photo-buffer\" src=\"http:\/\/farm8.staticflickr.com\/7129\/7148822551_f83efa86c3_z.jpg\" alt=\"\" width=\"640\" height=\"428\" \/><\/div>\n<div id=\"meta\">\n<h1 id=\"title_div\"><span style=\"font-size: x-small;\">NYC: National September 11 Memorial<\/span><\/h1>\n<div>\n<div id=\"main-photo-container\"><img loading=\"lazy\" decoding=\"async\" id=\"liquid-photo-buffer\" src=\"http:\/\/farm8.staticflickr.com\/7044\/7002797170_2f61b5db51_z.jpg\" alt=\"\" width=\"640\" height=\"428\" \/><\/div>\n<div id=\"meta\">\n<h1 id=\"title_div\"><span style=\"font-size: x-small;\">NYC: National September 11 Memorial<\/span><\/h1>\n<div>\n<div id=\"main-photo-container\"><img loading=\"lazy\" decoding=\"async\" id=\"liquid-photo\" src=\"http:\/\/farm8.staticflickr.com\/7190\/7002797648_6065d647ca_z.jpg\" alt=\"photo\" width=\"640\" height=\"427\" \/><\/div>\n<div id=\"meta\">\n<h1 id=\"title_div\"><span style=\"font-size: x-small;\">NYC: National September 11 Memorial<\/span><\/h1>\n<\/div>\n<\/div>\n<div>\n<div id=\"main-photo-container\"><img loading=\"lazy\" decoding=\"async\" id=\"liquid-photo\" src=\"http:\/\/farm8.staticflickr.com\/7092\/7148889157_c5707933eb_z.jpg\" alt=\"photo\" width=\"640\" height=\"428\" \/><\/div>\n<div id=\"meta\">\n<h1 id=\"title_div\"><span style=\"font-size: x-small;\">NYC: National September 11 Memorial<\/span><\/h1>\n<div>\n<div id=\"main-photo-container\"><img loading=\"lazy\" decoding=\"async\" id=\"liquid-photo\" src=\"http:\/\/farm8.staticflickr.com\/7235\/7004556440_2bf5472816_z.jpg\" alt=\"photo\" width=\"640\" height=\"428\" \/><\/div>\n<div id=\"meta\">\n<h1 id=\"title_div\"><span style=\"font-size: x-small;\">NYC: National September 11 Memorial<\/span><\/h1>\n<\/div>\n<\/div>\n<div>\n<div id=\"main-photo-container\"><img loading=\"lazy\" decoding=\"async\" id=\"liquid-photo\" src=\"http:\/\/farm6.staticflickr.com\/5272\/7150686463_bd5e09bb0c_z.jpg\" alt=\"photo\" width=\"640\" height=\"426\" \/><\/div>\n<div id=\"meta\">\n<h1 id=\"title_div\"><span style=\"font-size: x-small;\">NYC: National September 11 Memorial<\/span><\/h1>\n<div><img loading=\"lazy\" decoding=\"async\" id=\"liquid-photo\" src=\"http:\/\/farm8.staticflickr.com\/7132\/7150646767_f90a4f1baa_z.jpg\" alt=\"photo\" width=\"640\" height=\"427\" \/><\/p>\n<div id=\"meta\">\n<h1 id=\"title_div\"><span style=\"font-size: x-small;\">NYC: National September 11 Memorial and Museum<\/span><\/h1>\n<\/div>\n<\/div>\n<div>\n<div id=\"main-photo-container\"><img loading=\"lazy\" decoding=\"async\" id=\"liquid-photo-buffer\" src=\"http:\/\/farm8.staticflickr.com\/7246\/7004773614_57d05d764c_z.jpg\" alt=\"\" width=\"426\" height=\"640\" \/><\/div>\n<div id=\"meta\">\n<h1 id=\"title_div\"><span style=\"font-size: x-small;\">NYC &#8211; FiDi: One World Trade Center (under construction)<\/span><\/h1>\n<div>\n<div id=\"main-photo-container\"><img loading=\"lazy\" decoding=\"async\" id=\"liquid-photo\" src=\"http:\/\/farm9.staticflickr.com\/8005\/7004773488_363fe21bd4_z.jpg\" alt=\"photo\" width=\"426\" height=\"640\" \/><\/div>\n<div id=\"meta\">\n<h1 id=\"title_div\"><span style=\"font-size: x-small;\">NYC &#8211; FiDi: One World Trade Center (under construction)<\/span><\/h1>\n<div>\n<div id=\"main-photo-container\"><img loading=\"lazy\" decoding=\"async\" id=\"liquid-photo\" src=\"http:\/\/farm9.staticflickr.com\/8158\/7150862589_31d2404c6e_z.jpg\" alt=\"photo\" width=\"427\" height=\"640\" \/><\/div>\n<div id=\"meta\">\n<h1 id=\"title_div\"><span style=\"font-size: x-small;\">NYC &#8211; FiDi: Four World Trade Center (in construction)<\/span><\/h1>\n<div><\/div>\n<div>\n<div id=\"main-photo-container\"><img loading=\"lazy\" decoding=\"async\" id=\"liquid-photo\" src=\"http:\/\/farm8.staticflickr.com\/7108\/7004746116_66afc6f656_z.jpg\" alt=\"photo\" width=\"426\" height=\"640\" \/><\/div>\n<div id=\"meta\">\n<h1 id=\"title_div\"><span style=\"font-size: x-small;\">NYC &#8211; FiDi: Four World Trade Center (in construction)<\/span><\/h1>\n<\/div>\n<\/div>\n<\/div>\n<\/div>\n<\/div>\n<\/div>\n<\/div>\n<\/div>\n<\/div>\n<\/div>\n<\/div>\n<\/div>\n<\/div>\n<\/div>\n<\/div>\n<\/div>\n<\/div>\n<\/div>\n<div><\/div>\n","protected":false},"excerpt":{"rendered":"<p>Reportazh special nga New Yorku me rastin e 11 shtatorit : Qendra Tregatre Bot\u00ebrore &#8211; World Trade Center &#8211; 9\/ 11 Memorial &#8211; Muzeumi Komb\u00ebtar, 9\/11- Ajo q\u00eb ndryshoi gjith\u00e7ka ! BEQIR SINA, Lower Manhhattan \u00a0Aty ku 11 vjet\u00eb m\u00eb par\u00eb qendronin Dy Kullat Binjake simbol i ekonomis\u00eb s\u00eb fuqishme amerikane, do t\u00eb ngrihen 7&hellip;<\/p>\n","protected":false},"author":1,"featured_media":0,"comment_status":"open","ping_status":"open","sticky":false,"template":"","format":"standard","meta":{"footnotes":""},"categories":[3],"tags":[],"class_list":["post-1625","post","type-post","status-publish","format-standard","hentry","category-politike"],"_links":{"self":[{"href":"https:\/\/revistakuvendi.org\/index.php?rest_route=\/wp\/v2\/posts\/1625","targetHints":{"allow":["GET"]}}],"collection":[{"href":"https:\/\/revistakuvendi.org\/index.php?rest_route=\/wp\/v2\/posts"}],"about":[{"href":"https:\/\/revistakuvendi.org\/index.php?rest_route=\/wp\/v2\/types\/post"}],"author":[{"embeddable":true,"href":"https:\/\/revistakuvendi.org\/index.php?rest_route=\/wp\/v2\/users\/1"}],"replies":[{"embeddable":true,"href":"https:\/\/revistakuvendi.org\/index.php?rest_route=%2Fwp%2Fv2%2Fcomments&post=1625"}],"version-history":[{"count":1,"href":"https:\/\/revistakuvendi.org\/index.php?rest_route=\/wp\/v2\/posts\/1625\/revisions"}],"predecessor-version":[{"id":1627,"href":"https:\/\/revistakuvendi.org\/index.php?rest_route=\/wp\/v2\/posts\/1625\/revisions\/1627"}],"wp:attachment":[{"href":"https:\/\/revistakuvendi.org\/index.php?rest_route=%2Fwp%2Fv2%2Fmedia&parent=1625"}],"wp:term":[{"taxonomy":"category","embeddable":true,"href":"https:\/\/revistakuvendi.org\/index.php?rest_route=%2Fwp%2Fv2%2Fcategories&post=1625"},{"taxonomy":"post_tag","embeddable":true,"href":"https:\/\/revistakuvendi.org\/index.php?rest_route=%2Fwp%2Fv2%2Ftags&post=1625"}],"curies":[{"name":"wp","href":"https:\/\/api.w.org\/{rel}","templated":true}]}}