{"id":1305,"date":"2012-07-17T15:26:48","date_gmt":"2012-07-17T15:26:48","guid":{"rendered":"http:\/\/revistakuvendi.org\/?p=1305"},"modified":"2012-07-17T15:26:48","modified_gmt":"2012-07-17T15:26:48","slug":"na-torturuan-baballaret-e-atyre-qe-drejtojne-sot-ps-ne","status":"publish","type":"post","link":"https:\/\/revistakuvendi.org\/?p=1305","title":{"rendered":"Na torturuan baballar\u00ebt e atyre q\u00eb drejtojn\u00eb sot PS-n\u00eb"},"content":{"rendered":"<p>Bashkim Fishta: Na torturuan baballar\u00ebt e atyre q\u00eb drejtojn\u00eb sot PS-n\u00eb<\/p>\n<p><strong><a title=\"http:\/\/www.gazetametropol.com\/wp-content\/uploads\/2012\/07\/bashkim-fishta.jpg\" href=\"http:\/\/www.gazetametropol.com\/wp-content\/uploads\/2012\/07\/bashkim-fishta.jpg\" rel=\"nofollow\" target=\"_blank\"><img loading=\"lazy\" decoding=\"async\" title=\"http:\/\/www.gazetametropol.com\/wp-content\/uploads\/2012\/07\/bashkim-fishta.jpg\" src=\"http:\/\/www.gazetametropol.com\/wp-content\/uploads\/2012\/07\/bashkim-fishta.jpg\" alt=\"http:\/\/www.gazetametropol.com\/wp-content\/uploads\/2012\/07\/bashkim-fishta.jpg\" width=\"243\" height=\"199\" \/><\/a>Rr\u00ebfimi i nj\u00ebrit prej heronjve t\u00eb revolt\u00ebs s\u00eb Qaf\u00ebs s\u00eb Barit<\/strong><\/p>\n<p id=\"yui_3_2_0_1_1360764907643145\">Nj\u00ebri nga heronjt\u00eb e revolt\u00ebs s\u00eb Qaf\u00ebs s\u00eb Barit, Bashkim Fishta, gjat\u00eb nj\u00eb intervist\u00eb p\u00ebr emisionin \u201cFokus\u201d t\u00eb gazetarit Robert Papa risolli n\u00eb kujtes\u00eb torturat dhe hetuesin\u00eb pas k\u00ebsaj revolte. Ajo \u00e7far\u00eb t\u00eb binte n\u00eb sy, pa dashur t\u00eb sfumohen torturat p\u00ebr t\u00eb gjith\u00eb familjar\u00ebt dhe t\u00eb af\u00ebrmit e pjes\u00ebmarr\u00ebsve n\u00eb revolt\u00eb, n\u00eb rr\u00ebfimin e Fisht\u00ebs ishte pik\u00ebrisht akuza ndaj drejtuesve t\u00eb PS-s\u00eb. <!--more-->Sipas tij, revoltuesit u torturuan nga baballar\u00ebt e atyre q\u00eb drejtojn\u00eb sot PS-n\u00eb. N\u00eb intervist\u00ebn e tij Fishta sqaroi m\u00ebnyr\u00ebn se si u fut\u00ebn n\u00eb grack\u00eb nga regjimi i asaj kohe, duke stimuluar si ikjen jasht\u00eb vendi, ashtu dhe ngritjen e akuzave fiktive ndaj personit t\u00eb tij dhe t\u00eb arrestuarve t\u00eb tjer\u00eb si bashkautor\u00eb. \u201cPilo Peristeri n\u00eb at\u00eb koh\u00eb ishte drejtori i Uzin\u00ebs s\u00eb Traktor\u00ebve. Si\u00e7 ishte gjith\u00eb jeta politike n\u00eb Shqip\u00ebri ishte dhe aty, pak e st\u00ebrholluar. Kishin filluar k\u00ebto propaganda. Para se t\u00eb nd\u00ebrtojn\u00eb nj\u00eb vep\u00ebr t\u00eb pyesnin popullin, marrin mendimin e popullit, kjo loj\u00eb e t\u00eb pyeturit popullit kushtonte shum\u00eb, kjo ishte hilja q\u00eb nuk arrit\u00ebm ta kuptonim. Un\u00eb rash\u00eb brenda n\u00eb grack\u00eb\u201d, \u2013 u shpreh Fishta. Sipas tij, b\u00ebhej fjal\u00eb p\u00ebr ngritjen e nj\u00eb furre buke hungareze, p\u00ebr t\u00eb cil\u00ebn ai kund\u00ebrshtoi, pasi e kthente vendin prapa n\u00eb koh\u00eb, duke propozuar teknologjin\u00eb italiane, propozim i cili u keqinterpretua. \u201cMe at\u00eb fabrik\u00eb do t\u00eb ktheheshim prap\u00eb duke shtypur brumin me k\u00ebmb\u00eb p\u00ebr t\u00eb b\u00ebr\u00eb buk\u00eb p\u00ebr popullin. \u00c7far\u00eb mendon ti?\u201d \u2013 me tha Piloja. \u201cKa n\u00eb Itali fabrik\u00eb p\u00ebr prodhimin e buk\u00ebs q\u00eb punojn\u00eb vet\u00ebm 45 pun\u00ebtor\u00eb shum\u00eb e automatizuar?\u201d \u2013 iu p\u00ebrgjigja un\u00eb. \u201cQen bir qeni! \u2013 m\u00eb tha. \u2013 Do t\u00eb na sjell\u00ebsh prap\u00eb italian\u00ebt k\u00ebtu t\u00eb na b\u00ebjn\u00eb si m\u00eb 1920-n apo 1939?\u201d \u2013 ma ktheu Piloja. Salla heshti. Ra darka dhe mbledhja mbaroi. Dy jav\u00eb rresht nuk kan\u00eb pushuar Sk\u00ebnder Malile, Shpresa Baska, nj\u00ebra shefe kuadri, tjetri sekretari i partis\u00eb i uzin\u00ebs, duke m\u00eb thirrur n\u00eb zyrat e tyre p\u00ebr t\u2019u k\u00ebrkuar falje p\u00ebr at\u00eb q\u00eb un\u00eb kisha th\u00ebn\u00eb. Pik\u00ebrisht kjo ishte. Q\u00eb tri dite p\u00ebrpara m\u00eb njofton nj\u00eb miku im se dit\u00ebn e h\u00ebn\u00eb do t\u00eb m\u00eb arrestonin dhe un\u00eb t\u00eb shtun\u00ebn mora rrug\u00ebn dhe ika\u201d, \u2013 b\u00ebri me dije Fishta, duke vijuar m\u00eb tej me zbardhjen e s\u00eb v\u00ebrtet\u00ebs p\u00ebr dit\u00ebt e zeza n\u00eb hetuesi.<\/p>\n<p>\u00a0<strong>&#8211; Nga Rr\u00ebsheni u d\u00ebnuat 25 vjet, ta l\u00ebm\u00eb p\u00ebr n\u00eb fund Rr\u00ebshenin. T\u2019u themi shikuesve, un\u00eb e di pak a shum\u00eb, se m\u00ebkati i Bashkim Fisht\u00ebs, si\u00e7 m\u00eb keni th\u00ebn\u00eb jeni arratis, je diku nga pjesa e Maqellar\u00ebs n\u00eb Peshkopi, sepse e njihje zon\u00ebn, se ishe me origjin\u00eb andej. E kaluat nat\u00ebn apo dit\u00ebn kufirin?<\/strong><\/p>\n<p>&#8211; Kufirin e kam kaluar rreth or\u00ebs 7 : 30 \u2013 8 :00 sa filloi muzgu.<\/p>\n<p><strong>&#8211; Dol\u00ebt n\u00eb krahun e Jugosllavis\u00eb?<\/strong><\/p>\n<p>&#8211; Dola duke qen\u00eb i nd\u00ebrgjegjsh\u00ebm se kisha kalu gardhin e rrethimit<\/p>\n<p><strong>&#8211; A kishit njer\u00ebz, kishit daj\u00ebn n\u00eb Dib\u00ebr t\u00eb Madhe?<\/strong><\/p>\n<p>&#8211; N\u00eb Dib\u00ebr t\u00eb Madhe kisha daj\u00ebn dhe mendoja t\u00eb shkoja direkte me mendimin p\u00ebr t\u00eb ikur diku n\u00eb Evrope.<\/p>\n<p><strong>&#8211; Tani keni kaluar n\u00eb tok\u00ebn jugosllave, jeni lodhur por jeni g\u00ebzuar q\u00eb keni ikur. Jam kurioz t\u00eb di \u00e7far\u00eb ndien njeriu q\u00eb po l\u00eb prind\u00ebrit.<\/strong><\/p>\n<p>&#8211; \u00cbsht\u00eb moment rr\u00ebqeth\u00ebs, sepse momentin q\u00eb un\u00eb kalova kufirin dhe brenda meje ishte krijuar besimi q\u00eb un\u00eb e kisha l\u00ebn\u00eb atdheun pas shpine. Ishte pik\u00ebrisht momenti q\u00eb un\u00eb e humba toruan, ishte pik\u00ebrisht momenti q\u00eb un\u00eb harrova at\u00eb q\u00eb qa kisha menduar q\u00eb mund t\u00eb veproja, si mund t\u00eb veproja, si do t\u00eb sillesha n\u00eb tok\u00ebn tjet\u00ebr, pavar\u00ebsisht se ka nj\u00eb em\u00ebr tjet\u00ebr nj\u00eb ligj tjet\u00ebr, nj\u00eb rregull tjet\u00ebr, nj\u00eb rregull tjet\u00ebr jetese t\u00eb kalimit t\u00eb atij territori. Un\u00eb pik\u00ebs\u00ebpari sa kalova euforin\u00eb. G\u00ebzimi i madh q\u00eb shp\u00ebtova.<\/p>\n<p><strong>&#8211; \u00c7far\u00eb njer\u00ebzish lat\u00eb n\u00eb Shqip\u00ebri?<\/strong><\/p>\n<p>&#8211; Lash\u00eb n\u00ebn\u00ebn, dy motrat, lash\u00eb dhe t\u00eb fejuar\u00ebn. Sapo ishim fejuar n\u00eb at\u00eb periudh\u00eb. Un\u00eb nuk kisha nd\u00ebr mend t\u00eb ikja, nuk e pata ushqyer asnj\u00ebher\u00eb k\u00ebt\u00eb iluzion gjat\u00eb rinis\u00eb sime sepse, tekefundit, nuk isha keq, nuk kisha ndonj\u00eb avantazh t\u00eb madh nuk m\u00eb kishin th\u00ebn\u00eb nj\u00eb post nj\u00eb gj\u00eb, po vazhdoja jet\u00ebn normale p\u00ebr aq sa kisha kapacitetet e mia. Duhet th\u00ebn\u00eb dhe duhet pranuar e drejta. Po \u00e7far\u00eb ndodhi mua?! Un\u00eb isha n\u00eb at\u00eb koh\u00eb ndihm\u00ebs dizinjator n\u00eb uzin\u00ebn e traktor\u00ebve, se duhet shpjeguar n\u00eb pak sekonda, n\u00ebse me lejon.<\/p>\n<p>Pilo Peristeri n\u00eb at\u00eb koh\u00eb ishte drejtori i Uzin\u00ebs s\u00eb Traktor\u00ebve. Si\u00e7 ishte gjith\u00eb jeta politike n\u00eb Shqip\u00ebri ishte dhe aty nj\u00eb cik i st\u00ebrholluar. Kishin filluar k\u00ebto propaganda. Para se t\u00eb nd\u00ebrtojn\u00eb nj\u00eb vep\u00ebr t\u00eb pyesnin popullin, marrin mendimin e popullit. Kjo loj\u00eb e t\u00eb pyeturit popullit kushtonte shum\u00eb. Kjo ishte hilja q\u00eb nuk arrit\u00ebm ta kuptonim. Un\u00eb rash\u00eb brenda n\u00eb grack\u00eb.<\/p>\n<p><strong>&#8211; \u00c7far\u00eb that\u00eb pak a shum\u00eb?<\/strong><\/p>\n<p id=\"yui_3_2_0_1_1360764907643144\">&#8211; Do rind\u00ebrtohej fabrika e buk\u00ebs n\u00eb Tiran\u00eb, se kishte propozuar Byroja Politike nj\u00eb fabrik\u00eb nga Hungaria ta blinte dhe ta vinte k\u00ebtu. Po ishte nj\u00eb fabrik\u00eb e nd\u00ebrtimit m\u00eb 1919. Un\u00eb, meq\u00eb punoja ndihm\u00ebsdizinjator, dhe nj\u00eb mjesht\u00ebr imi, Oran Zershati, kishte literatur\u00eb e po bisedonim privatisht. \u201cPo kjo \u00ebsht\u00eb shum\u00eb e vjet\u00ebr\u201d, \u2013 tha. Duke shfletuar literatur\u00ebn, shohim q\u00eb n\u00eb Bolonj\u00eb nd\u00ebrtoheshin fabrika t\u00eb s\u00eb nj\u00ebjt\u00ebs kapacitet prodhimi, po t\u00eb vitit 1961. Un\u00eb, duke rr\u00ebshqitur n\u00eb k\u00ebt\u00eb grack\u00eb q\u00eb kishte krijuar Partia e Pun\u00ebs, ngrita dor\u00ebn dhe thash\u00eb se isha dakord me k\u00ebt\u00eb propozim p\u00ebr nd\u00ebrtimin e fabrik\u00ebs hungareze, pasi ishte shum\u00eb e vjet\u00ebr. Me at\u00eb fabrik\u00eb do t\u00eb ktheheshim prap\u00eb duke shtypim brumin me k\u00ebmb\u00eb p\u00ebr t\u00eb b\u00ebr\u00eb buk\u00eb p\u00ebr popullin. \u201cFare mendon ti?\u201d- me tha Pilo. \u201cKa n\u00eb Itali fabrik\u00eb p\u00ebr prodhimin e buk\u00ebs q\u00eb punojn\u00eb vet\u00ebm 45 pun\u00ebtor\u00eb shum\u00eb e automatizuar\u201d, -iu p\u00ebrgjigja un\u00eb. \u201cQen bir qeni!- m\u00eb tha. \u2013 Do t\u00eb na sjell\u00ebs prap\u00eb italian\u00ebt k\u00ebtu t\u00eb na b\u00ebjn\u00eb si m\u00eb 1920-n dhe 1939-n?!\u201d- ma ktheu Piloja. Salla heshti. Ra darka dhe mbledhja mbaroi. Dy jav\u00eb rrjesht\u00eb nuk kan\u00eb pushuar Sk\u00ebnder Malile, Shpresa Baska, nj\u00ebra shefe kuadri, tjetri sekretari i partis\u00eb i uzin\u00ebs, duke m\u00eb thirrur n\u00eb zyrat e tyre p\u00ebr t\u2019u k\u00ebrkuar falje p\u00ebr at\u00eb q\u00eb un\u00eb kisha th\u00ebn\u00eb. Un\u00eb iu kund\u00ebrp\u00ebrgjigja duke i pohuar se nuk kisha th\u00ebn\u00eb asnj\u00eb t\u00eb keqe, se as nuk kisha shar\u00eb partin\u00eb as nuk kisha shar\u00eb asnjeri, thjesht kisha shprehur mendimin tim \u201cashtu si\u00e7 e thot\u00eb Partia\u201d.<\/p>\n<p><strong>&#8211; Nj\u00eb fjal\u00eb goje!\u2026<\/strong><\/p>\n<p>&#8211; Pik\u00ebrisht kjo ishte. Q\u00eb tri dite p\u00ebrpara m\u00eb njofton nj\u00eb miku im se dit\u00ebn e h\u00ebn\u00eb do t\u00eb m\u00eb arrestonin dhe un\u00eb t\u00eb shtun\u00ebn mora rrug\u00ebn dhe ika.<\/p>\n<p><strong>&#8211; Kur shkove n\u00eb Maqedoni, Jugosllavi, si rrodh\u00ebn ngjarjet?<\/strong><\/p>\n<p>&#8211; M\u00eb mor\u00ebn n\u00eb hetuesi: \u201cPse ke ikur?\u201d, \u201cQysh ke ikur?\u201d, \u201c\u00c7far\u00eb ke dashur?\u2026\u201d i shpjegova arsyet. M\u00eb mbajt\u00ebn 2 muaj dhe vendos\u00ebn t\u00eb m\u00eb kthejn\u00eb mbrapsht.<\/p>\n<p><strong>&#8211; Duhet ta kesh ndier veten keq apo jo?<\/strong><\/p>\n<p>&#8211; Nuk e di, pasi nuk trembem kollaj, vet\u00ebm kur e pash veten n\u00eb Qaf\u00ebthan\u00eb e ndjeva veten ngusht\u00eb. E kuptova q\u00eb isha n\u00eb tok\u00eb shqiptare, pasi pash\u00eb matan\u00eb boshll\u00ebkut, qe ishte zona neutrale, flamurin ton\u00eb. Nuk e kam par\u00eb veten m\u00eb keq n\u00eb ato moment dhe aty u demoralizova shum\u00eb. Nuk derdha lot, fatmir\u00ebsisht, por kisha mbaruar se qeni Bashkim Fishta. Nuk arsyetoja m\u00eb n\u00eb k\u00ebt\u00eb drejtim.<\/p>\n<p><strong>&#8211; Kush t\u00eb mori n\u00eb dor\u00ebzim?<\/strong><\/p>\n<p>&#8211; M\u00eb ka marr\u00eb Isa Halili n\u00eb dor\u00ebzim nga autoritet jugosllave si nj\u00eb cop\u00eb kapote, q\u00eb mund ta gjuash pa gj\u00eb brenda. Nj\u00eb zhg\u00ebnjim i madh, nj\u00eb deziluzion q\u00eb gjat\u00eb rrug\u00ebs p\u00ebr t\u2019u kthyer n\u00eb Tirane do ta paguaja shtrenjt\u00eb, n\u00eb qoft\u00eb se s\u2019do kishte ndodhur. Nuk e di se si, po le t\u00eb kthehemi n\u00eb momentin q\u00eb kaluam n\u00eb territorin shqiptare. Ishte nj\u00eb shofer i Ministris\u00eb s\u00eb Brendshme, q\u00eb e kishim komshi n\u00eb Tiran\u00eb. I thot\u00eb Isa Halili: \u201cV\u00ebri hekurat!\u201d. Nd\u00ebrhyn shoferi e i thot\u00eb: \u201cShoku Isa, t\u2019ia v\u00ebm\u00eb para hekurat, se mbrapa m\u00eb gris sediljet e makin\u00ebs.\u201d Megjith\u00ebse e kisha humb pak toruan, kjo th\u00ebnie m\u00eb zgjoji pak. \u201cO sa posht\u00eb! Nuk vlekam as sa nj\u00eb sedilje makine!\u201d \u2013 mendova. U m\u00ebrzita. Aty pastaj harrova arrestimin, pse m\u00eb vun\u00eb hekurat p\u00ebr t\u00eb m\u00eb pushkatuar. Nuk e di \u00e7far\u00eb kishin n\u00eb mendje, krim ndaj atdheut. I harrova t\u00eb gjitha. Me rryente nga brenda kjo pavler\u00ebsia ime.<\/p>\n<p>\u201cHipim n\u00eb makin\u00eb\u201d, \u2013 m\u00eb than\u00eb. M\u00eb vendos\u00ebn mbrapa shoferit. Un\u00eb, polici me automatik dhe Isa Halili p\u00ebrpara. Duke b\u00ebr\u00eb kthesat e Qaf\u00ebs s\u00eb K\u00ebrrab\u00ebs, kam menduar t\u2019i kaloja harkun e hekurave me duar shoferit n\u00eb qaf\u00eb dhe pastaj b\u00ebnte rrug\u00ebn e vet makina deri n\u00eb gremin\u00eb. Qafa e K\u00ebrrab\u00ebs \u00ebsht\u00eb shum\u00eb e tmerrshme.<\/p>\n<p><strong>&#8211; \u00c7far\u00eb ju frenoi ta hidhnin makin\u00ebn n\u00eb gremin\u00eb dhe t\u00eb vdisnit t\u00eb gjith\u00eb, ju shoferi, polici dhe sigurmsi mizor?<\/strong><\/p>\n<p>&#8211; Nuk e di. Un\u00eb besoj te Zoti, dhe pse nuk kam qen\u00eb asnj\u00ebher\u00eb praktikant, sepse nuk na lan\u00eb, nuk na lan\u00eb si shumica e shqiptareve. Po un\u00eb besoj se t\u00eb gjith\u00eb rrjedh\u00ebn, n\u00eb t\u00eb gjith\u00eb ecjen time kam di\u00e7ka superiore mbi kok\u00eb, q\u00eb m\u00eb ka mbrojtur, m\u00eb ka drejtuar. Nuk gj\u00eb tjet\u00ebr \u00e7far\u00eb t\u00eb them, sepse e kam provuar n\u00eb disa rrethana de\u00e7izive e shum\u00eb t\u00eb tjera se nuk \u00ebsht\u00eb forca ime fizike q\u00eb m\u00eb ka shp\u00ebtuar, por \u00ebsht\u00eb nj\u00eb forc\u00eb madhore q\u00eb m\u00eb ka shp\u00ebtuar. Jam zgjuar nga ky mendim, q\u00eb vet\u00ebm mendoja p\u00ebr t\u00eb vrar\u00eb, por nuk veprova. U zgjova n\u00eb repartin 313. Rrug\u00ebn se si m\u00eb kan\u00eb \u00e7uar nuk e mbaj mend, nuk shikoja njeri, nuk e di se \u00e7far\u00eb ndodhi, n\u00eb k\u00ebto momente psikologjike t\u00eb njeriut t\u00eb pakt\u00ebn un\u00eb nuk jam n\u00eb gjendje t\u00eb shpjegoj dhe p\u00ebrfundova n\u00eb biruc.<\/p>\n<p><strong>&#8211; M\u00eb that\u00eb q\u00eb ndenj\u00ebt 9 muaj n\u00eb hetuesi\u2026<\/strong><\/p>\n<p>&#8211; Po, n\u00eb hetuesi, po nuk kuptova, nuk e kuptoj vet\u00ebm q\u00eb isha arratis, k\u00ebrkoheshin njer\u00ebzit kush di me k\u00eb ke fol. T\u00eb merreshin grupe, krijoheshin grupe k\u00ebtu ishte pik\u00eb synimi.<\/p>\n<p><strong>&#8211; Po t\u00eb ishe i dob\u00ebt n\u00eb karakter, mund t\u00eb nxirrnit ndonj\u00eb em\u00ebr nga torturat. Ju e keni kaluar prov\u00ebn dhe duhet t\u00eb jeni krenar, po t\u00eb gjith\u00eb ne q\u00eb s\u2019e kemi kaluar k\u00ebt\u00eb prove s\u2019flasim dot n\u00eb \u00ebsht\u00eb e tmerrshme.<\/strong><\/p>\n<p>&#8211; Ashtu \u00ebsht\u00eb. \u00cbsht\u00eb shum\u00eb e v\u00ebshtir\u00eb. Mua m\u00eb soll\u00ebn kunatin tim vet\u00ebm. P\u00ebr faktin q\u00eb un\u00eb kisha kaluar nga Dibra, atestuan 10 veta, 10 veta munde t\u2019i ken\u00eb arrestuar n\u00eb Maqellar\u00eb, d.m.th. fshatin ku kisha lindur un\u00eb. Vet\u00ebm kunati thot\u00eb po, se faktikisht un\u00eb e pata biseduar me t\u00eb n\u00eb ato dy dit\u00eb: \u201cM\u00eb jep rrug\u00eb zgjedhje, \u00e7far\u00eb mendimi ke?\u201d \u201cDo vij dhe un\u00eb tha m\u00eb ty\u201d. Nuk erdhi absolutisht, po vet\u00ebm nga torturat q\u00eb ka ashtu, un\u00eb e kam pas dit\u00eb , e d\u00ebnuan 3 vjet.<\/p>\n<p><strong>&#8211; Po ai t\u00eb pakt\u00ebn nuk t\u00eb ka spiunuar, prap\u00eb e d\u00ebnuan. Me t\u00eb fejuar\u00ebn \u00e7far\u00eb ndodhi, n\u00eb qoft\u00eb se m\u00eb lejon t\u00eb pyes.<\/strong><\/p>\n<p id=\"yui_3_2_0_1_1360764907643141\">&#8211; E pranoj me k\u00ebnaq\u00ebsi se \u00ebsht\u00eb pjes\u00eb e jet\u00ebs sime. Gjat\u00eb hetuesis\u00eb b\u00ebra nj\u00eb loj\u00eb t\u00eb vog\u00ebl me Isa Halilin se m\u00eb tha q\u00eb e kishte paguar shtrenjt\u00eb, po nuk b\u00ebhem pishman. M\u00eb tha: \u201cDo m\u00eb tregosh shok\u00ebt q\u00eb ke pas k\u00ebtu, qe keni biseduar p\u00ebr arratisjen, se ti ke qen\u00eb djali i shkath\u00ebt. Ke pasur jet\u00eb kulturore n\u00eb Uzin\u00ebn e Traktor\u00ebve e 1400 t\u00eb rinj\u2026\u201d Arsyeja pse Pilo Pelisteri shkoi n\u00eb jugosllavi se dua Bashkim Fisht\u00ebn k\u00ebtu se ua nd\u00ebrprer\u00eb energjin\u00eb elektrike, kjo ka qen\u00eb premtimi i qeveris\u00eb shqiptare kundrejt qeveris\u00eb jugosllave, q\u00eb un\u00eb, qeveria jon\u00eb, u pret furnizimin me energjin\u00eb elektrike q\u00eb merrte nga Fierz\u00eb n\u00eb qoft\u00eb se nuk m\u00eb ktheni Bashkim Fisht\u00ebn, se ka ekzistuar, si\u00e7 doli nga zhvillimi i gjyqit, Pilo Pelisteri se n\u00eb Uzin\u00ebn e Traktor\u00ebve m\u2019u b\u00eb gjyqi. Vendimi \u00ebsht\u00eb marr\u00eb n\u00eb gazhin\u00eb. Shikoje \u00e7far\u00eb gjyqi, \u00e7far\u00eb false!.<\/p>\n<p>&#8211; Duartrokitin kund\u00ebr teje?<\/p>\n<p>&#8211; Jo, vet\u00ebm 2 \u2013 3 veta q\u00eb k\u00ebrkuan varje nga pun\u00ebtoret, jo pun\u00ebtor\u00eb, ishte p\u00ebrgjegj\u00ebs reparti. Baki Baholli u ngrit me t\u00eb madhe dhe k\u00ebrkoi varje k\u00ebtu n\u00eb oborr q\u00eb t\u00eb merrni shembull e gjith\u00eb rinia. Gjithsesi jan\u00eb gj\u00ebra t\u00eb kaluara.<\/p>\n<p><strong>&#8211; Po me t\u00eb fejuar\u00ebn?<\/strong><\/p>\n<p>&#8211; N\u00eb hetuesi Isa Halilit i thash\u00eb q\u00eb do t\u2019ia tregoja t\u00eb gjitha ato q\u00eb kam\u00eb, n\u00eb qoft\u00eb se ai m\u00eb sillte babain e t\u00eb fejuar\u00ebs sime. Kisha qejf ta shikoja dhe t\u00eb bisedoja me t\u00eb. \u201cGj\u00eb q\u00eb b\u00ebhet, si t\u00eb duash\u201d, \u2013 m\u00eb tha. Mbas tri dit\u00ebsh ma solli t\u00eb atin e saj, nj\u00eb burr\u00eb zakoni. I thash\u00eb q\u00eb e kisha thirrur p\u00ebr t\u2019i th\u00ebn\u00eb dy fjal\u00eb. \u201cUn\u00eb nuk ika p\u00ebr t\u00eb tradhtuar goc\u00ebn t\u00ebnde, rrethanat e mia do t\u2019i marr\u00ebsh vesh m\u00eb von\u00eb, se nuk kam \u00e7far\u00eb t\u00eb shpjegoj. Un\u00eb kam ikur p\u00ebr arsye t\u00eb mia shum\u00eb t\u00eb forta dhe p\u00ebr k\u00ebt\u00eb t\u00eb k\u00ebrkoj falje dhe nga ky moment q\u00eb ne po flasim bashk\u00eb un\u00eb e kam liruar goc\u00ebn t\u00ebnde. Dua t\u00eb k\u00ebrkosh divorcin shpejt\u201d, \u2013 i thash\u00eb t\u00eb atit t\u00eb fejuar\u00ebs sime. Ai m\u2019u p\u00ebrgjigj q\u00eb jo, pasi vajz\u00ebn e kishte martuar vet\u00ebm nj\u00eb her\u00eb dhe donte ta shihte ashtu deri sa t\u00eb vdiste. N\u00eb at\u00eb moment un\u00eb k\u00ebmb\u00ebngula q\u00eb t\u00eb vepronte ashtu si\u00e7 i thash\u00eb, pasi un\u00eb nuk dilja i gjall\u00eb nga burgu. Aty kishin ikur burra me mustaqe duke qar\u00eb dhe kan\u00eb ndenjur dy vjet e gjysm\u00eb p\u00ebr shkuror\u00ebzim. Gjithsesi, kthehemi te premtimi q\u00eb i b\u00ebra Isa Halilit. Sa iku vjehrri, q\u00eb e kujtoj me plot respekt familjen e tyre. Isai m\u00eb tha q\u00eb t\u00eb vazhdonim bised\u00ebn q\u00eb kishim l\u00ebn\u00eb p\u00ebrgjysm\u00eb. Un\u00eb iu p\u00ebrgjigja se nuk kisha asgj\u00eb p\u00ebr t\u2019i th\u00ebn\u00eb dhe se kisha problem sa t\u00eb vinte vjehrri. N\u00eb at\u00eb moment ai u acarua shum\u00eb. N\u00eb t\u00eb tilla raste hetuesit nuk t\u00eb godasin, por sjellin persona nga jasht\u00eb. Isai u acarua aq shum\u00eb, sa m\u00eb rrahu vet ai, me duar e tij. Un\u00eb isha i lidhur n\u00eb karrige dhe ai harxhoi t\u00eb t\u00ebr\u00eb fuqin\u00eb e tij duke m\u00eb goditur. Kur po m\u00eb rrihte, ai thoshte me t\u00eb madhe se si ia kisha punuar n\u00eb at\u00eb m\u00ebnyr\u00eb, se si e mashtrova. Inatin m\u00eb t\u00eb madh e kishte pasi ai m\u00eb konsideronte mua nj\u00eb injorant dhe e kisha b\u00ebr\u00eb p\u00ebr budalla.<\/p>\n<p><strong>&#8211; Po torturat pas revolt\u00ebs s\u00eb Qaf\u00ebs s\u00eb Barit?<\/strong><\/p>\n<p>&#8211; Kat\u00ebr veta i pushkatuan aty menj\u00ebher\u00eb. Kishte ardhur Aranit \u00c7ela. U b\u00eb gjyq rrufe. Ne na lidh\u00ebn dhe na hip\u00ebn n\u00eb makina. Hetuesia na u b\u00eb n\u00eb Tiran\u00eb. Un\u00eb kam qen\u00eb tifoz futbolli dhe kisha simpati p\u00ebr Medi Bushatin, por jam zhg\u00ebnjyer, sepse un\u00eb ia fala policit q\u00eb na dhunonte n\u00eb burg, por jo Mehdi Bushatit. Ai ishte elegant n\u00eb fush\u00eb, por shum\u00eb mizor dhe kriminel. Gjat\u00eb torturave m\u00eb ka thyer gjith\u00eb dh\u00ebmb\u00ebt e goj\u00ebs, vet\u00ebm kat\u00ebr dh\u00ebmb\u00eb m\u00eb mbet\u00ebn n\u00eb goj\u00eb. Nuk e harroj kriminelin Mehdi Bushati.<\/p>\n<p><strong><em>Metropol,17 Korrik 2012<\/em><\/strong><\/p>\n","protected":false},"excerpt":{"rendered":"<p>Bashkim Fishta: Na torturuan baballar\u00ebt e atyre q\u00eb drejtojn\u00eb sot PS-n\u00eb Rr\u00ebfimi i nj\u00ebrit prej heronjve t\u00eb revolt\u00ebs s\u00eb Qaf\u00ebs s\u00eb Barit Nj\u00ebri nga heronjt\u00eb e revolt\u00ebs s\u00eb Qaf\u00ebs s\u00eb Barit, Bashkim Fishta, gjat\u00eb nj\u00eb intervist\u00eb p\u00ebr emisionin \u201cFokus\u201d t\u00eb gazetarit Robert Papa risolli n\u00eb kujtes\u00eb torturat dhe hetuesin\u00eb pas k\u00ebsaj revolte. Ajo \u00e7far\u00eb t\u00eb&hellip;<\/p>\n","protected":false},"author":1,"featured_media":0,"comment_status":"open","ping_status":"open","sticky":false,"template":"","format":"standard","meta":{"footnotes":""},"categories":[3],"tags":[],"class_list":["post-1305","post","type-post","status-publish","format-standard","hentry","category-politike"],"_links":{"self":[{"href":"https:\/\/revistakuvendi.org\/index.php?rest_route=\/wp\/v2\/posts\/1305","targetHints":{"allow":["GET"]}}],"collection":[{"href":"https:\/\/revistakuvendi.org\/index.php?rest_route=\/wp\/v2\/posts"}],"about":[{"href":"https:\/\/revistakuvendi.org\/index.php?rest_route=\/wp\/v2\/types\/post"}],"author":[{"embeddable":true,"href":"https:\/\/revistakuvendi.org\/index.php?rest_route=\/wp\/v2\/users\/1"}],"replies":[{"embeddable":true,"href":"https:\/\/revistakuvendi.org\/index.php?rest_route=%2Fwp%2Fv2%2Fcomments&post=1305"}],"version-history":[{"count":1,"href":"https:\/\/revistakuvendi.org\/index.php?rest_route=\/wp\/v2\/posts\/1305\/revisions"}],"predecessor-version":[{"id":1306,"href":"https:\/\/revistakuvendi.org\/index.php?rest_route=\/wp\/v2\/posts\/1305\/revisions\/1306"}],"wp:attachment":[{"href":"https:\/\/revistakuvendi.org\/index.php?rest_route=%2Fwp%2Fv2%2Fmedia&parent=1305"}],"wp:term":[{"taxonomy":"category","embeddable":true,"href":"https:\/\/revistakuvendi.org\/index.php?rest_route=%2Fwp%2Fv2%2Fcategories&post=1305"},{"taxonomy":"post_tag","embeddable":true,"href":"https:\/\/revistakuvendi.org\/index.php?rest_route=%2Fwp%2Fv2%2Ftags&post=1305"}],"curies":[{"name":"wp","href":"https:\/\/api.w.org\/{rel}","templated":true}]}}