{"id":1301,"date":"2012-07-16T23:02:38","date_gmt":"2012-07-16T23:02:38","guid":{"rendered":"http:\/\/revistakuvendi.org\/?p=1301"},"modified":"2012-07-16T23:02:38","modified_gmt":"2012-07-16T23:02:38","slug":"inagurohet-nje-dege-e-re-e-vatres","status":"publish","type":"post","link":"https:\/\/revistakuvendi.org\/?p=1301","title":{"rendered":"Inagurohet nje  deg\u00eb e re e Vatr\u00ebs&#8230;"},"content":{"rendered":"<div><span style=\"font-size: large;\"><br \/>\n<a href=\"http:\/\/revistakuvendi.org\/wp-content\/uploads\/2012\/07\/Vatra31.jpg\"><img loading=\"lazy\" decoding=\"async\" class=\"alignleft size-full wp-image-1303\" title=\"Vatra3\" src=\"http:\/\/revistakuvendi.org\/wp-content\/uploads\/2012\/07\/Vatra31.jpg\" alt=\"\" width=\"717\" height=\"478\" srcset=\"https:\/\/revistakuvendi.org\/wp-content\/uploads\/2012\/07\/Vatra31.jpg 717w, https:\/\/revistakuvendi.org\/wp-content\/uploads\/2012\/07\/Vatra31-300x200.jpg 300w\" sizes=\"auto, (max-width: 717px) 100vw, 717px\" \/><\/a>N\u00eb New York, inagurohet dega e re e Vatr\u00ebs, q\u00eb p\u00ebrfaq\u00ebson Qarkun Hudson Valley<!--more--><\/span><\/p>\n<p><strong>BEQIR SINA, Hudson Valley<\/strong><\/p>\n<p><strong><em> Vatran\u00ebt dhe dashamir\u00eb t\u00eb k\u00ebsaj organizate m\u00eb t\u00eb vjet\u00ebr n\u00eb komunitet, treguan nj\u00eb mb\u00ebshtetje tejet t\u00eb madhe n\u00eb nism\u00ebn e grupit iniciator\u00eb p\u00ebr krijimin e k\u00ebsaj dege, e cila do t\u00eb punoj\u00eb me vullnet dhe p\u00ebrkushtim p\u00ebr \u00e7\u00ebshtjen ton\u00eb komb\u00ebtar<\/em><\/strong><\/div>\n<div><\/div>\n<div id=\"yui_3_2_0_1_1360705330373234\">\n<p><strong> HUDSON VALLEY NY:<\/strong> Procesi i riorganizimit t\u00eb Vatr\u00ebs, q\u00eb nisi me rastin e 100 vjetorit t\u00eb themelimit t\u00eb saj, \u00ebsht\u00eb shtrir\u00eb edhe n\u00eb New York, aty Vatra ka tani baz\u00ebn e saj. Pas krijimit t\u00eb degeve t\u00eb saj n\u00eb Michigan, Washington, New Jersey dhe Florida, u krijua edhe dega e re e Qarkut Hudson Valley. N\u00eb k\u00ebto kushte, dje n\u00eb \u00ebsht\u00eb krijuar dega e Federat\u00ebs PanShqiptare t\u00eb Amerik\u00ebs VATRA, p\u00ebr Qarkun e Hudson Valley, e cila p\u00ebrfshin zon\u00ebn e eperme t\u00eb New Yorkut, dhe do t\u00eb udh\u00ebhiqet nga z Elmi Berisha, ish p\u00ebrfaq\u00ebsues i Presidentit t\u00eb Kosov\u00ebs dr. Ibrahim Rugova, n\u00eb ish Zyr\u00ebn e ambasadorit t\u00eb nderit t\u00eb Kosov\u00ebs n\u00eb Amerik\u00eb, Bob Dole, veprimtar\u00eb i dalluar i komunitetit p\u00ebr dekada.<\/p>\n<p>Dhjetra veprimtar\u00eb t\u00eb njohur t\u00eb komunitetit, dje i jan\u00eb bashkuar iniisiativ\u00ebs s\u00eb zotit Elmi Berisha, Anton Rajas, G\u00ebzim Nika, Lon Gjoni dhe z. Simon Qafa, ku kan\u00eb zhvilluar nj\u00eb takim, n\u00eb t\u00eb cilin me vota t\u00eb fshehta \u00ebsht\u00eb zgjedhur dhe nj\u00eb kryesi e shtat\u00eb an\u00ebtareve, e cila do t\u00eb marr\u00eb p\u00ebrsip\u00ebr organizmin zyrtar t\u00eb k\u00ebsaj dege me n\u00eb krye zotin Elmi Berisha.<\/p>\n<p>Me k\u00ebt\u00eb rast, Z. Berisha, u shpreh se kjo Deg\u00eb, u p\u00ebrket t\u00eb gjith\u00eb shqiptar\u00ebve dhe do t\u00eb shtrij\u00eb aktivitetin e saj &#8211; sipas mund\u00ebsisve n\u00eb t\u00eb gjith\u00eb diaspor\u00ebn, duke iu p\u00ebrmbajtur gjithmon principeve t\u00eb Koanunores s\u00eb Vatr\u00ebs.<\/p>\n<p>Nd\u00ebrkoh\u00eb, edhe vatran\u00ebt e tjer\u00eb, pjesmarr\u00ebs n\u00eb inagurimin e k\u00ebsaj dege; kryetari i saj Dr Gjon Bu\u00e7aj, n\u00ebn\/kryetari Agim Rexhaj, editori Dalip Greca, dhe dashamir\u00eb t\u00eb k\u00ebsaj organizate m\u00eb t\u00eb vjet\u00ebr n\u00eb komunitet, organizat q\u00eb para dy mujave n\u00eb m\u00ebnyr\u00eb madh\u00ebshtore, e festoj\u00eb 100 vjetorin e themelimit t\u00eb saj, treguan nj\u00eb mb\u00ebshtetje tejet t\u00eb madhe n\u00eb nism\u00ebn e grupit iniciator\u00eb p\u00ebr krijimin e k\u00ebsaj dege, e cila sic u angazhua do t\u00eb punoj\u00eb me vullnet dhe p\u00ebrkushtim p\u00ebr \u00e7\u00ebshtjen ton\u00eb komb\u00ebtar. &#8220;K\u00ebt\u00eb deg\u00eb tha zoti Berisha do t&#8217;a p\u00ebrfaq\u00ebsojn\u00eb personalitete t\u00eb spikatura t\u00eb profileve t\u00eb ndryshme n\u00eb komunitet, njer\u00ebz t\u00eb cil\u00ebt edhe m\u00eb para e kan d\u00ebshmuar veten n\u00eb kontributin e tyre, q\u00eb kan dh\u00ebn\u00eb n\u00eb \u00e7\u00ebshtjen komb\u00ebtare.&#8221;<\/p>\n<p>N\u00eb k\u00ebt\u00eb takim t\u00eb par\u00eb mor\u00ebn pjes\u00eb dhejtra vet\u00eb, kryetari i Vatr\u00ebs dr Gjon Bu\u00e7aj, dhe n\u00ebnkryetari i saj zoti Agim Rexhaj, editori i gazet\u00ebs Dielli, z Dalip Greca, an\u00ebtar\u00ebt e kryesis\u00eb s\u00eb Vatr\u00ebs, z. Marijan Cubi, Zef P\u00ebrndocaj, Zabit Byty\u00e7i, Sejdi Husenaj, Jonuz Ndreu, Dem\u00eb Balidemaj, Zef Balaj, veprimtar\u00ebt Bajram Kabashi, Isa Brija , Sheriff Neza, dhe t\u00eb tjer\u00eb. Mori pjes\u00eb edhe Konsulli i P\u00ebrgjithsh\u00ebm i Shqip\u00ebris\u00eb n\u00eb New York, zoti Dritan Mishto.<\/p>\n<p>N\u00eb cil\u00ebsin\u00eb e kryetarit t\u00eb k\u00ebsaj dege zoti Elmi Berisha, n\u00eb fillim t\u00eb fjal\u00ebs s\u00eb tij, theksoi se p\u00ebrfitoj\u00eb t\u00eb falemnderoj\u00eb me k\u00ebt\u00eb rast, t\u00eb gjith\u00eb vatran\u00ebt dhe dashimr\u00ebt t\u00eb Vatr\u00ebs, kryetarin e Vatr\u00ebs dr. Gjon Bu\u00e7aj dhe n\u00ebnkryetarin e saj zotin Agim Rexhaj, me t\u00eb cilin na lidhin dekadat e fundit shum\u00eb gj\u00ebra t\u00eb p\u00ebrbashk\u00ebta. Me zotin Rexhaj kemi punuar s\u00eb bashku me t\u00eb nj\u00ebjt\u00ebn filozfi &#8211; at\u00eb filozofin q\u00eb sh\u00ebnd\u00ebrriti p\u00ebr \u00e7lirimin e Kosov\u00ebs, liririn e saj, pavar\u00ebsin\u00eb dhe demokracin\u00eb, t\u00eb v\u00ebn\u00eb n\u00eb jet\u00eb nga presidenti historik i Kosov\u00ebs, i ndjeri Dr. Ibrahim Rugova, por, q\u00eb edhe koh\u00eb t\u00eb gjat\u00eb ne na kan lidhur ideale t\u00eb p\u00ebrbashk\u00ebta, p\u00ebr t\u00eb mir\u00ebn e kombit ton\u00eb, tha Berisha.<\/p>\n<p>Duke folur p\u00ebr veprimtarin\u00eb n\u00eb komunitet, zoti Berisha tha se &#8221; Ajo q\u00eb m\u00eb motivon m\u00eb shum\u00eb, \u00ebsht\u00eb se kjo fillozofi e nisur nga presidenti yn\u00eb historik &#8211; Rugova, q\u00eb do t\u00eb vazhdoj\u00eb duke na shtyr\u00eb, q\u00eb t\u00eb b\u00ebjm\u00eb edhe m\u00eb shum\u00eb pun\u00eb p\u00ebr vendin ton\u00eb, dhe p\u00ebr veten ton\u00eb. duke mendur dhe pak me ndryshe:&#8221; T\u00eb mendojm\u00eb dhe t\u00eb p\u00ebrkushtohemi me t\u00eb gjitha energjit\u00eb tona se si t&#8217;i integrojm\u00eb f\u00ebmij\u00ebt tan\u00eb dhe familjet tona n\u00eb ato q\u00eb ne kemi b\u00ebr\u00eb me vite ose \u00e7far\u00eb b\u00ebn\u00eb burrat e m\u00ebdh\u00ebnj\u00eb t\u00eb kombit ton\u00eb, sidomos k\u00ebtu n\u00eb m\u00ebrgim vite t\u00eb shkuara&#8221;<\/p>\n<p>&#8220;Pra, tha zoti Elmi Berisha, me krijimin e k\u00ebsaj dege, \u00ebsht\u00eb p\u00ebrfshirja e jon\u00eb n\u00eb \u00e7\u00ebshtjen ton\u00eb komb\u00ebtare, sikurse me krijimin e deg\u00ebs s\u00eb Vatr\u00ebs n\u00eb k\u00ebt\u00eb zon\u00eb t\u00eb New Yorkut, ku jetojn\u00eb nj\u00eb num\u00ebr i konsiderueshem shqiptar\u00ebsh, atdhetar e patriot t\u00eb d\u00ebshmuar gjat\u00eb gjith\u00eb koh\u00ebs n\u00eb diaspor\u00eb, Me krijimin e k\u00ebsaj dege ne do t\u00eb mbajm\u00eb gjall\u00eb k\u00ebt\u00eb frym\u00eb, q\u00eb na kan l\u00ebn\u00eb amanet kolos\u00ebt, pik\u00ebrisht ata q\u00eb e krijuan Vatr\u00ebn 100 vjet\u00eb m\u00eb par\u00eb&#8221;.<\/p>\n<p>Elmi Berisha , tha se q\u00ebllimi i krijmit t\u00eb k\u00ebsaj dege t\u00eb Vatr\u00ebs, nuk \u00ebsht\u00eb vet\u00ebm rikthim tek tradita e bukur vatrane, kur ajo &#8220;lul\u00ebzonte&#8221; me d\u00ebg\u00ebt e saj n\u00eb t\u00eb gjith\u00eb Amerik\u00ebn, por q\u00eb n\u00eb k\u00ebt\u00eb koh\u00eb, ne t\u00eb bashkohemi dhe t\u00eb integrohemi duke i kanalizuar t\u00eb gjitha energjit\u00eb tona, n\u00eb nj\u00eb &#8220;trung&#8221; t\u00eb vet\u00ebm ose n\u00ebn nj\u00eb &#8220;ombrell\u00eb&#8221; e cila do t\u00eb jet\u00eb Vatra jon\u00eb, VATRA, e atyre q\u00eb e ngrit\u00ebn k\u00ebt\u00eb organizat me t\u00eb vetmin q\u00ebllim q\u00eb ajo t\u00eb ishte vendi q\u00eb do t\u00eb mblidhte rreth saj t\u00eb gjith\u00eb shqiptar\u00ebt, pa dallim feje, krahine apo ideje &#8211; dhe mendoj\u00eb, u shpreh ai se ku! &#8220;m\u00eb mir\u00eb se n\u00ebp\u00ebrmjet Vatr\u00ebs sot, ne mund t\u00eb mbledhemi s\u00eb bashku dhe t\u00eb punojm\u00eb p\u00ebr veten ton\u00eb dhe kombin ton\u00eb, k\u00ebtu n\u00eb Amerik\u00eb&#8221;.<\/p>\n<p>M\u00eb pas\u00eb zoti Elmi Berisha, informoj\u00eb pjesmarr\u00ebsit se kjo inisiativ\u00eb kishte nisur dy muaj m\u00eb par\u00eb, kur grupi iniciator\u00eb me n\u00eb krye at\u00eb Anton Raja, G\u00ebzim Nika, Lon Gjonaj, dhe Simon Qafa, dhe vet\u00eb ai kan formuar deg\u00ebn e Vatr\u00ebs p\u00ebr Qarkun Hudson Valley &#8211; duke pasur deri tani 60 an\u00ebtar\u00eb, nj\u00ebr\u00ebz q\u00eb kan kontribuar dhe q\u00eb t\u00eb pakt\u00ebn kan nj\u00eb histori q\u00eb p\u00ebrputhet plot\u00ebsisht edhe me Kanunoren e Vatr\u00ebs, theksoi ai.,<\/p>\n<p>Kryetari aktual i Fderat\u00ebs PanShqiptare t\u00eb Amerik\u00ebs VATRA, dr Gjon Bu\u00e7aj mbasi njoftoi se n\u00eb fund t\u00eb Shtatorit ose n\u00eb Tetor do t\u00eb mbahet Kuvendi i P\u00ebrgjith\u00ebsh\u00ebm i Vatr\u00ebs, ka p\u00ebrg\u00ebzuar inisiativ\u00ebn e grupit iniciues t\u00eb deg\u00ebs s\u00eb Vatr\u00ebs, dhe iu uroj\u00eb atyre; suksese dhe pun\u00eb t\u00eb mbar\u00eb, n\u00eb deg\u00ebn e re.<\/p>\n<p>Gjat\u00eb fjal\u00ebs s\u00eb tij kreu i Vatran\u00ebve dr Bu\u00e7aj, vler\u00ebsoi r\u00ebnd\u00ebsin\u00eb q\u00eb ka riorganizimi i deg\u00ebve t\u00eb Vatr\u00ebs n\u00eb Amerik\u00eb, duke i cil\u00ebsuar k\u00ebto organizime si vazhdimin e nj\u00eb tradite dhe t\u00eb nj\u00eb lidhje m\u00eb t\u00eb madhe mes shqiptar\u00ebve t\u00eb Amerik\u00ebs. &#8220;Ne, tha kreu i Vatr\u00ebs, dr Bu\u00e7aj, nuk jemi Noli e Konica, por, jemi pasardh\u00ebsit e tyre q\u00eb k\u00ebrkojm\u00eb dhe punojm\u00eb ta mbajm\u00eb gjall\u00eb Vatr\u00ebn, duke u angazhuar, organizuar dhe t\u00eb ecim p\u00ebrpara me t\u00eb gjith\u00eb bashk\u00ebatdhetar\u00ebt, p\u00ebr k\u00ebt\u00eb \u00e7\u00ebshtje madhore n\u00eb t\u00eb mir\u00eb t\u00eb kombit&#8221;.<\/p>\n<p>P\u00ebr kryetarin e Vatr\u00ebs, dr Gjon Bu\u00e7aj, jet\u00ebgjat\u00ebsia e Vatr\u00ebs \u00ebsht\u00eb sepse ajo gjithmon e ka mb\u00ebshtetur pun\u00ebn e saj n\u00eb disa principe komb\u00ebtare, t\u00eb cilat na motivojn\u00eb edhe ne sot, q\u00eb t\u00eb i ruajm ato dhe t\u00eb i p\u00ebrcjellim ato tek brezat tan\u00eb, ashtu si na i lan\u00eb amanet t\u00eb par\u00ebt tan\u00eb, prej kur e themeluan k\u00ebt\u00eb organizat\u00eb fam\u00ebmadhe, e cila mori mbi &#8220;supet e saj fatet e kombit n\u00eb diaspor\u00eb &#8211; dhe n\u00eb disa periudha u b\u00eb shteti Shqiptar\u00eb n\u00eb diaspor\u00eb, kur vendi yn\u00eb nuk kishte shtet&#8221;.<\/p>\n<p>M\u00eb tej, kryetari i Vatr\u00ebs Dr. Gjon Bu\u00e7aj tha se:&#8217; Ngaq\u00eb Vatra, n\u00eb Amerik\u00eb, u ngrit\u00eb mbi principe demokratike dhe me q\u00ebllimin kryesor\u00eb parimin q\u00eb t&#8217;i ndihmojn\u00eb Shqip\u00ebris\u00eb duke n\u00ebnkuptuar t\u00eb gjitha trojet e saj etnike , Kosov\u00ebn, \u00c7am\u00ebrin\u00eb, shqiptar\u00ebt n\u00eb Mal t\u00eb Zi, Maqedoni, Preshev\u00eb, Medvegje dhe Bujanovc &#8211; pra, Shqip\u00ebrin\u00eb e kat\u00ebr Vilajeteve t\u00eb dikurshme, pavar\u00ebsisht si duan ata ta quajn Shqip\u00ebria e Madhe, ajo do t\u00eb jetoj\u00eb dhe riorganizohet ashtu si e ka edhe Kanunorja e saj&#8221;.<\/p><\/div>\n<div><\/div>\n<div>N\u00eb fund t\u00eb inagurimit t\u00eb Deg\u00ebs s\u00eb re t\u00eb Vatr\u00ebs, p\u00ebr Qarkun Hudson Valley, me kryetar Elimi Berish\u00ebn dhe pas diskutimeve e debateve q\u00eb u zhvilluan me nj\u00eb banket t\u00eb shum\u00ebllojsh\u00ebm , shtruar nga pronari i restorantit &#8220;La Vera Cucina&#8221; e zoti Anton Raja, dhe familja e tij u mbyll takimi.<\/div>\n","protected":false},"excerpt":{"rendered":"<p>N\u00eb New York, inagurohet dega e re e Vatr\u00ebs, q\u00eb p\u00ebrfaq\u00ebson Qarkun Hudson Valley<\/p>\n","protected":false},"author":1,"featured_media":0,"comment_status":"open","ping_status":"open","sticky":false,"template":"","format":"standard","meta":{"footnotes":""},"categories":[12],"tags":[],"class_list":["post-1301","post","type-post","status-publish","format-standard","hentry","category-jete-komuniteti"],"_links":{"self":[{"href":"https:\/\/revistakuvendi.org\/index.php?rest_route=\/wp\/v2\/posts\/1301","targetHints":{"allow":["GET"]}}],"collection":[{"href":"https:\/\/revistakuvendi.org\/index.php?rest_route=\/wp\/v2\/posts"}],"about":[{"href":"https:\/\/revistakuvendi.org\/index.php?rest_route=\/wp\/v2\/types\/post"}],"author":[{"embeddable":true,"href":"https:\/\/revistakuvendi.org\/index.php?rest_route=\/wp\/v2\/users\/1"}],"replies":[{"embeddable":true,"href":"https:\/\/revistakuvendi.org\/index.php?rest_route=%2Fwp%2Fv2%2Fcomments&post=1301"}],"version-history":[{"count":1,"href":"https:\/\/revistakuvendi.org\/index.php?rest_route=\/wp\/v2\/posts\/1301\/revisions"}],"predecessor-version":[{"id":1304,"href":"https:\/\/revistakuvendi.org\/index.php?rest_route=\/wp\/v2\/posts\/1301\/revisions\/1304"}],"wp:attachment":[{"href":"https:\/\/revistakuvendi.org\/index.php?rest_route=%2Fwp%2Fv2%2Fmedia&parent=1301"}],"wp:term":[{"taxonomy":"category","embeddable":true,"href":"https:\/\/revistakuvendi.org\/index.php?rest_route=%2Fwp%2Fv2%2Fcategories&post=1301"},{"taxonomy":"post_tag","embeddable":true,"href":"https:\/\/revistakuvendi.org\/index.php?rest_route=%2Fwp%2Fv2%2Ftags&post=1301"}],"curies":[{"name":"wp","href":"https:\/\/api.w.org\/{rel}","templated":true}]}}