{"id":120,"date":"2012-03-05T23:01:43","date_gmt":"2012-03-05T23:01:43","guid":{"rendered":"http:\/\/revistakuvendi.org\/?p=120"},"modified":"2012-03-05T23:04:37","modified_gmt":"2012-03-05T23:04:37","slug":"dora-e-nenes-eshte-kudo-ne-cdo-njeri-ne-cdo-profesion-ne-cdo-pozite","status":"publish","type":"post","link":"https:\/\/revistakuvendi.org\/?p=120","title":{"rendered":"Dora e n\u00ebn\u00ebs \u00ebsht\u00eb kudo; n\u00eb \u00e7do njeri, n\u00eb \u00e7do profesion, n\u00eb \u00e7do pozit\u00eb&#8230;"},"content":{"rendered":"<p><strong><a href=\"http:\/\/revistakuvendi.org\/wp-content\/uploads\/2012\/03\/Inxhi-41.jpg\"><img loading=\"lazy\" decoding=\"async\" class=\"alignleft size-medium wp-image-125\" title=\"Inxhi 4\" src=\"http:\/\/revistakuvendi.org\/wp-content\/uploads\/2012\/03\/Inxhi-41-199x300.jpg\" alt=\"\" width=\"199\" height=\"300\" srcset=\"https:\/\/revistakuvendi.org\/wp-content\/uploads\/2012\/03\/Inxhi-41-199x300.jpg 199w, https:\/\/revistakuvendi.org\/wp-content\/uploads\/2012\/03\/Inxhi-41.jpg 402w\" sizes=\"auto, (max-width: 199px) 100vw, 199px\" \/><\/a>Dora e n\u00ebn\u00ebs \u00ebsht\u00eb kudo; n\u00eb \u00e7do njeri, n\u00eb \u00e7do profesion, n\u00eb \u00e7do pozit\u00eb&#8230;<\/strong><\/p>\n<p><strong><em>Bised\u00eb me Inxhi Ali\u00e7ka (Buzi), punonj\u00ebse n\u00eb zyr\u00ebn e shtypit t\u00eb K\u00ebshillit t\u00eb Ministrave t\u00eb RSH<\/em><\/strong><\/p>\n<p><strong><span style=\"text-decoration: underline;\">Shkurt p\u00ebr Inxhin:<\/span><\/strong><\/p>\n<p>\u00cbsht\u00eb diplomuar n\u00eb vitin 2000<strong> <\/strong>n\u00eb deg\u00ebn Gjuh\u00eb \u2013 Let\u00ebrsi, n\u00eb universitetin \u201cAleksand\u00ebr Xhuvani\u201d,\u00a0 Elbasan<strong>. <\/strong>N\u00eb vitet e studimit, ajo u njoh si aktiviste kryesore n\u00eb t\u00eb gjitha l\u00ebvizjet studentore dhe nismat e Shoq\u00ebris\u00eb Civile p\u00ebr zhvillim e integrim t\u00eb t\u00eb rinjve. N\u00eb vitin 2001, nis pun\u00ebn n\u00eb Tiran\u00eb, si gazetare politike pran\u00eb Agjencis\u00eb Telegrafike Shqiptare. Vet\u00ebm pas 1 viti n\u00eb k\u00ebt\u00eb detyr\u00eb, Inxhi em\u00ebrohet Drejtore e Departamentit t\u00eb Politik\u00ebs s\u00eb Brendshme n\u00eb ATSH, periudh\u00eb e cila do t\u2019\u00ed k\u00ebrkonte shum\u00eb angazhim dhe p\u00ebrgjegj\u00ebsi n\u00eb pun\u00eb e saj, por, q\u00eb do t\u2019i hapte mund\u00ebsin\u00eb p\u00ebr t\u2019u b\u00ebr\u00eb nj\u00eb njoh\u00ebse e mir\u00eb e hap\u00ebsir\u00ebs politike n\u00eb vend, por<!--more--> edhe jasht\u00eb saj dhe do t\u00eb niste te provonte veten edhe si gazetare profesioniste, p\u00ebrmes shkrimeve t\u00eb shumta, komenteve, analizave, dosjer\u00ebve, shkrimeve kritike, etj. Gjithashtu, do t\u00eb b\u00ebhej nj\u00eb njoh\u00ebse dhe menaxhuese shum\u00eb e mir\u00eb e marr\u00ebdh\u00ebnieve publike dhe do ishte, p\u00ebr rreth 3 vjet, gazetarja e atashuar e ATSH-s\u00eb p\u00ebr t\u00eb ndjekur\u00a0 gjitha vizitat zyrtare t\u00eb krer\u00ebve t\u00eb shtetit, n\u00eb shum\u00eb vende t\u00eb bot\u00ebs. Prej vitit 2004, ajo punon n\u00eb zyr\u00ebn e shtypit, n\u00eb Kryeministri.<\/p>\n<p><strong>Pyetje:<\/strong> <em>Inxhi Alicka njihet si nj\u00eb nd\u00ebr gazetaret e reja t\u00eb medias, shum\u00eb korrekte, q\u00eb prej shum\u00eb vitesh punon n\u00eb zyr\u00ebn e shtypit n\u00eb K\u00ebshillin e Ministrave. Profesionalisht e sakt\u00eb dhe me vullnet k\u00ebmb\u00ebngul\u00ebs, a mund te na thuash; nga vjen Inxhi deri k\u00ebtu?<\/em><\/p>\n<p><strong>Inxhi Alicka:<\/strong> Ju fal\u00ebnderoj s\u00eb pari p\u00ebr vler\u00ebsimet, edhe pse mendoj se t\u2019i meritosh ato, duhet t\u00eb mos heq\u00ebsh dor\u00eb nga puna korrekte, profesionale dhe e p\u00ebrgjegjshme, gjith\u00eb jet\u00ebn. Un\u00eb ende jam n\u00eb \u201cball\u00eb t\u00eb valles\u201d, themi ne nga Lab\u00ebria.\u00a0 M\u00eb pyesni si e kam nisur!. E kam nisur nga zero, ndoshta si shum\u00eb kush, e ndoshta jo. Vij nga nj\u00eb familje normale n\u00eb aspektin social e ekonomik, nga Dukati i Vlor\u00ebs, por ku jam mbrujtur me nj\u00eb frym\u00eb arsimdash\u00ebse shum\u00eb t\u00eb theksuar dhe me k\u00ebmb\u00ebnguljen e prind\u00ebrve t\u00eb mi p\u00ebr t\u00eb ecur para dhe p\u00ebr t\u00eb nd\u00ebrtuar t\u00eb ardhmen larg provinc\u00ebs ku linda dhe mund\u00ebsive t\u00eb pakta profesionale q\u00eb t\u00eb ofronte ajo. Edhe pse p\u00ebr Dukatin, nuk e mohoj, kam shume debules\u00eb dhe vler\u00ebsoj shum\u00eb frym\u00ebn me t\u00eb cil\u00ebn m\u00eb ka rritur.<\/p>\n<p><strong>Pyetje:<\/strong> <em>E lindur ne Dukat dhe e shkolluar larg tij, n\u00eb Elbasan, e m\u00eb pas e pun\u00ebsuar n\u00eb Tiran\u00eb. Si e p\u00ebrballoje k\u00ebt\u00eb mund, duke pasur parasysh larg\u00ebsin\u00eb dhe v\u00ebshtir\u00ebsin\u00eb e l\u00ebvizjes?.<\/em><\/p>\n<p><strong>Inxhi Alicka:<\/strong> Ka qen\u00eb nj\u00eb rrug\u00ebtim shum\u00eb i v\u00ebshtir\u00eb, jo thjesht p\u00ebr larg\u00ebsin\u00eb gjeografike, sesa p\u00ebr v\u00ebshtir\u00ebsit\u00eb ekonomike e t\u00eb gjithanshme p\u00ebr t\u2019u arsimuar, por edhe p\u00ebr shkak t\u00eb periudh\u00ebs s\u00eb keqe q\u00eb po kalonte i gjith\u00eb vendi. Fillimi i studimeve t\u00eb larta t\u00eb miat korrespondon me vitin e mbrapsht\u00eb 97\u2019. Gjithsesi, prind\u00ebrit e mi, dy njer\u00ebz t\u00eb mrekulluesh\u00ebm n\u00eb gjith\u00eb Dukatin, kan\u00eb b\u00ebr\u00eb at\u00eb q\u00eb rrall\u00eb prind\u00ebr n\u00eb at\u00eb zon\u00eb, kan\u00eb b\u00ebr\u00eb p\u00ebr arsimimin e 4 f\u00ebmij\u00ebve t\u00eb tyre. Por, edhe neve gjithashtu, sepse kemi punuar hap pas hapi, bashk\u00eb me ta. Gjithsesi, jam krenare p\u00ebr at\u00eb sakrific\u00eb dhe i detyrohem shum\u00eb prind\u00ebrve t\u00eb mi p\u00ebr at\u00eb dritare rr\u00ebz\u00eblluese dijesh dhe kulture ku m\u00eb orientuan, n\u00eb at\u00eb terren t\u00eb v\u00ebshtir\u00eb social dhe mend\u00ebsish, si dhe p\u00ebr rezultatin e m\u00ebpassh\u00ebm, p\u00ebr k\u00ebt\u00eb q\u00eb jam sot.<\/p>\n<p><strong>Pyetje:<\/strong> <em>Pas studimeve te larta, ju u pun\u00ebsuat n\u00eb Agjencin\u00eb Telegrafike Shqiptare (ATSH). Kush ndikoi n\u00eb k\u00ebt\u00eb pun\u00ebsim? Keni ndonj\u00eb miq\u00ebsi n\u00eb ATSH dhe si e kujtoni at\u00eb kohe?<\/em><\/p>\n<p><strong>Inxhi Ali\u00e7ka<\/strong>: Ehh. K\u00ebtu keni ngacmuar nj\u00eb pik\u00eb shum\u00eb t\u00eb dob\u00ebt timen. N\u00eb fakt, fundi i shkoll\u00ebs s\u00eb lart\u00eb, viti i kat\u00ebr, ka korresponduar me koh\u00ebn m\u00eb t\u00eb zez\u00eb t\u00eb jet\u00ebs sime, s\u00ebmundjen e n\u00ebn\u00ebs. U detyrova t\u00eb kthehem s\u00ebrish n\u00eb Vlor\u00eb, p\u00ebr shkak t\u00eb kujdesit absolut p\u00ebr t\u00eb cilin ajo kishte nevoj\u00eb. Kam punuar p\u00ebr rreth nj\u00eb vit m\u00ebsuese e gjuh\u00ebs dhe let\u00ebrsis\u00eb n\u00eb Orikum t\u00eb Vlor\u00ebs. Pas nj\u00eb viti, me k\u00ebmb\u00ebnguljen e mamas\u00eb sime, u largova p\u00ebr n\u00eb Tiran\u00eb. Them me k\u00ebmb\u00ebnguljen dhe mb\u00ebshtetjen mjaft t\u00eb madhe t\u00eb saj, pasi ajo e dinte q\u00eb un\u00eb nuk e kisha menduar ndonj\u00ebher\u00eb kthimin s\u00ebrish n\u00eb Vlor\u00eb, pas studimeve. Kisha thurur shum\u00eb \u00ebndrra dhe plane p\u00ebr \u00e7a do t\u00eb vinte m\u00eb pas, bazuar edhe nga angazhimet e shumta n\u00eb iniciativa rinore asokohe. Ndaj gjithmon\u00eb ajo m\u00eb thoshte: Ik prej k\u00ebtej, t\u00eb shkat\u00ebrrova t\u00eb ardhmen, duke t\u00eb kthyer s\u00ebrish k\u00ebtu. Ik, ti meriton shum\u00eb m\u00eb shum\u00eb se sa po b\u00ebn tani.<\/p>\n<p>K\u00ebshtu nisa luft\u00ebn n\u00eb Tiran\u00eb, nga hi\u00e7i. Pun\u00ebsimi n\u00eb ATSH, n\u00eb vitin 2001, ka qen\u00eb krejt i rast\u00ebsish\u00ebm, n\u00eb l\u00ebmin e sa e sa CV-ve q\u00eb shp\u00ebrndaja gjithandej. Fati deshi q\u00eb un\u00eb t\u00eb nisja pun\u00eb aty n\u00eb sektorin politik, menj\u00ebher\u00eb. ATSH-s\u00eb i detyrohem n\u00eb gjith\u00e7ka di sot n\u00eb profesionin tim. Ka qen\u00eb nj\u00eb shkoll\u00eb p\u00ebr mua, m\u00eb ka m\u00ebsuar se si \u201cta shtrydh\u201d informacionin deri n\u00eb limitin e plot\u00eb t\u00eb sakt\u00ebsis\u00eb dhe rregullsis\u00eb p\u00ebrmbajtje-form\u00eb, q\u00eb p\u00ebr mua \u00ebsht\u00eb ky\u00e7i i suksesit n\u00eb gazetari. Krahas k\u00ebsaj, m\u00eb dha mund\u00ebsit\u00eb nj\u00ebra pas tjetr\u00ebs, p\u00ebr tu njohur me terrenin politik komb\u00ebtar e nd\u00ebrkomb\u00ebtar dhe p\u00ebr t\u00eb punuar \u00e7do dit\u00eb n\u00eb sh\u00ebrbim t\u00eb k\u00ebtij terreni. Fillimisht si gazetare politike e m\u00eb pas, p\u00ebr rreth 3 vjet, si shefe e Departamentit t\u00eb Politik\u00ebs, nga ku m\u00eb \u00ebsht\u00eb dashur t\u00eb punoj shum\u00eb p\u00ebr t\u00eb qen\u00eb nj\u00eb njoh\u00ebse shum\u00eb e mir\u00eb e k\u00ebsaj fushe. Kjo periudh\u00eb m\u00eb ka dh\u00ebn\u00eb mund\u00ebsin\u00eb gjithashtu q\u00eb t\u00eb ndjek e shoq\u00ebroj sa e sa delegacione t\u00eb larta shqiptare n\u00eb vizitat jasht\u00eb vendit dhe kjo ka qen\u00eb nj\u00eb eksperienc\u00eb jasht\u00ebzakonisht frytdh\u00ebn\u00ebse p\u00ebr mua. N\u00ebse ka nj\u00eb periudh\u00eb dhe institucion q\u00eb e kujtoj me nostalgji, \u00ebsht\u00eb ATSH-ja, \u201cn\u00ebna\u201d ime e profesionit dhe e drejtimit tim t\u00eb m\u00ebtejsh\u00ebm. Prej andej, kam gjith\u00eb rrethin tim shoq\u00ebror t\u00eb v\u00ebrtet\u00eb dhe q\u00eb edhe sot i kam miqt\u00eb m\u00eb t\u00eb mir\u00eb.<\/p>\n<p><strong>Pyetje:<\/strong> <em>Pas librit t\u00eb p\u00ebrgatitur p\u00ebr N\u00ebn\u00ebn, t\u00eb cilin do ta publikoni s\u00eb shpejti, nj\u00eb fragment i botuar i t\u00eb cilit \u00ebsht\u00eb pritur shum\u00eb mir\u00eb nga publiku, mendoni t&#8217;i hyni proz\u00ebs, ndoshta edhe thjesht duke hedhur artistikisht kujtimet e tua?<\/em><\/p>\n<p><strong>Inxhi Ali\u00e7ka:<\/strong> Materiali im me kujtimet dhe p\u00ebrjetimet p\u00ebr n\u00ebn\u00ebn, para dhe pas vdekjes s\u00eb saj, ka nisur si nj\u00eb rr\u00ebfim me veten dhe, fal\u00eb Zotit, tani do finalizohet n\u00eb nj\u00eb lib\u00ebr. P\u00ebr mua kjo ishte nj\u00eb \u00ebnd\u00ebrr. Dua t\u00eb sqaroj di\u00e7ka, n\u00ebse m\u00eb lejoni. Un\u00eb nuk pretendoj se shkruaj let\u00ebrsi. Un\u00eb jam nj\u00eb njeri q\u00eb m\u00eb p\u00eblqen q\u00eb \u00e7do ndjesi ta p\u00ebrshkruaj\u00a0 e ta hedh n\u00eb let\u00ebr, por k\u00ebt\u00eb gj\u00eb e kam menduar gjithnj\u00eb si nj\u00eb m\u00ebnyr\u00eb komunikimi me veten, q\u00eb mua m\u00eb jep paqe, m\u00eb jep nj\u00eb qet\u00ebsi d\u00eblir\u00ebse. Sot shkruhet e botohet shum\u00eb, madje aq shum\u00eb sa njer\u00ebzit jan\u00eb t\u00eb lodhur nga gj\u00ebrat boshe dhe pa vler\u00eb q\u00eb lexojn\u00eb. Jam shum\u00eb kritike n\u00eb k\u00ebt\u00eb pik\u00eb, ndaj nuk dua t\u00eb nxitohem p\u00ebr veten n\u00eb asgj\u00eb t\u00eb till\u00eb.<\/p>\n<p><strong>Pyetje:<\/strong> <em>Ju e vler\u00ebsoni n\u00ebn\u00ebn, nd\u00ebrkoh\u00eb q\u00eb jemi n\u00eb prag t\u00eb fest\u00ebs se n\u00ebnave, si e vler\u00ebsoni 8 marsin? Ka z\u00ebra q\u00eb e konsiderojn\u00eb at\u00eb nj\u00eb fest\u00eb t\u00eb proletariatit? N\u00eb Amerik\u00eb festohet nj\u00eb feste n\u00ebnash, madje edhe Dita e babait. A duhet t\u00eb ket\u00eb fest\u00eb babai edhe n\u00eb Shqip\u00ebri?<\/em><\/p>\n<p><strong>Inxhi Alicka:<\/strong> N\u00eb fakt, ka perceptime t\u00eb ndryshme p\u00ebr k\u00ebt\u00eb fest\u00eb, por, personalisht, mendoj se nuk ka asgj\u00eb t\u00eb keqe t\u00eb ket\u00eb nj\u00eb dit\u00eb simbolike p\u00ebr n\u00ebnat, duke e hequr ndoshta disi nga konteksti i filles\u00ebs s\u00eb k\u00ebsaj feste, apo si\u00e7 thoni ju, nga kjo tendenca p\u00ebr ta konsideruar fest\u00eb proletare. Kjo qenie njer\u00ebzore, gjithnj\u00eb n\u00eb pozita t\u00eb forta sakrifikuese n\u00eb \u00e7do aspekt, si n\u00ebn\u00eb, si mot\u00ebr, si bashk\u00ebshorte, si familjare, si lidere, si biznesmene, e gjith\u00e7far\u00eb tjet\u00ebr, absolutisht e meriton nj\u00eb dit\u00eb simbolike. Dora e saj \u00ebsht\u00eb kudo, n\u00eb \u00e7do njeri, n\u00eb \u00e7do pun\u00eb edhe t\u00eb padukshme, n\u00eb \u00e7do pozit\u00eb, q\u00eb ndoshta nuk \u00ebsht\u00eb aq e pozitshme sa e burrave, n\u00eb \u00e7do detaj q\u00eb na mbush jet\u00ebn dhe na b\u00ebn t\u00eb lumtur dhe q\u00eb burrat nuk do t\u2019i b\u00ebnin dot. <strong>Dora e n\u00ebn\u00ebs \u00ebsht\u00eb n\u00eb \u00e7do psher\u00ebtim\u00eb q\u00eb t\u00eb del nga kraharori tek ti e th\u00ebrret gjith\u00eb nevoj\u00eb, n\u00eb \u00e7do lot g\u00ebzimi a vuajtjeje, n\u00eb \u00e7do buz\u00ebqeshje a trishtim.<\/strong><\/p>\n<p>Por, me t\u00eb nj\u00ebjtin argument, pra p\u00ebr shkak t\u00eb kontributeve t\u00eb paz\u00ebvend\u00ebsueshme t\u00eb tyre n\u00eb jet\u00eb, patjet\u00ebr q\u00eb p\u00ebr mua do t\u00eb ishte shum\u00eb mir\u00eb t\u00eb festonim edhe nj\u00eb dit\u00eb t\u00eb babait. Kjo sepse fest\u00ebn e Gruas nuk dua ta trajtoj si t\u00eb viktimizuar, pra; ne e meritojm\u00eb at\u00eb sepse jemi m\u00eb n\u00eb disfavor me burrat. Jo, aspak, sepse \u00e7do njeri i vendos vet pozitat e tij n\u00eb shoq\u00ebri, sigurisht n\u00eb baz\u00eb edhe t\u00eb mund\u00ebsive, por mbi t\u00eb gjitha, p\u00ebr shkak t\u00eb kapaciteteve dhe k\u00ebrkesave q\u00eb ka p\u00ebr jet\u00ebn e tij. \u00cbsht\u00eb krejt njer\u00ebzore q\u00eb p\u00ebr t\u00eb dy kategorit\u00eb t\u00eb ket\u00eb nj\u00eb dit\u00eb t\u00eb sh\u00ebnuar. Personalisht, nuk \u00ebsht\u00eb se e festoj shum\u00eb k\u00ebt\u00eb dit\u00eb, por n\u00ebse m\u00eb vjen nj\u00eb buqet\u00eb me lule a di\u00e7ka sado simbolike nga njer\u00ebzit e mi m\u00eb t\u00eb dashur, sigurisht m\u00eb p\u00ebrk\u00ebdhelet sedra dhe ndihem mjaft mir\u00eb. Ndoshta dhe p\u00ebr shkak se dhuratat m\u00eb p\u00eblqejn\u00eb shum\u00eb&#8230;!!!<\/p>\n<p><strong>Pyetje:<\/strong> <em>Tani q\u00eb jeni b\u00ebr\u00eb n\u00ebn\u00eb, \u00e7 \u2018mund t\u00eb thoni p\u00ebr n\u00ebnat?<\/em><\/p>\n<p><strong>Inxhi Alicka:<\/strong> \u00cbsht\u00eb nj\u00eb pyetje shum\u00eb e goditur dhe q\u00eb k\u00ebrkon nj\u00eb p\u00ebrgjigje shum\u00eb t\u00eb sinqert\u00eb. Un\u00eb jam b\u00ebr\u00eb n\u00ebn\u00eb prej 2 vjet\u00ebsh dhe jam nj\u00eb n\u00ebn\u00eb shum\u00eb fatlume. Por, edhe pak e \u201cs\u00ebmur\u00eb\u201d nga meraku dhe shqet\u00ebsimi i tep\u00ebrt. Vajza ime, Alina, m\u00eb\u00a0 ka kthyer jet\u00ebn, m\u00eb ka kthyer buz\u00ebqeshjen e v\u00ebrtet\u00eb, q\u00eb e kisha humbur qysh pas ikjes s\u00eb mamit. Prej saj, sot, di t\u00eb qaj m\u00eb pak, di s\u00ebrish t\u2019i g\u00ebzoj t\u00eb gjitha detajet e jet\u00ebs dhe t\u00eb gjitha cop\u00ebzat e lumturis\u00eb q\u00eb t\u00eb ofron \u00e7do \u00e7ast. Nga ana tjet\u00ebr, tani q\u00eb jam n\u00ebn\u00eb, kuptoj t\u00ebr\u00ebsisht ndjesit\u00eb e n\u00ebn\u00ebs sime p\u00ebr mua, si n\u00eb merakun p\u00ebr mua, si n\u00eb m\u00ebrzitjen, qortimet, g\u00ebzimet. Duke par\u00eb sot, n\u00eb syt\u00eb e vajz\u00ebs sime, duke par\u00eb n\u00eb at\u00eb \u00e7far\u00eb ajo reflekton kur ka mua pran\u00eb dhe e p\u00ebrk\u00ebdhel, kuptoj akoma m\u00eb fuqish\u00ebm se sa e paz\u00ebvend\u00ebsueshme dhe sa magjike \u00ebsht\u00eb N\u00cbNA.<\/p>\n<p><a href=\"http:\/\/revistakuvendi.org\/wp-content\/uploads\/2012\/03\/Inxhi-1.jpg\"><img loading=\"lazy\" decoding=\"async\" class=\"alignleft size-full wp-image-122\" title=\"Inxhi 1\" src=\"http:\/\/revistakuvendi.org\/wp-content\/uploads\/2012\/03\/Inxhi-1.jpg\" alt=\"\" width=\"498\" height=\"480\" srcset=\"https:\/\/revistakuvendi.org\/wp-content\/uploads\/2012\/03\/Inxhi-1.jpg 498w, https:\/\/revistakuvendi.org\/wp-content\/uploads\/2012\/03\/Inxhi-1-300x289.jpg 300w\" sizes=\"auto, (max-width: 498px) 100vw, 498px\" \/><\/a><\/p>\n<p><strong>Pyetje:<\/strong> <em>\u00c7far\u00eb angazhimesh ka Inxhi n\u00eb jet\u00ebn familjare, p\u00ebrve\u00e7 se t\u00eb rris\u00eb vajz\u00ebn dhe t\u00eb gatuaj?<\/em><\/p>\n<p><strong>Inxhi Alicka:<\/strong> \u201cJet\u00eb n\u00eb vrapim\u201d &#8211; k\u00ebshtu do ta cil\u00ebsoja jet\u00ebn time t\u00eb k\u00ebsaj periudhe. Absolutisht, familja ime ka v\u00ebmendjen par\u00ebsore. Por, nuk do t\u00eb doja kurr\u00eb t\u00eb mbetesha vet\u00ebm brenda atyre kontureve. Ndaj, p\u00ebrpiqem t\u00eb jem nj\u00eb alternuese e mir\u00eb, mes angazhimeve sht\u00ebpiake, profesionit tim dhe hap\u00ebsir\u00ebs q\u00eb m\u00eb duhet p\u00ebr veten time, por dhe p\u00ebr angazhimet e mia shoq\u00ebrore. P\u00ebr fat, me bashk\u00ebshortin tim jemi si shok\u00eb dhe mir\u00ebkuptohemi shum\u00eb mir\u00eb n\u00eb k\u00ebt\u00eb pik\u00eb. Ai p\u00ebrpiqet t\u00eb m\u00eb krijoj\u00eb hap\u00ebsirat e duhura, sepse m\u00eb njeh shum\u00eb mir\u00eb \u00e7far\u00eb dua un\u00eb. Gjithsesi, p\u00ebr shkak t\u00eb ngarkes\u00ebs, jam frenuar disi nga veprimtarit\u00eb e mia t\u00eb jashtme shoq\u00ebrore q\u00eb b\u00ebja dikur, nuk mundem t\u2019i ndjek me t\u00eb nj\u00ebjtin intensitet. Por, jam e bindur se\u00a0 \u00ebsht\u00eb kalimtare.<\/p>\n<p><strong>Pyetje:<\/strong> <em>\u00c7 &#8216;far\u00eb ju p\u00eblqen nga artet dhe a keni pasur ndonj\u00eb prirje ve\u00e7 t\u00eb shkruarit q\u00eb po &#8220;zbulohet&#8221;?<\/em><\/p>\n<p><strong>Inxhi Alicka:<\/strong> Produkti i \u00e7do lloj arti m\u00eb p\u00eblqen. Mjafton t\u00eb jet\u00eb art. M\u00eb p\u00eblqen shum\u00eb piktura dhe m\u00eb shijon \u00e7do imazh q\u00eb shoh n\u00eb to. Pikturat m\u00eb intrigojn\u00eb t\u00eb kuptoj se c \u2019fantazi, \u00e7 \u2019p\u00ebrjetim ka pas tyre. Shpesh b\u00ebj sikur pikturoj edhe vet, kam letra t\u00eb t\u00ebra me imazhe a pamje t\u00eb ndryshme q\u00eb m\u00eb p\u00eblqejn\u00eb t\u2019i hedh, sidomos kur jam disi nervoze, ose melankolike. M\u00eb p\u00eblqen muzika dhe madje b\u00ebj sikur k\u00ebndoj edhe vet, p\u00ebr veten sigurisht.<\/p>\n<p><strong>Pyetje:<\/strong> <em>Ju shkruani edhe proz\u00ebn edhe poezin\u00eb. N\u00eb librin tuaj n\u00eb botim shihet kjo prirje. Ku ndjeheni m\u00eb mir\u00eb?<\/em><\/p>\n<p><strong>Inxhi Alicka:<\/strong> Po p\u00ebrpiqem t\u2019ju shpjegoj disi \u201cmetamorfoz\u00ebn\u201d q\u00eb ndodh me mua. Para se t\u00eb nisja pun\u00ebn time si gazetare, kam shkruar edhe poezi, por kryesisht proza, forma tregimesh, novelash dhe, sot, kur i lexoj ato sh\u00ebnime dore, m\u00eb vjen edhe \u00e7udi p\u00ebr at\u00eb pasionin dhe vrullin me t\u00eb cilin i kam shkruar. Pastaj, profesioni im i gazetares, sikur ma zvet\u00ebnoi k\u00ebt\u00eb lloj pasioni dhe u fokusova tek gazetaria, aktualiteti, por m\u00eb pas edhe tek analizat, komentet, dossier\u00ebt, reportazhet (kan\u00eb qen\u00eb pasioni im m\u00eb i madh), mund\u00ebsi k\u00ebto q\u00eb i kam realizuar t\u00eb gjitha gjat\u00eb pun\u00ebs n\u00eb ATSH, por jo vet\u00ebm.\u00a0 Por, prej vitesh, duke par\u00eb edhe terrenin disi konfuz t\u00eb mediave, jam fokusuar n\u00eb fakt n\u00eb formatin e zyrave t\u00eb shtypit, ku ndihem m\u00eb qet\u00eb, edhe pse brenda ca kornizave zyrtare dhe t\u00eb kufizuara t\u00eb profesionit, por jam e lumtur, sepse kjo pun\u00eb t\u00eb jep mund\u00ebsin\u00eb t\u00eb jesh korrekte, transparente, profesionale dhe funksionale, me informacionin q\u00eb p\u00ebrcjell te publiku. S\u00ebrish, s\u00eb fundmi, m\u00eb \u00ebsht\u00eb rikthyer d\u00ebshira p\u00ebr t\u00eb shkruar letrarisht, kryesisht poezi, k\u00ebto koh\u00eb, sepse proza do pak m\u00eb shum\u00eb koh\u00eb, koh\u00eb mendimi dhe koh\u00eb t\u00eb shkruari.<\/p>\n<p><strong>Pyetje:<\/strong> <em>Do provoni t\u00eb futeni n\u00eb politik\u00eb, duke qen\u00eb se jeni shum\u00eb af\u00ebr politik\u00ebs?<\/em><\/p>\n<p><strong>Inxhi Alicka:<\/strong> Meqen\u00ebse k\u00ebt\u00eb pyetje ma b\u00ebni sot, po ju them me bindje; Jo! Nuk e mendoj p\u00ebrfshirjen n\u00eb politik\u00eb, pavar\u00ebsisht se punoj \u00e7do dit\u00eb p\u00ebr t\u00eb. Gjith\u00eb k\u00ebto vitet e pun\u00ebs sime kan\u00eb qen\u00eb shpesh n\u00eb dilem\u00ebn q\u00eb t\u00eb p\u00ebrfshihesha a jo n\u00eb nj\u00eb formacion politik. Por un\u00eb mendoj se i sh\u00ebrbej edhe m\u00eb mir\u00eb politik\u00ebs n\u00eb k\u00ebt\u00eb pozicion q\u00eb jam. E them me sinqeritet, ndihem shum\u00eb e privilegjuar q\u00eb m\u00eb \u00ebsht\u00eb dh\u00ebn\u00eb mund\u00ebsia dhe besimi t\u00eb punoj p\u00ebr Kryeministrin e vendit tim, i p\u00ebrkushtohem t\u00ebr\u00ebsisht pun\u00ebs sime, me p\u00ebrgjegjshm\u00ebrin\u00eb m\u00eb t\u00eb madhe dhe d\u00ebshir\u00ebn p\u00ebr t\u00eb b\u00ebr\u00eb m\u00eb t\u00eb mir\u00ebn n\u00eb k\u00ebt\u00eb drejtim. Ky kontribut m\u00eb p\u00eblqen shum\u00eb m\u00eb tep\u00ebr sesa t\u00eb p\u00ebrfshihem ndryshe n\u00eb politik\u00eb.<\/p>\n<p><strong>Pyetje:<\/strong> <em>Ju fol\u00ebt dhe pak m\u00eb lart p\u00ebr mediat, ndaj do ju pyesja konkretisht, si i vler\u00ebsoni mediat shqiptare, a kan\u00eb ato ekzagjerime, ose pasakt\u00ebsi n\u00eb pun\u00ebn e tyre?<\/em><\/p>\n<p><strong>Inxhi Ali\u00e7ka:<\/strong> Nuk jam askushi q\u00eb t\u00eb them q\u00eb nuk ekziston gazetaria e v\u00ebrtet\u00eb n\u00eb Shqip\u00ebri, por ama, nuk mund t\u00eb g\u00ebnjej e t\u00eb them se ajo \u00ebsht\u00eb aty ku duhet. Sot m\u00eb vjen keq, kur shoh gazeta q\u00eb mbushen me lloj lloj shkrimesh t\u00eb pseudo gazetar\u00ebve, q\u00eb mund t\u00eb jen\u00eb thjesht ca t\u00eb papun\u00eb q\u00eb kan\u00eb gjetur pun\u00eb dhe mbushin rreshtat, ose analiza t\u00eb pseudoanalist\u00ebve, ku gjen vet\u00ebm shfryrje mllefesh, interesash, apo qejf-mbetjesh, por nuk gjen aspak art gazetarie. Por absolutisht, vler\u00ebsoj pun\u00ebn e shum\u00eb gazetar\u00ebve t\u00eb njohur dhe t\u00eb rinj q\u00eb p\u00ebrpiqen t\u00eb ruajn\u00eb identitetin e tyre t\u00eb plot\u00eb, parimet e gazetaris\u00eb, edhe pse me v\u00ebshtir\u00ebsi<strong>. Lufta n\u00eb gazetarin\u00eb e sotme shqiptare \u00ebsht\u00eb mes cil\u00ebsis\u00eb dhe sasis\u00eb, mes nj\u00ebanshm\u00ebris\u00eb dhe paanshm\u00ebris\u00eb, mes transparenc\u00ebs dhe kompromisit. <\/strong>\u00cbsht\u00eb nj\u00eb tem\u00eb shum\u00eb komplekse.<strong><\/strong><\/p>\n<p><strong>Pyetje:<\/strong> <em>A duhet t\u00eb ket\u00eb nj\u00eb politik\u00eb komb\u00ebtare t\u00eb mediave, edhe pse ato funksionojn\u00eb ne liri?<\/em><\/p>\n<p><strong>Inxhi Alicka<\/strong>: Absolutisht po. Duhet t\u00eb ket\u00eb. T\u00eb jesh i lir\u00eb n\u00eb profesionin t\u00ebnd nuk do t\u00eb thot\u00eb t\u00eb ngat\u00ebrrosh kufirin e liris\u00eb profesionale me at\u00eb t\u00eb cenimit t\u00eb t\u00eb drejt\u00ebs s\u00eb tjetrit. Ndaj q\u00eb rregullime t\u00eb tilla duhet t\u00eb ket\u00eb. Por, mendoj se problemi \u00ebsht\u00eb m\u00eb kompleks dhe nuk \u00ebsht\u00eb thjesht mang\u00ebsi i mediave n\u00eb k\u00ebt\u00eb pik\u00eb.<\/p>\n<p><strong>Pyetje:<\/strong> <em>A shkoni shpesh ne Dukat dhe a e k\u00ebndoni k\u00ebng\u00ebn labe?<\/em><\/p>\n<p><strong>Inxhi Ali\u00e7ka:<\/strong> Dukati \u00ebsht\u00eb nj\u00eb vend shum\u00eb i bukur, shum\u00eb frym\u00ebzues, sidomos stina e ver\u00ebs atje \u00ebsht\u00eb nj\u00eb mrekulli. P\u00ebr shkak t\u00eb angazhimeve t\u00eb mia, edhe familjare, nuk shkoj m\u00eb aq shpesh, por \u00ebsht\u00eb e sigurt q\u00eb pushimet e \u00e7do viti i b\u00ebj atje, mes klim\u00ebs malore t\u00eb Dukatit dhe detit t\u00eb Orikumit. <strong>T\u00eb jesh nga Dukati dhe t\u00eb mos dish t\u00eb k\u00ebndosh lab\u00e7e, nuk ndodh.<\/strong> Jam rritur n\u00eb nj\u00eb familje ku t\u00eb gjith\u00eb e k\u00ebndojm\u00eb k\u00ebng\u00ebn labe, jam rritur mes z\u00ebrit tim q\u00eb ia merrja k\u00ebng\u00ebs, babait tim q\u00eb ia kthente dhe v\u00ebllait tim q\u00eb ia hidhte. N\u00eb iso futeshin t\u00eb gjith\u00eb t\u00eb tjer\u00ebt aty. K\u00ebnga labe n\u00eb sht\u00ebpin\u00eb ton\u00eb ishte si ushqimi, por ajo ka ngrir\u00eb n\u00eb at\u00eb vat\u00ebr, q\u00eb nga dita e ikjes s\u00eb n\u00ebn\u00ebs sime nga kjo jet\u00eb. Atje nuk mundemi t\u00eb k\u00ebndojm\u00eb m\u00eb. Por, k\u00ebtu n\u00eb Tiran\u00eb, n\u00ebse mblidhemi disa leb\u00ebr, diku, patjet\u00ebr q\u00eb ia marrim direkt nj\u00eb isoje labe. Ose shpesh, edhe n\u00ebp\u00ebr sht\u00ebpi, kur jam vet\u00ebm, ia marr ashtu shtruar. K\u00ebnga labe t\u00eb jep jet\u00eb, t\u00eb jep forc\u00eb.<\/p>\n<p><strong>Pyetje:<\/strong> <em>Un\u00eb nuk e imagjinoj nj\u00eb n\u00ebn\u00eb t\u00eb mos dij\u00eb t\u00eb k\u00ebndoj\u00eb. Mendoni se ndikon kjo n\u00eb uljen e stresit dhe mir\u00ebrritjen e f\u00ebmij\u00ebs?<\/em><\/p>\n<p><strong>Inxhi Alicka:<\/strong> M\u00eb keni ngacmuar nj\u00eb tem\u00eb q\u00eb e kam shum\u00eb p\u00ebr zem\u00ebr. Jam plot\u00ebsisht dakord q\u00eb nj\u00eb n\u00ebn\u00eb, nuk ka mund\u00ebsi t\u00eb mos dij\u00eb t\u00eb k\u00ebndoj\u00eb, t\u00eb pakt\u00ebn p\u00ebr f\u00ebmij\u00ebn e vet. Vajza ime \u00ebsht\u00eb me fat, un\u00eb i kam k\u00ebnduar aq shum\u00eb qysh kur ajo ishte n\u00eb barkun tim. Nd\u00ebrsa, nga dita q\u00eb ka dal\u00eb n\u00eb jet\u00eb, un\u00eb asaj i kam kushtuar nuk dihet sa e sa vargje, k\u00ebng\u00eb, melodi, t\u00eb cilat, ajo tashm\u00eb q\u00eb \u00ebsht\u00eb rreth 2 vje\u00e7e, i p\u00ebrs\u00ebrit ashtu, gjysma \u2013 gjysma, pas meje. Nuk kan\u00eb t\u00eb p\u00ebrshkruar momentet aq t\u00eb qeta, aq t\u00eb k\u00ebnaqura q\u00eb un\u00eb i shoh n\u00eb fytyr\u00ebn e saj, sa her\u00eb q\u00eb i k\u00ebndoj. Madje, m\u00eb duket se ajo ka vesh p\u00ebr muzik\u00eb, por nuk e di a do ket\u00eb z\u00eb dhe ndoshta n\u00eb t\u00eb ardhmen t\u00eb plot\u00ebsoj\u00eb nj\u00eb pasion t\u00eb heshtur t\u00eb mamit t\u00eb saj, t\u00eb k\u00ebndoj\u00eb.<\/p>\n<p><em>Inxhi, faleminderit p\u00ebr bised\u00ebn dhe urime n\u00eb pun\u00ebn tuaj!<\/em><\/p>\n<p><strong>Inxhi Ali\u00e7ka:<\/strong> Faleminderit me zem\u00ebr juve dhe Revistes \u201c Kuvendi\u201d ne Michigan p\u00ebr k\u00ebt\u00eb mund\u00ebsi q\u00eb m\u00eb dhat\u00eb dhe, p\u00ebr mendimet q\u00eb ndam\u00eb bashk\u00eb. M\u00eb lejoni gjithashtu t\u2019u uroj gjith\u00eb N\u00ebnave n\u00eb bot\u00eb, femrave; \u201cG\u00ebzuar 8 marsin\u201d, por dua t\u2019u b\u00ebj nj\u00eb apel edhe gjith\u00eb baballar\u00ebve, ose meshkujve n\u00eb p\u00ebrgjith\u00ebsi: <strong>p\u00ebrpiquni t\u2019i b\u00ebni t\u00eb lumtura n\u00ebnat tuaja, femrat tuaja, motrat, grat\u00eb, shoqet, sepse jeta b\u00ebhet edhe m\u00eb e bukur p\u00ebr ju<\/strong>, n\u00ebse ato jan\u00eb t\u00eb lumtura dhe t\u00eb k\u00ebnaqura, sepse ato din\u00eb t\u00eb falin shum\u00eb dashuri nga vetja, sepse din\u00eb t\u00eb sakrifikohen p\u00ebr ju. Faleminderit edhe nj\u00ebher\u00eb!<\/p>\n<p><strong><span style=\"text-decoration: underline;\">Disa nga cil\u00ebsit\u00eb dalluese t\u00eb Inxhit:<\/span><\/strong><\/p>\n<p>Modeste p\u00ebr gjith\u00e7ka q\u00eb ka arritur, Inxhi nuk pranon se mund t\u00eb shkruhet di\u00e7ka p\u00ebr at\u00eb, sepse mendon se nuk ka b\u00ebr\u00eb asgj\u00eb q\u00eb meriton t\u00eb botohet diku, por ka b\u00ebr\u00eb me p\u00ebrgjegjshm\u00ebri vet\u00ebm detyr\u00ebn e saj, kudo ku ka punuar.<\/p>\n<p>Shum\u00eb krenare p\u00ebr familjen e saj, p\u00ebr origjin\u00ebn e saj, p\u00ebr Dukatin, q\u00eb b\u00ebn \u00e7do gj\u00eb ta p\u00ebrmend\u00eb at\u00eb dhe ta sjell\u00eb n\u00eb v\u00ebmendjen e ambienteve ku jeton e punon\u2026<\/p>\n<p>Ka n\u00eb arkivat e pun\u00ebs s\u00eb saj, dor\u00ebshkrime, poezi, esse, e punime t\u00eb tjera letrare, t\u00eb cilat mendon se \u00ebsht\u00eb her\u00ebt p\u00ebr t\u2019i botuar dhe nuk e konsideron veten profesioniste t\u00eb letrave letrare\u2026 <strong>Ajo mendon se t\u00eb arrish gj\u00ebra t\u00eb m\u00ebdha duhet t\u00eb investosh gjith\u00eb jet\u00ebn mendje, talent e vullnet, nd\u00ebrsa t\u00eb d\u00ebshtosh, mund t\u00eb t\u00eb ndodh\u00eb n\u00eb \u00e7do moment pakujdesie dhe deliri. Gjetja e balancave mes k\u00ebtyre dy rrug\u00ebve, do t\u00eb ishte motivi m\u00eb i mir\u00eb p\u00ebr t\u00eb ecur n\u00eb nj\u00eb rrug\u00eb t\u00eb d\u00ebshirueshme p\u00ebr k\u00ebdo. <\/strong><\/p>\n<p><strong><em>Bisedoi per Revisten \u201c Kuvendi\u201d: Pjeter Jaku<\/em><\/strong><strong><em><\/em><\/strong><\/p>\n<p><strong><em>Michigan, Shkurt 2012<\/em><\/strong><\/p>\n","protected":false},"excerpt":{"rendered":"<p>Dora e n\u00ebn\u00ebs \u00ebsht\u00eb kudo; n\u00eb \u00e7do njeri, n\u00eb \u00e7do profesion, n\u00eb \u00e7do pozit\u00eb&#8230; Bised\u00eb me Inxhi Ali\u00e7ka (Buzi), punonj\u00ebse n\u00eb zyr\u00ebn e shtypit t\u00eb K\u00ebshillit t\u00eb Ministrave t\u00eb RSH Shkurt p\u00ebr Inxhin: \u00cbsht\u00eb diplomuar n\u00eb vitin 2000 n\u00eb deg\u00ebn Gjuh\u00eb \u2013 Let\u00ebrsi, n\u00eb universitetin \u201cAleksand\u00ebr Xhuvani\u201d,\u00a0 Elbasan. N\u00eb vitet e studimit, ajo u njoh&hellip;<\/p>\n","protected":false},"author":1,"featured_media":0,"comment_status":"open","ping_status":"open","sticky":false,"template":"","format":"standard","meta":{"footnotes":""},"categories":[1],"tags":[],"class_list":["post-120","post","type-post","status-publish","format-standard","hentry","category-intervista"],"_links":{"self":[{"href":"https:\/\/revistakuvendi.org\/index.php?rest_route=\/wp\/v2\/posts\/120","targetHints":{"allow":["GET"]}}],"collection":[{"href":"https:\/\/revistakuvendi.org\/index.php?rest_route=\/wp\/v2\/posts"}],"about":[{"href":"https:\/\/revistakuvendi.org\/index.php?rest_route=\/wp\/v2\/types\/post"}],"author":[{"embeddable":true,"href":"https:\/\/revistakuvendi.org\/index.php?rest_route=\/wp\/v2\/users\/1"}],"replies":[{"embeddable":true,"href":"https:\/\/revistakuvendi.org\/index.php?rest_route=%2Fwp%2Fv2%2Fcomments&post=120"}],"version-history":[{"count":3,"href":"https:\/\/revistakuvendi.org\/index.php?rest_route=\/wp\/v2\/posts\/120\/revisions"}],"predecessor-version":[{"id":124,"href":"https:\/\/revistakuvendi.org\/index.php?rest_route=\/wp\/v2\/posts\/120\/revisions\/124"}],"wp:attachment":[{"href":"https:\/\/revistakuvendi.org\/index.php?rest_route=%2Fwp%2Fv2%2Fmedia&parent=120"}],"wp:term":[{"taxonomy":"category","embeddable":true,"href":"https:\/\/revistakuvendi.org\/index.php?rest_route=%2Fwp%2Fv2%2Fcategories&post=120"},{"taxonomy":"post_tag","embeddable":true,"href":"https:\/\/revistakuvendi.org\/index.php?rest_route=%2Fwp%2Fv2%2Ftags&post=120"}],"curies":[{"name":"wp","href":"https:\/\/api.w.org\/{rel}","templated":true}]}}