{"id":10274,"date":"2025-12-14T22:47:09","date_gmt":"2025-12-14T22:47:09","guid":{"rendered":"https:\/\/revistakuvendi.org\/?p=10274"},"modified":"2025-12-14T22:47:09","modified_gmt":"2025-12-14T22:47:09","slug":"naza-krasniqi-ze-i-angazhimit-institucional-dhe-perfaqesimit-qytetar","status":"publish","type":"post","link":"https:\/\/revistakuvendi.org\/?p=10274","title":{"rendered":"NAZA KRASNIQI \u2013  ZE I ANGAZHIMIT INSTITUCIONAL DHE PERFAQESIMIT QYTETAR"},"content":{"rendered":"<h2><strong>NAZA KRASNIQI \u2013 \u00a0ZE I ANGAZHIMIT INSTITUCIONAL DHE PERFAQESIMIT QYTETAR<\/strong><\/h2>\n<p><a href=\"http:\/\/revistakuvendi.org\/wp-content\/uploads\/2025\/12\/Naza-Krasniqi.jpg\"><img loading=\"lazy\" decoding=\"async\" class=\"alignleft size-medium wp-image-10275\" src=\"http:\/\/revistakuvendi.org\/wp-content\/uploads\/2025\/12\/Naza-Krasniqi-300x217.jpg\" alt=\"\" width=\"300\" height=\"217\" srcset=\"https:\/\/revistakuvendi.org\/wp-content\/uploads\/2025\/12\/Naza-Krasniqi-300x217.jpg 300w, https:\/\/revistakuvendi.org\/wp-content\/uploads\/2025\/12\/Naza-Krasniqi-768x556.jpg 768w, https:\/\/revistakuvendi.org\/wp-content\/uploads\/2025\/12\/Naza-Krasniqi.jpg 939w\" sizes=\"auto, (max-width: 300px) 100vw, 300px\" \/><\/a><\/p>\n<h2><strong><em>Bised\u00eb e shkurt\u00ebr, realizuar nga Pjater Jaku, p\u00ebr Revisten \u201cKuvendi\u201d n\u00eb Detroit, me Kandidaten p\u00ebr Deputete n\u00eb Parlamentin e Kosoves, Naza Krasniqi, propozim i Lidhjes Demokratike t\u00eb Kosov\u00ebs.<\/em><\/strong><\/h2>\n<h2><strong>Pak biografi:<\/strong><\/h2>\n<h2>Naz\u00eb Krasniqi ka lindur n\u00eb Prishtin\u00eb, qytet q\u00eb historikisht ka qen\u00eb epiqend\u00ebr e l\u00ebvizjeve p\u00ebr barazi, liri dhe t\u00eb drejta politike t\u00eb shqiptar\u00ebve t\u00eb Kosov\u00ebs. Q\u00eb nga demonstratat e viteve 1968, 1981 dhe 1989, protestat studentore t\u00eb 1 tetorit 1997, e deri te momentet vendimtare t\u00eb vitit 1997 q\u00eb sh\u00ebnuan rezistenc\u00ebn e armatosur, Prishtina ka qen\u00eb vendi ku \u00ebsht\u00eb form\u00ebsuar vet\u00ebdija qytetare dhe politike e Kosov\u00ebs.<\/h2>\n<h2>N\u00eb aspektin profesional, Naz\u00eb Krasniqi \u00ebsht\u00eb e diplomuar n\u00eb Drejt\u00ebsi, magjistre e Shkencave Kushtetuese-Administrative, eksperte e pushtetit lokal dhe udh\u00ebheq\u00ebse n\u00eb menaxhimin e divizioneve n\u00eb Ministrin\u00eb e Pushtetit Lokal q\u00eb nga viti 2006. P\u00ebrvoja e saj shum\u00ebvje\u00e7are institucionale e ka pozicionuar si nj\u00eb nga njoh\u00ebset m\u00eb t\u00eb mira t\u00eb funksionimit t\u00eb qeverisjes lokale dhe marr\u00ebdh\u00ebnieve nd\u00ebrinstitucionale.<\/h2>\n<h2>N\u00eb aspektin politik, ajo \u00ebsht\u00eb an\u00ebtare e Deg\u00ebs III t\u00eb Lidhjes Demokratike t\u00eb Kosov\u00ebs, deg\u00eb ku themeluesi dhe Presidenti historik i Republik\u00ebs s\u00eb Kosov\u00ebs, Dr. Ibrahim Rugova, e nisi dhe e p\u00ebrfundoi aktivitetin e tij politik. Naz\u00eb Krasniqi ka sh\u00ebrbyer si kryetare e Forumit t\u00eb Gruas, ka qen\u00eb aktive n\u00eb sindikata, autore e shkrimeve p\u00ebr zhvillimet politike dhe shoq\u00ebrore n\u00eb Kosov\u00eb, si dhe pjes\u00ebmarr\u00ebse e rregullt n\u00eb media t\u00eb shkruara dhe televizione komb\u00ebtare.Pas 25 vitesh angazhim t\u00eb pand\u00ebrprer\u00eb n\u00eb Lidhjen Demokratike t\u00eb Kosov\u00ebs, zgjedhjet parlamentare t\u00eb 28 dhjetorit sh\u00ebnojn\u00eb her\u00ebn e par\u00eb q\u00eb ajo garon si kandidate p\u00ebr deputete, me besimin dhe mb\u00ebshtetjen e Deg\u00ebs III t\u00eb LDK-s\u00eb.N\u00eb vijim, po sjellim intervist\u00ebn e shkurt\u00ebr t\u00eb Naz\u00eb Krasniqit p\u00ebr zgjedhjet parlamentare:<\/h2>\n<h2><strong>Intervista \u2013 Pyetje &amp; P\u00ebrgjigje<\/strong><\/h2>\n<h2>Pyetje:<\/h2>\n<h2>Cil\u00ebn zon\u00eb zgjedhore p\u00ebrfaq\u00ebsoni n\u00eb k\u00ebto zgjedhje?<\/h2>\n<h2>P\u00ebrgjigje: Kosova \u00ebsht\u00eb nj\u00eb zon\u00eb e vetme zgjedhore, prandaj p\u00ebrfaq\u00ebsoj t\u00eb gjith\u00eb qytetar\u00ebt e Republik\u00ebs s\u00eb Kosov\u00ebs, pa dallim rajoni apo komune.<\/h2>\n<h2>Pyetje:<\/h2>\n<h2>Sa i njihni problemet dhe nevojat e zon\u00ebs q\u00eb p\u00ebrfaq\u00ebsoni?<\/h2>\n<h2>P\u00ebrgjigje: Prishtin\u00ebn dhe rajonin e saj i njoh m\u00eb s\u00eb miri, sepse aty kam lindur, jetoj dhe veproj. N\u00eb t\u00eb nj\u00ebjt\u00ebn koh\u00eb, p\u00ebrmes angazhimit tim institucional dhe politik, jam e njohur me sfidat q\u00eb p\u00ebrballen qytetar\u00ebt n\u00eb mbar\u00eb Kosov\u00ebn.<\/h2>\n<h2>Pyetje:<\/h2>\n<h2>Duke qen\u00eb se kan\u00eb mbetur pak dit\u00eb deri n\u00eb p\u00ebrmbylljen e fushat\u00ebs, \u00e7far\u00eb u premtoni votuesve?<\/h2>\n<h2>P\u00ebrgjigje: U premtoj pun\u00eb t\u00eb ndershme, p\u00ebrfaq\u00ebsim dinjitoz dhe angazhim serioz p\u00ebr nd\u00ebrtimin e politikave q\u00eb forcojn\u00eb institucionet dhe p\u00ebrmir\u00ebsojn\u00eb jet\u00ebn e qytetar\u00ebve.<\/h2>\n<h2>Pyetje:<\/h2>\n<h2>Cil\u00ebt jan\u00eb konkurrent\u00ebt tuaj n\u00eb k\u00ebto zgjedhje?<\/h2>\n<h2>P\u00ebrgjigje: N\u00eb nj\u00eb zon\u00eb t\u00eb vetme zgjedhore, konkurrent\u00eb jan\u00eb t\u00eb gjith\u00eb kandidat\u00ebt nga t\u00eb gjitha subjektet politike.<\/h2>\n<h2>Pyetje:<\/h2>\n<h2>A mendoni se LDK ka shanse reale n\u00eb k\u00ebto zgjedhje?<\/h2>\n<h2>P\u00ebrgjigje: Po, LDK ka shanse reale, sepse ka mobilizuar strukturat e saj dhe nj\u00eb pjes\u00eb t\u00eb konsiderueshme t\u00eb elektoratit t\u00eb pavendosur. Vler\u00ebsimi p\u00ebrfundimtar do t\u00eb b\u00ebhet pas 28 dhjetorit.<\/h2>\n<h2>Pyetje:<\/h2>\n<h2>A ka ardhur koha p\u00ebr rikthimin e LDK-s\u00eb n\u00eb pushtet?<\/h2>\n<h2>P\u00ebrgjigje: Ka ardhur koha p\u00ebr ndryshim dhe p\u00ebr rikthimin e nj\u00eb klime bashk\u00ebpunuese, q\u00eb forcon unitetin shoq\u00ebror dhe raportet me diaspor\u00ebn.<\/h2>\n<h2>Pyetje:<\/h2>\n<h2>\u00c7far\u00eb u premtoni bashkatdhetar\u00ebve n\u00eb diaspor\u00eb?<\/h2>\n<h2>P\u00ebrgjigje: Angazhimi im do t\u00eb jet\u00eb q\u00eb t\u00eb jem z\u00ebri dhe ura e komunikimit nd\u00ebrmjet diaspor\u00ebs dhe institucioneve t\u00eb Kosov\u00ebs. Do t\u00eb punoj p\u00ebr p\u00ebrmir\u00ebsimin e baz\u00ebs ligjore dhe heqjen e barrierave administrative e financiare p\u00ebr investitor\u00ebt nga m\u00ebrgata.<\/h2>\n<h2>Pyetje:<\/h2>\n<h2>\u00c7far\u00eb premtoni ju personalisht?<\/h2>\n<h2>P\u00ebrgjigje: Jam e p\u00ebrkushtuar n\u00eb mbrojtjen e familjes si themel i shtetit dhe do t\u00eb punoj me p\u00ebrgjegj\u00ebsi, ndershm\u00ebri dhe respekt p\u00ebr \u00e7do qytetar dhe p\u00ebr diaspor\u00ebn ton\u00eb.<\/h2>\n<h2><em>Realizuar me, 14 dhjetor 2025<\/em><\/h2>\n","protected":false},"excerpt":{"rendered":"<p>NAZA KRASNIQI \u2013 \u00a0ZE I ANGAZHIMIT INSTITUCIONAL DHE PERFAQESIMIT QYTETAR Bised\u00eb e shkurt\u00ebr, realizuar nga Pjater Jaku, p\u00ebr Revisten \u201cKuvendi\u201d n\u00eb Detroit, me Kandidaten p\u00ebr Deputete n\u00eb Parlamentin e Kosoves, Naza Krasniqi, propozim i Lidhjes Demokratike t\u00eb Kosov\u00ebs. Pak biografi: Naz\u00eb Krasniqi ka lindur n\u00eb Prishtin\u00eb, qytet q\u00eb historikisht ka qen\u00eb epiqend\u00ebr e l\u00ebvizjeve p\u00ebr&hellip;<\/p>\n","protected":false},"author":1,"featured_media":10276,"comment_status":"open","ping_status":"open","sticky":false,"template":"","format":"standard","meta":{"footnotes":""},"categories":[1],"tags":[],"class_list":["post-10274","post","type-post","status-publish","format-standard","has-post-thumbnail","hentry","category-intervista"],"_links":{"self":[{"href":"https:\/\/revistakuvendi.org\/index.php?rest_route=\/wp\/v2\/posts\/10274","targetHints":{"allow":["GET"]}}],"collection":[{"href":"https:\/\/revistakuvendi.org\/index.php?rest_route=\/wp\/v2\/posts"}],"about":[{"href":"https:\/\/revistakuvendi.org\/index.php?rest_route=\/wp\/v2\/types\/post"}],"author":[{"embeddable":true,"href":"https:\/\/revistakuvendi.org\/index.php?rest_route=\/wp\/v2\/users\/1"}],"replies":[{"embeddable":true,"href":"https:\/\/revistakuvendi.org\/index.php?rest_route=%2Fwp%2Fv2%2Fcomments&post=10274"}],"version-history":[{"count":1,"href":"https:\/\/revistakuvendi.org\/index.php?rest_route=\/wp\/v2\/posts\/10274\/revisions"}],"predecessor-version":[{"id":10277,"href":"https:\/\/revistakuvendi.org\/index.php?rest_route=\/wp\/v2\/posts\/10274\/revisions\/10277"}],"wp:featuredmedia":[{"embeddable":true,"href":"https:\/\/revistakuvendi.org\/index.php?rest_route=\/wp\/v2\/media\/10276"}],"wp:attachment":[{"href":"https:\/\/revistakuvendi.org\/index.php?rest_route=%2Fwp%2Fv2%2Fmedia&parent=10274"}],"wp:term":[{"taxonomy":"category","embeddable":true,"href":"https:\/\/revistakuvendi.org\/index.php?rest_route=%2Fwp%2Fv2%2Fcategories&post=10274"},{"taxonomy":"post_tag","embeddable":true,"href":"https:\/\/revistakuvendi.org\/index.php?rest_route=%2Fwp%2Fv2%2Ftags&post=10274"}],"curies":[{"name":"wp","href":"https:\/\/api.w.org\/{rel}","templated":true}]}}