{"id":10271,"date":"2025-12-13T02:12:04","date_gmt":"2025-12-13T02:12:04","guid":{"rendered":"https:\/\/revistakuvendi.org\/?p=10271"},"modified":"2025-12-13T02:12:04","modified_gmt":"2025-12-13T02:12:04","slug":"i-dashtun-axha-ibrahim","status":"publish","type":"post","link":"https:\/\/revistakuvendi.org\/?p=10271","title":{"rendered":"I DASHTUN AXHA IBRAHIM !"},"content":{"rendered":"<h2>LETER<\/h2>\n<h2>ARGJIRO UKIMERI<\/h2>\n<p><a href=\"http:\/\/revistakuvendi.org\/wp-content\/uploads\/2025\/12\/ARGJ-.jpg\"><img loading=\"lazy\" decoding=\"async\" class=\"alignleft size-full wp-image-10272\" src=\"http:\/\/revistakuvendi.org\/wp-content\/uploads\/2025\/12\/ARGJ-.jpg\" alt=\"\" width=\"122\" height=\"122\" srcset=\"https:\/\/revistakuvendi.org\/wp-content\/uploads\/2025\/12\/ARGJ-.jpg 122w, https:\/\/revistakuvendi.org\/wp-content\/uploads\/2025\/12\/ARGJ--50x50.jpg 50w\" sizes=\"auto, (max-width: 122px) 100vw, 122px\" \/><\/a><\/p>\n<h2>Du me t&#8217;u diftue si asht mas miri. Ve\u00e7 ti don edhe din me m&#8217;kuptue.\u00a0 Kur pranvera nisi me ardh, bashk me te vijn\u00eb edhe lulet e Majit. Zani yt i amb\u00ebl m&#8217;nep shpres\u00ea e jet\u00eb, m&#8217;mbush plot lumni e m&#8217;ban me rrnue n&#8217;parajs\u00ebn\u00a0 tande engjullore. Jeta m&#8217;ka ba me kuptue qi jo \u00e7do kush asht si ti e un\u00eb! Edhe n&#8217;m\u00earzin\u00eb ma t&#8217;madhe kur e kemi pas, k\u00earkush s&#8217;gjeti dakik e as sahat p\u00ear me m&#8217;ngushllue! Jeta asht e pa m&#8217;shir\u00eb! Nuk m&#8217;dha edhe nji mund\u00ebsi t&#8217;dyt\u00eb p\u00ear me jetue! As me i pa njerzit n&#8217;sy e me kuptue se sa kemi nevoj\u00eb p\u00ebr njani tjetrin,\u00a0 p\u00ebr dashnin\u00eb qi na ka mungue, edhe p\u00ebr hallet tona qi kurr s&#8217;maruen! Kjo dynja asht durim e pritje! Ku dita asht sa nji shekull jet\u00ea, e nata pa ispat\u00eb!Oh jet\u00eb e shenj&#8217;t, buz\u00ebqesh\u00eb,\u00a0 hiq pa ndal\u00eb. I fal\u00eb gzim e dashni ksaj krijese Hyjnore, edhe n&#8217;dit\u00ebt ma t&#8217;bekueme t&#8217;Universit!<\/h2>\n<h2>DASHNI, T&#8217;DUE TY! SEPSE EDHE TI M&#8217;DO MUE!<\/h2>\n<h2>(Kushtuar jet\u00ebs dhe veprimtaris\u00eb s\u00eb Ibrahim Skenderit), poet, shkrimtar dhe dramaturg)<\/h2>\n","protected":false},"excerpt":{"rendered":"<p>LETER ARGJIRO UKIMERI Du me t&#8217;u diftue si asht mas miri. Ve\u00e7 ti don edhe din me m&#8217;kuptue.\u00a0 Kur pranvera nisi me ardh, bashk me te vijn\u00eb edhe lulet e Majit. Zani yt i amb\u00ebl m&#8217;nep shpres\u00ea e jet\u00eb, m&#8217;mbush plot lumni e m&#8217;ban me rrnue n&#8217;parajs\u00ebn\u00a0 tande engjullore. Jeta m&#8217;ka ba me kuptue qi&hellip;<\/p>\n","protected":false},"author":1,"featured_media":10272,"comment_status":"open","ping_status":"open","sticky":false,"template":"","format":"standard","meta":{"footnotes":""},"categories":[5],"tags":[],"class_list":["post-10271","post","type-post","status-publish","format-standard","has-post-thumbnail","hentry","category-letersi"],"_links":{"self":[{"href":"https:\/\/revistakuvendi.org\/index.php?rest_route=\/wp\/v2\/posts\/10271","targetHints":{"allow":["GET"]}}],"collection":[{"href":"https:\/\/revistakuvendi.org\/index.php?rest_route=\/wp\/v2\/posts"}],"about":[{"href":"https:\/\/revistakuvendi.org\/index.php?rest_route=\/wp\/v2\/types\/post"}],"author":[{"embeddable":true,"href":"https:\/\/revistakuvendi.org\/index.php?rest_route=\/wp\/v2\/users\/1"}],"replies":[{"embeddable":true,"href":"https:\/\/revistakuvendi.org\/index.php?rest_route=%2Fwp%2Fv2%2Fcomments&post=10271"}],"version-history":[{"count":1,"href":"https:\/\/revistakuvendi.org\/index.php?rest_route=\/wp\/v2\/posts\/10271\/revisions"}],"predecessor-version":[{"id":10273,"href":"https:\/\/revistakuvendi.org\/index.php?rest_route=\/wp\/v2\/posts\/10271\/revisions\/10273"}],"wp:featuredmedia":[{"embeddable":true,"href":"https:\/\/revistakuvendi.org\/index.php?rest_route=\/wp\/v2\/media\/10272"}],"wp:attachment":[{"href":"https:\/\/revistakuvendi.org\/index.php?rest_route=%2Fwp%2Fv2%2Fmedia&parent=10271"}],"wp:term":[{"taxonomy":"category","embeddable":true,"href":"https:\/\/revistakuvendi.org\/index.php?rest_route=%2Fwp%2Fv2%2Fcategories&post=10271"},{"taxonomy":"post_tag","embeddable":true,"href":"https:\/\/revistakuvendi.org\/index.php?rest_route=%2Fwp%2Fv2%2Ftags&post=10271"}],"curies":[{"name":"wp","href":"https:\/\/api.w.org\/{rel}","templated":true}]}}