{"id":10267,"date":"2025-12-09T02:18:40","date_gmt":"2025-12-09T02:18:40","guid":{"rendered":"https:\/\/revistakuvendi.org\/?p=10267"},"modified":"2025-12-09T02:18:40","modified_gmt":"2025-12-09T02:18:40","slug":"bamiresia-e-agetines","status":"publish","type":"post","link":"https:\/\/revistakuvendi.org\/?p=10267","title":{"rendered":"BAMIR\u00cbSIA E AGETINES!"},"content":{"rendered":"<h2>\u00a0 Njeriu -Institucion<\/h2>\n<h2><a href=\"http:\/\/revistakuvendi.org\/wp-content\/uploads\/2025\/12\/Agetina25-.jpg\"><img loading=\"lazy\" decoding=\"async\" class=\"alignleft size-medium wp-image-10268\" src=\"http:\/\/revistakuvendi.org\/wp-content\/uploads\/2025\/12\/Agetina25--295x300.jpg\" alt=\"\" width=\"295\" height=\"300\" srcset=\"https:\/\/revistakuvendi.org\/wp-content\/uploads\/2025\/12\/Agetina25--295x300.jpg 295w, https:\/\/revistakuvendi.org\/wp-content\/uploads\/2025\/12\/Agetina25--50x50.jpg 50w, https:\/\/revistakuvendi.org\/wp-content\/uploads\/2025\/12\/Agetina25-.jpg 400w\" sizes=\"auto, (max-width: 295px) 100vw, 295px\" \/><\/a><\/h2>\n<h2>Nga: Pjet\u00ebr Jaku<\/h2>\n<h2>Agetina Ismaili Hidershaj ( Geti ), nuk \u00ebsht\u00eb ndonj\u00eb biznesmene, aq sa ti teprojn\u00eb shuma t\u00eb m\u00ebdha, p\u00ebr t\u00eb ndihmuar sa vet\u00eb vuajn n\u00eb vetmi e pleq\u00ebri, sa plagosen e ndrrojn\u00eb jet\u00eb, n\u00eb nj\u00eb vend q\u00eb Institucionet q\u00eb duhet t\u2019u gjenden pran\u00eb, u largohen! Si po rrokulliset ky vend n\u00eb nj\u00eb humner\u00eb kaq antinjer\u00ebzore!? Fal\u00eb Zotit ka ende njer\u00ebz si Agetina, q\u00eb do tu gjendet af\u00ebr t\u00eb vuajturve, q\u00eb t\u00eb pashpirt\u00ebt i kishin flakur n\u00eb rrug\u00eb, me vet\u00ebm nj\u00eb batanije e nj\u00eb qenush, q\u00eb dridhej nga t\u00eb ftohtit e dhjetorit, n\u00eb nj\u00eb zon\u00eb t\u00eb Astirit, n\u00eb Tiran\u00eb, nat\u00ebn e fillimit t\u00eb 8 dhjetorit 2025!<\/h2>\n<h2>Nj\u00eb t\u00eb d\u00ebgjuar nga rrjetet sociale, pas mesnate, Geti ngrihet ashtu si\u00e7 ishte, me nj\u00ebr\u00ebn k\u00ebmb\u00eb veshur e tjetren pa \u00e7orap dhe i drejtohet Astirit! Pasi sillet gjys\u00ebm ore, mezi e gjen, e ndihmuar edhe nga dy endacak\u00eb, q\u00eb e kishin shoq\u00ebruar gjat\u00eb k\u00ebtyre net\u00ebve! I afrohet dhe i ulet pran\u00eb. E p\u00ebrqafon dhe e pyet, duke i th\u00ebn\u00eb se kishte ardhur ta ndihmonte! N\u00ebna nuk e besonte k\u00ebt\u00eb dhe mblidhej t\u00eb mos largoj nga stoli i dy net\u00ebve! Geti, e merr ngadal\u00eb dhe e sistemon n\u00eb streh\u00ebn e saj t\u00eb t\u00eb moshuarve, i b\u00ebn gati dushin dhe krevatin, i mat tensionin dhe i jep p\u00ebr t\u00eb ngr\u00ebn\u00eb!<\/h2>\n<h2>Kjo ishte Agetina q\u00eb i ishte gjendur pran\u00eb, n\u00eb momentin e fundit t\u00eb jetes adoleshentit t\u00eb plagosur Martin Camaj, kjo \u00ebsht\u00eb Geti, q\u00eb jo rast\u00ebsisht ndodhet af\u00ebr njerzve n\u00eb nevoj\u00eb, kjo \u00ebsht\u00eb Geti q\u00eb sakrifikon me dashuri p\u00ebr njeriun, kjo \u00ebsht\u00eb Geti-Qeveri, kur shqiptar\u00ebt i drejton nj\u00eb klik\u00eb mafioze p\u00ebr ta marr\u00eb krejt luksin p\u00ebr vete e p\u00ebr ti flakur t\u00eb moshuarit n\u00eb rrug\u00eb!<\/h2>\n<h2>Nuk e kuptoj pse\u00a0\u00a0rrjetet sociale q\u00eb e njoftuan k\u00ebt\u00eb rast, nuk e thon\u00eb emrin e Agetin\u00ebs, q\u00eb iu gjend pran\u00eb t\u00eb moshuares, n\u00eb \u00e7astet m\u00eb t\u00eb v\u00ebshtira t\u00eb jet\u00ebs s\u00eb saj , kur qeradh\u00ebn\u00ebsi i kishte thyer laptopin dhe flakur n\u00eb rrug\u00eb, pa i l\u00ebn\u00eb asnj\u00eb mund\u00ebsi komunikimi!<\/h2>\n<h2>Sa pak ka njer\u00ebz t\u00eb till\u00eb! Deri tani, nuk i ka marr\u00eb as emrin! Bamir\u00ebsia nuk duhet treguar, -thot\u00eb Agetina!<\/h2>\n","protected":false},"excerpt":{"rendered":"<p>\u00a0 Njeriu -Institucion Nga: Pjet\u00ebr Jaku Agetina Ismaili Hidershaj ( Geti ), nuk \u00ebsht\u00eb ndonj\u00eb biznesmene, aq sa ti teprojn\u00eb shuma t\u00eb m\u00ebdha, p\u00ebr t\u00eb ndihmuar sa vet\u00eb vuajn n\u00eb vetmi e pleq\u00ebri, sa plagosen e ndrrojn\u00eb jet\u00eb, n\u00eb nj\u00eb vend q\u00eb Institucionet q\u00eb duhet t\u2019u gjenden pran\u00eb, u largohen! Si po rrokulliset ky vend&hellip;<\/p>\n","protected":false},"author":1,"featured_media":10269,"comment_status":"open","ping_status":"open","sticky":false,"template":"","format":"standard","meta":{"footnotes":""},"categories":[11],"tags":[],"class_list":["post-10267","post","type-post","status-publish","format-standard","has-post-thumbnail","hentry","category-publicistike"],"_links":{"self":[{"href":"https:\/\/revistakuvendi.org\/index.php?rest_route=\/wp\/v2\/posts\/10267","targetHints":{"allow":["GET"]}}],"collection":[{"href":"https:\/\/revistakuvendi.org\/index.php?rest_route=\/wp\/v2\/posts"}],"about":[{"href":"https:\/\/revistakuvendi.org\/index.php?rest_route=\/wp\/v2\/types\/post"}],"author":[{"embeddable":true,"href":"https:\/\/revistakuvendi.org\/index.php?rest_route=\/wp\/v2\/users\/1"}],"replies":[{"embeddable":true,"href":"https:\/\/revistakuvendi.org\/index.php?rest_route=%2Fwp%2Fv2%2Fcomments&post=10267"}],"version-history":[{"count":1,"href":"https:\/\/revistakuvendi.org\/index.php?rest_route=\/wp\/v2\/posts\/10267\/revisions"}],"predecessor-version":[{"id":10270,"href":"https:\/\/revistakuvendi.org\/index.php?rest_route=\/wp\/v2\/posts\/10267\/revisions\/10270"}],"wp:featuredmedia":[{"embeddable":true,"href":"https:\/\/revistakuvendi.org\/index.php?rest_route=\/wp\/v2\/media\/10269"}],"wp:attachment":[{"href":"https:\/\/revistakuvendi.org\/index.php?rest_route=%2Fwp%2Fv2%2Fmedia&parent=10267"}],"wp:term":[{"taxonomy":"category","embeddable":true,"href":"https:\/\/revistakuvendi.org\/index.php?rest_route=%2Fwp%2Fv2%2Fcategories&post=10267"},{"taxonomy":"post_tag","embeddable":true,"href":"https:\/\/revistakuvendi.org\/index.php?rest_route=%2Fwp%2Fv2%2Ftags&post=10267"}],"curies":[{"name":"wp","href":"https:\/\/api.w.org\/{rel}","templated":true}]}}