{"id":10263,"date":"2025-12-08T01:30:54","date_gmt":"2025-12-08T01:30:54","guid":{"rendered":"https:\/\/revistakuvendi.org\/?p=10263"},"modified":"2025-12-08T01:30:54","modified_gmt":"2025-12-08T01:30:54","slug":"nje-befasi-e-kanshme","status":"publish","type":"post","link":"https:\/\/revistakuvendi.org\/?p=10263","title":{"rendered":"NJ\u00cb BEFASI E KANSHME!"},"content":{"rendered":"<p>NJ\u00cb BEFASI E KANSHME!<\/p>\n<p>&nbsp;<\/p>\n<p>Pjeter Jaku<\/p>\n<p>&nbsp;<\/p>\n<p>Af\u00ebr dy muaj m\u00eb par\u00eb i kisha nisur Dom Fred Kalaj n\u00eb mesenger videon e nj\u00eb predikimi t\u00eb Dom Vlash Palaj n\u00eb Kish\u00ebn Katolike t\u00eb Shkodr\u00ebs! M\u00eb kishte p\u00eblqyer shum\u00eb! Nj\u00eb predikim, sa filozofik, aq edhe moral e i kuptuesh\u00ebm nga gjith\u00ebkush! T\u00eb kap\u00ebsh tema t\u00eb tilla, e ma e mira t\u2019i trajtosh bukur e n\u00eb funksion t\u00eb nj\u00eb mesazhi, \u00ebsht\u00eb art i rrall\u00eb komunikativ, q\u00eb jo t\u00eb gjith\u00eb predikuesit e kan\u00eb k\u00ebt\u00eb aft\u00ebsi!<a href=\"http:\/\/revistakuvendi.org\/wp-content\/uploads\/2025\/12\/Dom-Vlashi-per-kopertine.jpg\"><img loading=\"lazy\" decoding=\"async\" class=\"alignleft size-full wp-image-10264\" src=\"http:\/\/revistakuvendi.org\/wp-content\/uploads\/2025\/12\/Dom-Vlashi-per-kopertine.jpg\" alt=\"\" width=\"210\" height=\"200\" \/><\/a><\/p>\n<p>Nj\u00eb dit\u00eb m\u00eb par\u00eb, n\u00ebp\u00ebrmjet face book, m\u00ebsova se Dom Vlashi kishte ardhur n\u00eb Michigan dhe do t\u00eb ishte n\u00eb mesh\u00ebn e s\u00eb diel\u00ebs, n\u00eb Kish\u00ebn e Sh\u00ebn Palit, n\u00eb Rochester Hills! Thash\u00eb me vete: Sa mir\u00eb ma paska plot\u00ebsu deshiren Dom Fredi!<\/p>\n<p>N\u00eb m\u00ebngjes her\u00ebt i shkrova Dom Vlashit se kisha deshir\u00eb ta takoja, para mesh\u00ebs s\u00eb drek\u00ebs, q\u00eb fillonte, si zakonisht n\u00eb or\u00ebn 12:30.<\/p>\n<p>N\u00eb hollin e Kish\u00ebs, para sall\u00ebs s\u00eb mesh\u00ebs, Dom Vlashin e kishin rrethuar nj\u00eb grup besimtar\u00ebsh, sa po vonohej p\u00ebr sh\u00ebrbimin, pasi t\u00eb gjith\u00eb donin ta p\u00ebrsh\u00ebndesnin dhe falenderonin! Mezi gjeta nj\u00eb sekuenc\u00eb t\u00eb lir\u00eb p\u00ebr ta takuar! Kur m\u00eb tha se pasneser do t\u00eb kthehej n\u00eb Shkod\u00ebr, nuk m\u00eb erdhi mir\u00eb!<\/p>\n<p>Dom Vlashi, n\u00eb predikimet e tij, i cil\u00ebson ngjarjet me ton dhe ndjenj\u00eb, si fat\u00ebkeq\u00ebsi q\u00eb besimtar\u00ebt i p\u00ebrjetojn\u00eb me vuajtje jo t\u00eb nevojshme! Ndaj, t\u00eb v\u00ebrtet\u00ebs q\u00eb v\u00eb n\u00eb dukje Dom Vlashi i shkon shum\u00eb th\u00ebnia e Aristotelit: \u201c E v\u00ebrteta \u00ebsht\u00eb nj\u00ebkoh\u00ebsisht e hidhur dhe e vlefshme.\u201d<\/p>\n<p>Bash ver\u00ebn e k\u00ebtij viti, n\u00eb mesin e korrikut, muajt m\u00eb t\u00eb begatsh\u00ebm, me ngjarjet e hidhura t\u00eb Thethit, Dom Vlashi u ba shum\u00eb ma i njohur, p\u00ebr deklarimin publik dhe t\u00eb guximsh\u00ebm t\u00eb s\u00eb v\u00ebrtet\u00ebs, q\u00eb ndodhi me banor\u00ebt e pafajsh\u00ebm t\u00eb Thethit: \u201c M\u00eb vjen shum\u00eb keq p\u00ebr ata njer\u00ebz t\u00eb shkret\u00eb, sepse i josh\u00ebn, i rrejten, i blejt\u00ebn, i shfryt\u00ebzunen, i vjel\u00ebn p\u00ebr nga ana monetare dhe n\u00eb fund i hodh\u00ebn, i tradhtune, i dogj\u00ebn, i shkatrrun, do t\u2019 i gjobisin e do t\u2019i burgosin!\u201d<\/p>\n<p>A ka t\u00eb v\u00ebrtet\u00eb m\u00eb t\u00eb hidhur e dal\u00eb nga goja dhe mendja e nj\u00eb predikuesi t\u00eb palekundur, kur ngjarjet antinjer\u00ebzore t\u00eb Thethit i shihte dhe d\u00ebgjonte gjith\u00ebkush e, q\u00eb p\u00ebr fatkeq\u00ebsin\u00eb e tyne, i p\u00ebrjetonte nj\u00eb pakic\u00eb, q\u00eb duhet mbrojtur nga dikush! E ku do ta gj\u00ebjm\u00eb k\u00ebt\u00eb dik\u00ebnin, ma shum\u00eb se te njeriu i Zotit?!<\/p>\n<p>I dogji kjo th\u00ebnie kryeministrit, kjo e v\u00ebrtet\u00eb publike, ndaj u shpreh: \u201c Nuk \u00ebsht\u00eb pun\u00eb e nj\u00eb prifti t\u00eb merret me vendime qeverie.\u201d<\/p>\n<p>Me pun\u00ebt e mbrapshta t\u00eb qeveritar\u00ebve, \u00ebsht\u00eb obligim i \u00e7do qytetari, aq ma tep\u00ebr i nj\u00eb sh\u00ebrb\u00ebtori t\u00eb denj\u00eb, si\u00e7 \u00ebsht\u00eb Dom Vlashi!<\/p>\n<p>Besoj se me Dom Vlashin, do t\u00eb kemi nj\u00eb bised\u00eb m\u00eb t\u00eb detajuar, p\u00ebr Revisten Kuvendi!<\/p>\n<p>Mesh\u00ebn e ndoq\u00ebn qindra besimtar\u00eb, me shum\u00eb v\u00ebmendje, ku n\u00eb mesin e tyre ishim dhe un\u00eb e Martin Gjoci!<\/p>\n<p>I urojm\u00eb ta ket\u00eb kryer me sukses misionin p\u00ebr t\u00eb cilin kishte ardhur n\u00eb Michigan, mund\u00ebsimin e ndihm\u00ebs p\u00ebr t\u00eb rinovuar Katedralen e Shkodres, ( Kishen e Madhe), pasi prej vitesh nuk ishte v\u00ebn\u00eb dor\u00eb n\u00eb t\u00eb!<\/p>\n<p><a href=\"http:\/\/revistakuvendi.org\/wp-content\/uploads\/2025\/12\/Dom-Vlashi-dhe-une.jpg\"><img loading=\"lazy\" decoding=\"async\" class=\"alignleft size-medium wp-image-10265\" src=\"http:\/\/revistakuvendi.org\/wp-content\/uploads\/2025\/12\/Dom-Vlashi-dhe-une-271x300.jpg\" alt=\"\" width=\"271\" height=\"300\" srcset=\"https:\/\/revistakuvendi.org\/wp-content\/uploads\/2025\/12\/Dom-Vlashi-dhe-une-271x300.jpg 271w, https:\/\/revistakuvendi.org\/wp-content\/uploads\/2025\/12\/Dom-Vlashi-dhe-une.jpg 450w\" sizes=\"auto, (max-width: 271px) 100vw, 271px\" \/><\/a><\/p>\n<p>Fotot: Martin Gjoci<\/p>\n<p>&nbsp;<\/p>\n<p>Richester Hills,<\/p>\n<p>23 N\u00ebndor 2025<\/p>\n","protected":false},"excerpt":{"rendered":"<p>NJ\u00cb BEFASI E KANSHME! &nbsp; Pjeter Jaku &nbsp; Af\u00ebr dy muaj m\u00eb par\u00eb i kisha nisur Dom Fred Kalaj n\u00eb mesenger videon e nj\u00eb predikimi t\u00eb Dom Vlash Palaj n\u00eb Kish\u00ebn Katolike t\u00eb Shkodr\u00ebs! M\u00eb kishte p\u00eblqyer shum\u00eb! Nj\u00eb predikim, sa filozofik, aq edhe moral e i kuptuesh\u00ebm nga gjith\u00ebkush! T\u00eb kap\u00ebsh tema t\u00eb tilla,&hellip;<\/p>\n","protected":false},"author":1,"featured_media":10264,"comment_status":"open","ping_status":"open","sticky":false,"template":"","format":"standard","meta":{"footnotes":""},"categories":[11],"tags":[],"class_list":["post-10263","post","type-post","status-publish","format-standard","has-post-thumbnail","hentry","category-publicistike"],"_links":{"self":[{"href":"https:\/\/revistakuvendi.org\/index.php?rest_route=\/wp\/v2\/posts\/10263","targetHints":{"allow":["GET"]}}],"collection":[{"href":"https:\/\/revistakuvendi.org\/index.php?rest_route=\/wp\/v2\/posts"}],"about":[{"href":"https:\/\/revistakuvendi.org\/index.php?rest_route=\/wp\/v2\/types\/post"}],"author":[{"embeddable":true,"href":"https:\/\/revistakuvendi.org\/index.php?rest_route=\/wp\/v2\/users\/1"}],"replies":[{"embeddable":true,"href":"https:\/\/revistakuvendi.org\/index.php?rest_route=%2Fwp%2Fv2%2Fcomments&post=10263"}],"version-history":[{"count":1,"href":"https:\/\/revistakuvendi.org\/index.php?rest_route=\/wp\/v2\/posts\/10263\/revisions"}],"predecessor-version":[{"id":10266,"href":"https:\/\/revistakuvendi.org\/index.php?rest_route=\/wp\/v2\/posts\/10263\/revisions\/10266"}],"wp:featuredmedia":[{"embeddable":true,"href":"https:\/\/revistakuvendi.org\/index.php?rest_route=\/wp\/v2\/media\/10264"}],"wp:attachment":[{"href":"https:\/\/revistakuvendi.org\/index.php?rest_route=%2Fwp%2Fv2%2Fmedia&parent=10263"}],"wp:term":[{"taxonomy":"category","embeddable":true,"href":"https:\/\/revistakuvendi.org\/index.php?rest_route=%2Fwp%2Fv2%2Fcategories&post=10263"},{"taxonomy":"post_tag","embeddable":true,"href":"https:\/\/revistakuvendi.org\/index.php?rest_route=%2Fwp%2Fv2%2Ftags&post=10263"}],"curies":[{"name":"wp","href":"https:\/\/api.w.org\/{rel}","templated":true}]}}