{"id":10197,"date":"2024-10-10T22:53:14","date_gmt":"2024-10-10T22:53:14","guid":{"rendered":"https:\/\/revistakuvendi.org\/?p=10197"},"modified":"2024-10-10T22:53:14","modified_gmt":"2024-10-10T22:53:14","slug":"poezi-nga-pranvera-qerimi","status":"publish","type":"post","link":"https:\/\/revistakuvendi.org\/?p=10197","title":{"rendered":"Poezi nga Pranvera Qerimi"},"content":{"rendered":"\n<figure class=\"wp-block-image size-full\"><a href=\"https:\/\/revistakuvendi.org\/wp-content\/uploads\/2024\/10\/Vera-1.jpg\"><img loading=\"lazy\" decoding=\"async\" width=\"200\" height=\"165\" src=\"https:\/\/revistakuvendi.org\/wp-content\/uploads\/2024\/10\/Vera-1.jpg\" alt=\"\" class=\"wp-image-10198\"\/><\/a><\/figure>\n\n\n<p>ENGJELLORE\u00a0\u00a0<\/p>\n<p>&nbsp;<\/p>\n<p>&nbsp;<\/p>\n<p>E di q\u00eb je mb\u00ebshtjell\u00eb<\/p>\n<p>me \u00e7ar\u00e7afin e bardh\u00eb,<\/p>\n<p>qe ngjason me shpirtin t\u00ebnd<\/p>\n<p>t\u00eb rrall\u00eb!<\/p>\n<p>&nbsp;<\/p>\n<p>Q\u00eb, sa her\u00eb e ngriti kok\u00ebn buz\u00ebqeshi.<\/p>\n<p>E mbaj mend kur m\u00eb the,<\/p>\n<p>Fytyra e ngrysur nuk i shkon askujt!<\/p>\n<p>E mbaj mend edhe kur m\u00eb the:<\/p>\n<p>nj\u00eb shtrat qe \u00ebsht\u00eb krijuar p\u00ebr dy persona,<\/p>\n<p>nuk mbjell\u00eb far\u00ebn e dashuris\u00eb.<\/p>\n<p>&nbsp;<\/p>\n<p>Ngjall epsh dhe lumturi.<\/p>\n<p>Por, veprimi yt d\u00ebshmon \u00e7ka zgjedh ti.<\/p>\n<p>\u00c7do gj\u00eb ka dy an\u00eb<\/p>\n<p>si monedha, qe trurin ta shp\u00ebrlan<\/p>\n<p>por, e di \u00e7far\u00eb?<\/p>\n<p>Monedha m\u00eb ngjan edhe<\/p>\n<p>Me dik\u00ebnd tjet\u00ebr,<\/p>\n<p>ndoshta edhe e di,<\/p>\n<p>S\u2019ka kush t\u00eb jet\u00eb tjet\u00ebr ore,<\/p>\n<p>\u00a0\u00e7ka hutohesh?<\/p>\n<p>Me qenien me t\u00eb bukur.<\/p>\n<p>T\u00eb gjith\u00eb vrapojn\u00eb pas saj.<\/p>\n<p>Por, t\u00eb dyja kan\u00eb t\u00eb nj\u00ebjt\u00ebn veti,<\/p>\n<p>nuk ngopesh nga to,<\/p>\n<p>si me qen\u00eb kafsh\u00eb e jo njeri!<\/p>\n<p>Madje, edhe t\u00eb dyat t\u00eb zbresin e t\u00eb ngritin,<\/p>\n<p>si nj\u00eb l\u00ebnd\u00eb e pa shpirt p\u00ebr \u00e7do f\u00ebmij\u00eb.<\/p>\n<p>Po mua krejt \u00e7ka me ka mbet,<\/p>\n<p>besoj e di ti.<\/p>\n<p>Me i shiku yjet q\u00eb lozin pa nd\u00ebrprer\u00eb<\/p>\n<p>E, kur nj\u00ebri prej tyre bie si shigjet\u00eb<\/p>\n<p>Un\u00eb me t\u00eb, s\u00eb bashku me u tret.<\/p>","protected":false},"excerpt":{"rendered":"<p>ENGJELLORE\u00a0\u00a0 &nbsp; &nbsp; E di q\u00eb je mb\u00ebshtjell\u00eb me \u00e7ar\u00e7afin e bardh\u00eb, qe ngjason me shpirtin t\u00ebnd t\u00eb rrall\u00eb! &nbsp; Q\u00eb, sa her\u00eb e ngriti kok\u00ebn buz\u00ebqeshi. E mbaj mend kur m\u00eb the, Fytyra e ngrysur nuk i shkon askujt! E mbaj mend edhe kur m\u00eb the: nj\u00eb shtrat qe \u00ebsht\u00eb krijuar p\u00ebr dy persona,&hellip;<\/p>\n","protected":false},"author":1,"featured_media":10198,"comment_status":"open","ping_status":"open","sticky":false,"template":"","format":"standard","meta":{"footnotes":""},"categories":[5],"tags":[],"class_list":["post-10197","post","type-post","status-publish","format-standard","has-post-thumbnail","hentry","category-letersi"],"_links":{"self":[{"href":"https:\/\/revistakuvendi.org\/index.php?rest_route=\/wp\/v2\/posts\/10197","targetHints":{"allow":["GET"]}}],"collection":[{"href":"https:\/\/revistakuvendi.org\/index.php?rest_route=\/wp\/v2\/posts"}],"about":[{"href":"https:\/\/revistakuvendi.org\/index.php?rest_route=\/wp\/v2\/types\/post"}],"author":[{"embeddable":true,"href":"https:\/\/revistakuvendi.org\/index.php?rest_route=\/wp\/v2\/users\/1"}],"replies":[{"embeddable":true,"href":"https:\/\/revistakuvendi.org\/index.php?rest_route=%2Fwp%2Fv2%2Fcomments&post=10197"}],"version-history":[{"count":1,"href":"https:\/\/revistakuvendi.org\/index.php?rest_route=\/wp\/v2\/posts\/10197\/revisions"}],"predecessor-version":[{"id":10199,"href":"https:\/\/revistakuvendi.org\/index.php?rest_route=\/wp\/v2\/posts\/10197\/revisions\/10199"}],"wp:featuredmedia":[{"embeddable":true,"href":"https:\/\/revistakuvendi.org\/index.php?rest_route=\/wp\/v2\/media\/10198"}],"wp:attachment":[{"href":"https:\/\/revistakuvendi.org\/index.php?rest_route=%2Fwp%2Fv2%2Fmedia&parent=10197"}],"wp:term":[{"taxonomy":"category","embeddable":true,"href":"https:\/\/revistakuvendi.org\/index.php?rest_route=%2Fwp%2Fv2%2Fcategories&post=10197"},{"taxonomy":"post_tag","embeddable":true,"href":"https:\/\/revistakuvendi.org\/index.php?rest_route=%2Fwp%2Fv2%2Ftags&post=10197"}],"curies":[{"name":"wp","href":"https:\/\/api.w.org\/{rel}","templated":true}]}}