{"id":10115,"date":"2024-03-10T01:52:45","date_gmt":"2024-03-10T01:52:45","guid":{"rendered":"https:\/\/revistakuvendi.org\/?p=10115"},"modified":"2024-03-10T01:52:45","modified_gmt":"2024-03-10T01:52:45","slug":"vjet-ne-lezhe","status":"publish","type":"post","link":"https:\/\/revistakuvendi.org\/?p=10115","title":{"rendered":"VJET NE LEZHE"},"content":{"rendered":"\n<figure class=\"wp-block-image size-full\"><a href=\"https:\/\/revistakuvendi.org\/wp-content\/uploads\/2024\/03\/elikoop.jpg\"><img loading=\"lazy\" decoding=\"async\" width=\"190\" height=\"233\" src=\"https:\/\/revistakuvendi.org\/wp-content\/uploads\/2024\/03\/elikoop.jpg\" alt=\"\" class=\"wp-image-10116\"\/><\/a><\/figure>\n\n\n<p>Gusht 2023<\/p>\n<p>ELINDA MARKU<br \/>\u2026.<br \/>Shpesh her\u00eb m\u00eb ngat\u00ebrrohen ndjenja e krenaris\u00eb me ndjenjen e fajit, sa her\u00eb e shoh bijen time q\u00eb, edhe pse ka lindur p\u00ebrtej oqeanit, p\u00ebrlotet e mall\u00ebngjehet p\u00ebr Shqip\u00ebrin\u00eb. ( ma sakt\u00eb p\u00ebr Mirditen dhe Lezh\u00ebn)!<\/p>\n<p>Ver\u00ebn e kaluar, kaluam 49 dit\u00eb, midis Lezh\u00ebs dhe Mirdites, ani pse, bujtem t\u00eb gjitha net\u00ebt n\u00eb Lezh\u00eb, n\u00eb nj\u00eb apartament me qera, tek Rruga \u201cShtraus \u201c.<br \/>\u2026<br \/>Nga t\u00eb gjitha rastet, kur Mara ime asht p\u00ebrlot, po p\u00ebrmend vet\u00ebm 2-3!<br \/>\u2026<br \/>N\u00eb pallatin p\u00ebrball\u00eb tonit, \u00e7do mbasdite, kur prisnim t\u00eb vinte Pashku i am\u00ebl dhe Salvadori i urt\u00eb, nga ballkoni yn\u00eb shihnim dy tre gra, q\u00eb dukeshin si engjuj, jo sall se ishin t\u00eb veshura me rrobat e bardha bor\u00eb, ato t\u00eb Mirdites por, se v\u00ebrtet ashtu i ndjenim\u2026! <br \/>Mares, mbas nje jave, iu ba zakon t\u00eb dilte n\u00eb ballkon, sapo n\u00eb ballkonet p\u00ebrball\u00eb binte hija, q\u00eb t\u00eb shihte Engjejt!! Madje, m\u00eb thoshte: Mam, sa t\u00eb b\u00ebhesh ti gati, un\u00eb po rri n\u00eb ballkon, t\u00eb shijoj pak mir\u00ebsin\u00eb e asaj nan\u00ebs s\u00eb \u201c vog\u00ebl \u201c q\u00eb lshon drit\u00eb drejt ballkonit ton\u00eb!! <br \/>Nj\u00eb nga k\u00ebto \u00e7astet kur, dilnim n\u00eb ballkon, ma shum\u00eb p\u00ebr t\u00eb par\u00eb nan\u00ebmirat, se sa p\u00ebr t\u00eb tjerat arsye, e pash\u00eb t\u2019i mbusheshin syt\u00eb me rruzuj lot\u00ebsh.<br \/>-Mara, \u00e7a po mendon?- e pyeta. <br \/>Dhe ajo m\u2019u p\u00ebrgjigj:<br \/>-E shoh k\u00ebt\u00eb gruan q\u00eb m\u00eb asht ba si \u00ebngj\u00ebll, dhe m\u00eb vjen t\u00eb qaj , dhe m\u00eb vjen t\u00eb trishtohem, dhe m\u00eb vjen frik\u00eb t\u2019ia kthej shpinen, kur mendoj se, nj\u00eb nga vitet e ardhshme, nuk do t\u2019i shohim ma , nuk do t\u2019i ndjejm\u00eb ma, k\u00ebto \u00ebngjej, q\u00eb vit p\u00ebr vit rrallohen!! <br \/>Edhe pse kjo n\u00ebna p\u00ebrball\u00eb nesh, as q\u00eb e ka iden\u00eb, q\u00eb un\u00eb ekzistoj, q\u00eb un\u00eb e dua \u00e7udit\u00ebrisht fort, aq fort, q\u00eb un\u00eb dua, t\u00eb mos vdes\u00eb kurr\u00eb! <br \/>\u2026<br \/>Ndoshta lot\u00ebt e mij nuk kan\u00eb pik\u00eb kuptimi, por kjo nana n\u00eb ballkonin p\u00ebrball\u00eb ka aq shum\u00eb kuptim p\u00ebr mua!!!<br \/>\u2026.<br \/>Nga frika mos do t\u2019ia plasja t\u00eb qar\u00ebs, nga \u00e7far\u00eb m\u00eb tha Mara, vrapova brenda, sikur kisha harruar di\u00e7ka mbi sob\u00eb!!!<br \/>\u2026<br \/>Nj\u00eb rast tjet\u00ebr, ishte nj\u00eb dit\u00eb kur po pinim kafe me Salvadorin, Pjetrin dhe Maren tek njana nga kafenet\u00eb, q\u00eb shtrihen p\u00ebrgjat\u00eb bregut t\u00eb Drinit, kur na u afrua nje grua e vjet\u00ebr, por ishte e bukura e dheut, me nj\u00eb tuf\u00eb deg\u00eb sherbele, p\u00ebr ta shitur. Ia blem\u00eb sherbelen, por nuk ia morem, tuj i than\u00eb se na ban alergji! <br \/>Mu ba lamsh n\u00eb gryk\u00eb kafeja me gjith\u00eb lot\u00ebt dhe u ngrita e shkova me taku. Mbrapa meje vinte Mara! Nuk e di pse ndjeva nj\u00eb si mall ta p\u00ebrqafoja k\u00ebt\u00eb grua t\u00eb panjohur, t\u2019i puthja duart , t\u2019i prekja vath\u00ebt \u201c antike \u201d p\u00ebr t\u00eb cil\u00ebt edhe e pyeta! Dhe, m\u00eb tha: k\u00ebto jan\u00eb vathet q\u00eb me kan\u00eb pru p\u00ebr shej, kur jam feju. <br \/>Dy dit\u00eb ma von\u00eb, m\u00eb thot\u00eb Mara, me syt\u00eb plot uji, q\u00eb i peshonte brenda qerpik\u00ebve, t\u00eb mos i derdhej faqesh: <br \/>M\u00eb rrin mendja tek ajo gruaja e vog\u00ebl, q\u00eb shiste tuba sherbele, buz\u00eb Drinit! <br \/>Tek fytyra e saj e qeshur, mbas t\u00eb ciles fshihte nj\u00eb dhimbje, dhjetra dhimbje!<br \/>Dhe, tek forca e saj p\u00ebr t\u00eb mos \u201d lyp \u201c sall q\u00eb, ndoshta mendonte t\u00eb mos turp\u00ebronte djalin, q\u00eb mund ta kishte braktisur, nusen e djalit q\u00eb ndoshta e keqtrajtonte, ndoshta fatin, q\u00eb nuk i ishte gjetur, kurr\u00eb!!! Shiste tuba sherbele, p\u00ebr t\u00eb mos lypur m\u00ebshir\u00eb! <br \/>\u2026<br \/>Mara ime, ver\u00ebn q\u00eb shkoj, asht p\u00ebrlotur sa her\u00eb kemi udh\u00ebtuar buz\u00eb lumit Fan p\u00ebr n\u00eb Rr\u00ebshen. Dhe un\u00eb e di pse\u2026.!<br \/>Sepse, n\u2019 an\u00eb t\u2019 lumit, midis fshatit tim Fierz\u00eb dhe Rrubikut, jan\u00eb varrezat, ku pushon nana ime, t\u00eb cilen Mara ime e ka par\u00eb e takuar , ve\u00e7\u00ebse tek loti im, ma i madh se Oqeani, q\u00eb kap\u00ebrcejm\u00eb, sa her\u00eb shkojm\u00eb e vijm\u00eb n\u00eb Shqip\u00ebri!!!<br \/>\u2026<br \/>Mara ime mban arom\u00eb bije!<br \/>Mara ime mban edhe aromen e nan\u00ebs time! <br \/>Dhe, \u00e7do dit\u00eb e ma shum\u00eb pyes veten :<br \/>A me ka rritur Mara mua, apo un\u00eb Maren!!!<br \/>Sepse, gjith\u00ebmon\u00eb e v\u00ebrteta asht, se m\u00eb ka rritur Mara mua! M\u00eb ka rritur e m\u00eb ka ba Nan\u00eb!! Me ka ba njeri! Me ka ba fmij t\u00eb lumtur. <br \/>Nuk asht kurr\u00eb von\u00eb, t\u00eb bahesh fmij i lumtur, sidomos ata q\u00eb jan\u00eb rritur pa nan\u00eb!!!<br \/>\u2026<br \/>Teksa, i vetmi faj i rand\u00eb, q\u00eb mund t\u00eb kem ba un\u00eb me Maren, asht\u00eb fakti q\u00eb i kam ngjitur dashurin\u00eb p\u00ebr Shqip\u00ebrin\u00eb, ani pse ajo ma kthen. Dashuria p\u00ebr Shqip\u00ebrin\u00eb asht faji ma i bukur q\u00eb ke ba! Sepse, tek e fundit, ti mam\u00eb, je nj\u00eb Shqip\u00ebri e vockel prej mishi, kocke, loti dhe fryme!!!<\/p>\n<p>08 Mars 2024<\/p>","protected":false},"excerpt":{"rendered":"<p>Gusht 2023 ELINDA MARKU\u2026.Shpesh her\u00eb m\u00eb ngat\u00ebrrohen ndjenja e krenaris\u00eb me ndjenjen e fajit, sa her\u00eb e shoh bijen time q\u00eb, edhe pse ka lindur p\u00ebrtej oqeanit, p\u00ebrlotet e mall\u00ebngjehet p\u00ebr Shqip\u00ebrin\u00eb. ( ma sakt\u00eb p\u00ebr Mirditen dhe Lezh\u00ebn)! Ver\u00ebn e kaluar, kaluam 49 dit\u00eb, midis Lezh\u00ebs dhe Mirdites, ani pse, bujtem t\u00eb gjitha net\u00ebt&hellip;<\/p>\n","protected":false},"author":1,"featured_media":10116,"comment_status":"open","ping_status":"open","sticky":false,"template":"","format":"standard","meta":{"footnotes":""},"categories":[5],"tags":[],"class_list":["post-10115","post","type-post","status-publish","format-standard","has-post-thumbnail","hentry","category-letersi"],"_links":{"self":[{"href":"https:\/\/revistakuvendi.org\/index.php?rest_route=\/wp\/v2\/posts\/10115","targetHints":{"allow":["GET"]}}],"collection":[{"href":"https:\/\/revistakuvendi.org\/index.php?rest_route=\/wp\/v2\/posts"}],"about":[{"href":"https:\/\/revistakuvendi.org\/index.php?rest_route=\/wp\/v2\/types\/post"}],"author":[{"embeddable":true,"href":"https:\/\/revistakuvendi.org\/index.php?rest_route=\/wp\/v2\/users\/1"}],"replies":[{"embeddable":true,"href":"https:\/\/revistakuvendi.org\/index.php?rest_route=%2Fwp%2Fv2%2Fcomments&post=10115"}],"version-history":[{"count":1,"href":"https:\/\/revistakuvendi.org\/index.php?rest_route=\/wp\/v2\/posts\/10115\/revisions"}],"predecessor-version":[{"id":10117,"href":"https:\/\/revistakuvendi.org\/index.php?rest_route=\/wp\/v2\/posts\/10115\/revisions\/10117"}],"wp:featuredmedia":[{"embeddable":true,"href":"https:\/\/revistakuvendi.org\/index.php?rest_route=\/wp\/v2\/media\/10116"}],"wp:attachment":[{"href":"https:\/\/revistakuvendi.org\/index.php?rest_route=%2Fwp%2Fv2%2Fmedia&parent=10115"}],"wp:term":[{"taxonomy":"category","embeddable":true,"href":"https:\/\/revistakuvendi.org\/index.php?rest_route=%2Fwp%2Fv2%2Fcategories&post=10115"},{"taxonomy":"post_tag","embeddable":true,"href":"https:\/\/revistakuvendi.org\/index.php?rest_route=%2Fwp%2Fv2%2Ftags&post=10115"}],"curies":[{"name":"wp","href":"https:\/\/api.w.org\/{rel}","templated":true}]}}