{"id":10092,"date":"2024-03-02T14:19:26","date_gmt":"2024-03-02T14:19:26","guid":{"rendered":"https:\/\/revistakuvendi.org\/?p=10092"},"modified":"2024-03-02T14:19:26","modified_gmt":"2024-03-02T14:19:26","slug":"te-ftuar-ne-kuvend","status":"publish","type":"post","link":"https:\/\/revistakuvendi.org\/?p=10092","title":{"rendered":"TE FTUAR NE KUVEND!"},"content":{"rendered":"\n<figure class=\"wp-block-image size-full\"><a href=\"https:\/\/revistakuvendi.org\/wp-content\/uploads\/2024\/03\/FRAN-VOKRRI-KOPERTINE.jpg\"><img loading=\"lazy\" decoding=\"async\" width=\"180\" height=\"235\" src=\"https:\/\/revistakuvendi.org\/wp-content\/uploads\/2024\/03\/FRAN-VOKRRI-KOPERTINE.jpg\" alt=\"\" class=\"wp-image-10093\"\/><\/a><\/figure>\n\n\n<p>&nbsp;<\/p>\n<p><strong>N\u00eb rubriken e njohur \u201c I FTUAR NE KUVEND!\u201d<\/strong> Revista \u201cKUVENDI\u201d pati t\u00eb ftuar, drejtues t\u00eb Shoqat\u00ebs \u201cMirdita\u201d n\u00eb Detroit, me disa pyetje, n\u00eb lidhje me aktivitetin dyvje\u00e7ar t\u00eb k\u00ebsaj Shoqate. N\u00eb vazhdim t\u00eb k\u00ebsaj rubrike, do t\u00eb kemi edhe v\u00ebmendjen n\u00eb aktivitetin e disa shoqatave t\u00eb tjera t\u00eb komunitetit, si dhe t\u00eb mediave e rolit t\u00eb tyre. K\u00ebsaj here ftuam:<br \/>Albert Arapin, kryetar<br \/>Fran Vokrrin, n\u00ebnkryetar<br \/>Gjeuland Markun, sekretar<br \/>Dod Qafen, ark\u00ebtar<br \/>Paulin Markun, an\u00ebtar i k\u00ebshillit<\/p>\n<p>Po publikojm\u00eb dy bisedat t\u00eb cil\u00ebt u treguan t\u00eb gatsh\u00ebm p\u00ebr t\u2019u p\u00ebrgjigjur, nd\u00ebrsa Kryetari shkruante se ndodhej jasht\u00eb Amerikes, n\u00eb nj\u00eb aktivitet t\u00eb \u201c shoqates\u201d. Sekretari nuk p\u00ebrgjigjet, sepse kishte dh\u00ebn\u00eb dor\u00ebheqjen, ark\u00ebtari nuk dha ndonj\u00eb p\u00ebrgjigje.<\/p>\n<p>Pjet\u00ebr Jaku, botues i Kuvendit<br \/>02 mars 2024<\/p>\n\n<p><strong>Fran Vokrri, <\/strong><br \/><strong>N\u00ebnkryetar i Shoqates \u201c Mirdita\u201d<\/strong><\/p>\n<p>Z. Pjet\u00ebr, n\u00eb p\u00ebrgjigje t\u00eb inisiatives tuaj, p\u00ebr t\u00eb realizu nj\u00eb intervist\u00eb me drejtuesit e Shoqat\u00ebs \u201c Mirdita\u201d, me q\u00ebllim p\u00ebrmir\u00ebsimin e pun\u00ebs s\u00eb saj, do p\u00ebrpiqem t\u00eb jap t\u00eb v\u00ebrtet\u00ebn e funksionimit, nga zgjedhjet e fundit deri tani, periudh\u00eb p\u00ebr t\u00eb cilen jeni i intersuar. Ti, si mirditor dhe nism\u00ebtar i themlimit t\u00eb k\u00ebsaj Shoqate n\u00eb Amerik\u00eb ( e para e till\u00eb ) me 10 N\u00ebntor 2013, kam konstatuar n\u00eb m\u00ebnyr\u00eb t\u00eb vazhdueshme, interesimin t\u00ebnd p\u00ebr ecurin\u00eb e saj, n\u00ebp\u00ebrmjet sugjerimeve dhe ndihm\u00ebs konkrete n\u00eb shum\u00eb raste. Ndaj, un\u00eb mendoj, se kjo inisiativ\u00eb do t\u00eb kontriboj pozitivisht.<br \/>Faleminderit!<\/p>\n<p>1. Si mendoni se ka funksionu Shoqata \u201c MIRDITA\u201d n\u00eb periudhen Maj 2022 \u2013 Mars 2024, periudhe 22 mujore.<br \/>&#8211; Jo normale dhe pa efektivitet!<br \/>2. A \u00ebsht\u00eb zbatur Statuti i k\u00ebsaj Shoqate, n\u00eb k\u00ebt\u00eb periudh\u00eb?<br \/>&#8211; Jo!<br \/>3. A ka defekte Statuti dhe a njihet nga an\u00ebtar\u00ebt?<br \/>&#8211; Ka nevoj t\u00eb p\u00ebrmir\u00ebsohet. Se sa e njohin an\u00ebtar\u00ebt, t\u00eb gjith\u00eb e kan\u00eb pas\u00eb mund\u00ebsin\u00eb ta ken\u00eb!<br \/>4. N\u00eb nj\u00eb nga pikat e statutit kerkohet: \u201cArk\u00ebtari nuk ka t\u00eb drejt\u00eb t\u00eb b\u00ebj asnj\u00eb pages\u00eb, ose t\u00eb t\u00ebrheq nga llogaria bankare e Shoqat\u00ebs asnj\u00eb peni pa autorizimin e kryesise, ( drejtuesve t\u00eb saj ). \u00c7do mang\u00ebsi n\u00eb k\u00ebt\u00eb drejtim konsiderohet shkelje e ligjit t\u00eb Shoqat\u00ebs.\u201d<br \/>&#8211; A ka ndodhur q\u00eb \u00ebsht\u00eb shkelur kjo nyje e statutit?<br \/>&#8211; Ka ndodhur! Konkretisht kur t\u00eb analizohet veprimtaria e ark\u00ebs!<br \/>5. N\u00eb statut thuhet: \u201cInformacioni \u00ebsht\u00eb detyr\u00eb e sekretarit, i cili duhet ta nis n\u00eb posten e secilit an\u00ebtar nj\u00eb her\u00eb n\u00eb tre muaj.\u201d<br \/>&#8211; Jo! Informimi nuk \u00ebsht\u00eb realizu!<br \/>6. Si \u00ebsht\u00eb funksionimi i t\u00eb zgjedhurve, sidomos kryetarit me kryesin\u00eb dhe k\u00ebshillin?<br \/>&#8211; Jo normal!<br \/>7. Sa projekte p\u00ebr aktivitete t\u00eb Shoqat\u00ebs jan\u00eb diskutuar dhe miratuar n\u00eb K\u00ebshill?<br \/>&#8211; Diskutu jan\u00eb, miratuar dhe zbatuar asnj\u00eb!<br \/>8. N\u00ebse Shoqata nuk ka funksionuar si duhet, kur mendoni t\u00eb b\u00ebni zgjedhjet e reja, pasi n\u00eb maj t\u00eb k\u00ebti viti mbaron mandati i k\u00ebsaj kryesie.<br \/>&#8211; Esht\u00eb k\u00ebrkuar p\u00ebr zgjedhje t\u00eb parakoh\u00ebshme, por nuk \u00ebsht\u00eb konkluduar.<br \/>9. Nga dhjetori deri tani, b\u00ebh\u00ebn tri takime dhe, asnj\u00ebri prej tyre nuk pasqyrohet n\u00eb t\u00eb vetmen dritare mediatike, facebook-un e shoqat\u00ebs, si dhe n\u00eb k\u00ebt\u00eb dritare nuk \u00ebsht\u00eb par\u00eb asnj\u00ebher\u00eb veprimtaria e an\u00ebtar\u00ebve t\u00eb k\u00ebsaj shoqate?<br \/>&#8211; Shoqat\u00ebs nuk i ka sh\u00ebrby facebook-u dhe nuk \u00ebsht\u00eb marr\u00eb n\u00eb analiz\u00eb asnj\u00ebher\u00eb!<\/p>\n<p><br \/><strong>Bisedoi: Pjeter Jaku<\/strong><br \/><strong>29 shkurt 2024<\/strong><\/p>","protected":false},"excerpt":{"rendered":"<p>&nbsp; N\u00eb rubriken e njohur \u201c I FTUAR NE KUVEND!\u201d Revista \u201cKUVENDI\u201d pati t\u00eb ftuar, drejtues t\u00eb Shoqat\u00ebs \u201cMirdita\u201d n\u00eb Detroit, me disa pyetje, n\u00eb lidhje me aktivitetin dyvje\u00e7ar t\u00eb k\u00ebsaj Shoqate. N\u00eb vazhdim t\u00eb k\u00ebsaj rubrike, do t\u00eb kemi edhe v\u00ebmendjen n\u00eb aktivitetin e disa shoqatave t\u00eb tjera t\u00eb komunitetit, si dhe t\u00eb mediave&hellip;<\/p>\n","protected":false},"author":1,"featured_media":10093,"comment_status":"open","ping_status":"open","sticky":false,"template":"","format":"standard","meta":{"footnotes":""},"categories":[12],"tags":[],"class_list":["post-10092","post","type-post","status-publish","format-standard","has-post-thumbnail","hentry","category-jete-komuniteti"],"_links":{"self":[{"href":"https:\/\/revistakuvendi.org\/index.php?rest_route=\/wp\/v2\/posts\/10092","targetHints":{"allow":["GET"]}}],"collection":[{"href":"https:\/\/revistakuvendi.org\/index.php?rest_route=\/wp\/v2\/posts"}],"about":[{"href":"https:\/\/revistakuvendi.org\/index.php?rest_route=\/wp\/v2\/types\/post"}],"author":[{"embeddable":true,"href":"https:\/\/revistakuvendi.org\/index.php?rest_route=\/wp\/v2\/users\/1"}],"replies":[{"embeddable":true,"href":"https:\/\/revistakuvendi.org\/index.php?rest_route=%2Fwp%2Fv2%2Fcomments&post=10092"}],"version-history":[{"count":1,"href":"https:\/\/revistakuvendi.org\/index.php?rest_route=\/wp\/v2\/posts\/10092\/revisions"}],"predecessor-version":[{"id":10094,"href":"https:\/\/revistakuvendi.org\/index.php?rest_route=\/wp\/v2\/posts\/10092\/revisions\/10094"}],"wp:featuredmedia":[{"embeddable":true,"href":"https:\/\/revistakuvendi.org\/index.php?rest_route=\/wp\/v2\/media\/10093"}],"wp:attachment":[{"href":"https:\/\/revistakuvendi.org\/index.php?rest_route=%2Fwp%2Fv2%2Fmedia&parent=10092"}],"wp:term":[{"taxonomy":"category","embeddable":true,"href":"https:\/\/revistakuvendi.org\/index.php?rest_route=%2Fwp%2Fv2%2Fcategories&post=10092"},{"taxonomy":"post_tag","embeddable":true,"href":"https:\/\/revistakuvendi.org\/index.php?rest_route=%2Fwp%2Fv2%2Ftags&post=10092"}],"curies":[{"name":"wp","href":"https:\/\/api.w.org\/{rel}","templated":true}]}}