{"id":10071,"date":"2023-12-07T02:15:58","date_gmt":"2023-12-07T02:15:58","guid":{"rendered":"https:\/\/revistakuvendi.org\/?p=10071"},"modified":"2023-12-07T02:15:58","modified_gmt":"2023-12-07T02:15:58","slug":"hallet-e-medha-te-vatres-nga-sergio-bitici","status":"publish","type":"post","link":"https:\/\/revistakuvendi.org\/?p=10071","title":{"rendered":"Hallet e Medha te Vatres, nga SERGIO BITICI"},"content":{"rendered":"\n<figure class=\"wp-block-image size-full\"><a href=\"https:\/\/revistakuvendi.org\/wp-content\/uploads\/2023\/12\/SERGIO-kopertine.jpg\"><img loading=\"lazy\" decoding=\"async\" width=\"200\" height=\"201\" src=\"https:\/\/revistakuvendi.org\/wp-content\/uploads\/2023\/12\/SERGIO-kopertine.jpg\" alt=\"\" class=\"wp-image-10072\" srcset=\"https:\/\/revistakuvendi.org\/wp-content\/uploads\/2023\/12\/SERGIO-kopertine.jpg 200w, https:\/\/revistakuvendi.org\/wp-content\/uploads\/2023\/12\/SERGIO-kopertine-150x150.jpg 150w, https:\/\/revistakuvendi.org\/wp-content\/uploads\/2023\/12\/SERGIO-kopertine-50x50.jpg 50w\" sizes=\"auto, (max-width: 200px) 100vw, 200px\" \/><\/a><\/figure>\n\n\n<p>Jam an\u00ebtar i mir\u00ebfillt\u00eb dhe kontributor i madh prej vitit 1967, t\u00eb cilin kredit e g\u00ebzojn\u0113 edhe tre vllaznit e mij n\u00eb aktivitet t\u00eb gjat\u00eb n\u00eb Vat\u00ebr, tue fillue nji vit ma von\u00eb, si t\u00eb emigruem t\u00eb ri n\u00eb SHBA.<\/p>\n<p>Lista ime q\u00eb vijon ma posht\u00eb i ngjan ma fort nji skice, apo nji draft i planifikuem seriozisht t\u00eb nji Nji Libri t\u00eb Zi p\u00ebr Federat\u00ebn Legjendare t\u00eb Vatr\u00ebs, prej vjetit 2017 deri m\u00eb sot.<\/p>\n<p>Jo! Jan\u00eb nji pjes\u00eb pyetjesh, q\u00eb drejtuesit ( ata pak q\u00eb jan\u00eb), t\u00eb cilat jan\u00eb reale dhe qind p\u00ebr qind t\u00eb v\u00ebrteta, t\u00eb cilat jan\u00eb drejtue prej patriot\u00ebve e dashamir\u00ebve t\u00eb Vatr\u00ebs nga t\u00eb gjitha an\u00ebt. <br \/>Fatkeq\u00ebsisht e p\u00ebr turp, t\u00eb gjitha kan has\u00eb n\u00eb vesh t\u00eb shurdh\u00ebt.<br \/>Nuk do t\u00eb mirrem as me polemika, kritika, shpifje, apo komplikime e mashtrime t\u00eb krijueme vet nga drejtuesit aktual t\u00eb Vatr\u00ebs.<br \/>Nse k\u00ebto pyetje nuk mirren seriozisht e me konsiderat\u00eb, si urgjenc\u00eb q\u00eb jan\u00eb sot, at\u00ebher\u00eb an\u00ebtarsia do ta shqyrtoj\u00eb situat\u00ebn me nji zgjidhje t\u00eb nevojshme e ligjore, sepse askush nuk asht mbi Ligjin, Kanunoren as Vatren.<br \/>Nji gja m\u00eb jep kurajo, se Sekretari i posacaktuem, Dr. Pashk Camaj asht burri ma inteligjent e i shkolluem i grupit, prandaj nse ai tregon rracionalitet e logjik\u00eb, ka shpres\u00eb se mund t\u00eb mb\u00ebrrihet nji marr\u00ebveshje.<\/p>\n<p>41 pyetjet dhe komentet:<\/p>\n<p><strong>Vatra sot me skandale shkeljesh ligji si asnji organizat\u00eb n\u0113 SHBA<\/strong><br \/><strong>Ka cenzur\u00eb strikte, q\u00eb i ngjet atyne vendeve super komuniste<\/strong><br \/><strong>\u00c7ashtja e taksave \u00e7erek vjetore (quarterly Federaland State taxes not filed in 3 years)<\/strong><br \/><strong>P\u00ebrjashtohen deg\u00eb nga drejtuesi ilegjitim <\/strong><br \/><strong>P\u00ebrjashtohen individ\u00eb t\u00eb mir\u00ebfillt\u00eb<\/strong><br \/><strong>Vatra si tradit\u00eb mbante mbledhje \u00e7do muej, si\u00e7 e k\u00ebrkon Kanunorja <\/strong><br \/><strong>Tashi gjith\u00ebsejt jan\u00eb mbajt\u00eb nji apo dy n\u00eb k\u00ebto kat\u00ebr vjet<\/strong><br \/><strong>Dera p\u00ebr an\u00ebtarsin\u00eb e dashamir\u00ebve ka qen\u00eb e mbyllun n\u00eb Vat\u00ebr<\/strong><br \/><strong>P\u00ebrse Kuvendi i 2017 u quejt KUVENDI I TURPIT dhe poashtu dy Kuvendet tjera n\u00eb vijim vertetuen t\u00eb pasakt\u00ebsi n\u00eb Kanunore, jo komplete dhe ilegjitime?<\/strong><br \/><strong>Ku mbeti pro\u00e7es verbali dhe transparenca e k\u00ebtyne Kuvendeve?<\/strong><br \/><strong>Transparenca dhe komunikimi me Vatran\u0113t mbetet n\u00eb nivelin zero<\/strong><br \/><strong>Kur an\u00ebtar\u00ebt e mirfillt\u00eb lypin dialog e marr\u00ebveshje, drejtuesit nd\u00ebrrojn\u00eb bravat, n\u00eb ma se dy raste<\/strong><br \/><strong>Shembull i pa nd\u00ebgjuem n\u00eb Demokracin\u00eb e ShBA.<\/strong><br \/><strong>Caktimi e katapultimi i n\u00ebpun\u00ebsve n\u00eb kundd\u00ebrshtim me Kanunoren.<\/strong><br \/><strong>Ndryshimi arbitrar, i fsheh\u00ebt i &#8220;mast&#8221; t\u00eb Diellit ku eliminohen personalitete komb\u00ebtare,ata q\u00eb mendojn\u00eb ndryshe<\/strong><br \/><strong>Fryma e themeluesve t\u00eb Vatr\u00ebs: organizat\u0113 patriotike, jo politike.<\/strong><br \/><strong>Asht Federat\u00eb Shqiptare e Amerik\u00ebs<\/strong><br \/><strong>Buxheti vjetor i Vatr\u0113s i pa deklaruem asnjiher\u00eb p\u00ebr Vatran\u00ebt<\/strong><br \/><strong>T\u00eb hyme e t\u00eb daluna, t\u0113 pa transparenc\u00eb.<\/strong><br \/><strong>Nji audit profesional duhet urgjent\u00ebsisht. E thot\u00eb Kanunorja e Ligji n\u00eb Amerik\u00eb.<\/strong><br \/><strong>Transparenc\u00eb p\u00ebr fondet e mbledhuna p\u00ear Termetin e Durr\u00ebsit, p\u00ebrse fshihen?<\/strong><br \/><strong>Liderer\u00ebt e kombit prit\u00ebn tinzisht n\u00eb selin\u00ea e Vatr\u00ebs.Pa dijenin\u00eb e Bordit<\/strong><br \/><strong>Biblioteka e Vatr\u00ebs n\u00eb gjende kaotike, pa katalogim e pa organizim<\/strong><br \/><strong>P\u00ebrse injorohen urdh\u0113nat e Kanunor\u00ebs p\u00ebr mbledhjet mujore t\u00eb Bordit?<\/strong><br \/><strong>Nga na erdhi n\u00eb Vat\u00ebr shprehja &#8220;shef i protokollit?<\/strong><br \/><strong>Federata pa administrat\u00eb t\u00eb rregullt\u00eb, pa avokat e pa kontabilist (accountant)<\/strong><br \/><strong>Nuk na shfaqin numrin e vertet\u00eb t\u00eb an\u0113tar\u00ebve q\u00eb kan\u00eb pague kuoten vjetore.<\/strong><br \/><strong>Sekretarja e mohueme dhe e keqtrajtueme p\u00ebrjashtohet n\u00eb m\u00ebnyr\u00eb barbare<\/strong><br \/><strong>Perflitet se drejtuesit bajn\u00eb business n\u00eb Atdhe, t\u00eb stilit Hunter Biden<\/strong><br \/><strong>Vatra e Konic\u00ebs ka shpreh mospajtimet me bab\u00ebn e Pavar\u00ebsis\u00eb Ismail Qemali<\/strong><br \/><strong>Vatra sot nuk kritikon Tha\u00e7in p\u00ebr tradh\u00ebti Komb\u00ebtare, por i ofron audienc\u00eb n\u00eb seli<\/strong><br \/><strong>Vatra nuk kritikon tradh\u00ebtarin tjet\u00ebr socialist, q\u00eb bashk\u00ebpunon me Vu\u00e7i\u00e7<\/strong><br \/><strong>Vatra pranoi vizit\u0113n sekrete t\u00eb ministres Nikolla, e ardhun si uzurpatore me sherr<\/strong><br \/><strong>Vatra shkruen letra intim\u00edduese e k\u00ebrcnuese.<\/strong><br \/><strong>Vatra ban k\u00ebrcnime ilegjitime me avokat.<\/strong><br \/><strong>Dy her\u00eb paditje n\u00eb gjyq, me shpenzimet e Vatr\u00ebs, pa konsultim profesional.<\/strong><br \/><strong>DREJTUESIT PA MANDAT DHE ILEGJITIM.<\/strong><br \/><strong>VATRA, KLUB SOCIAL I NJI RRETHI &#8220;T\u00cb NGUSHT\u00cb&#8221; thuhet<\/strong><br \/><strong>Transparenc\u00eb p\u00ebr statusin e nd\u00ebrtes\u00ebs, prona etj. dhe stastusi NONPROFIT i Vatr\u0113s.<\/strong><\/p>\n<p>41 pyetjet, q\u00eb me keqardhje sot bah\u00ebn publike. Jan\u00eb drejtue e fol\u00eb shum\u00eb her\u00eb, por Vatra nuk asht p\u0113rgjigj, as nuk ka bashk\u0113punue me Vatran\u00ebt.Personalisht marr p\u00ebrgjegj\u0113sin\u00eb me skjarue t\u00eb gjitha pyetjet n\u00eb k\u00ebt\u00eb pytsor, nji nga nji.<br \/>Kjo situat\u00eb n\u00eb Vat\u00ebr asht serioze dhe jo personale, q\u00eb duhet t\u00eb zgjidhet me urgjenc\u00eb.<br \/>Planifikoj me qen\u00eb prezent n\u00eb mbledhjen e 9 Dhetorit n\u00eb Vat\u00ebr, si\u00e7 asht paralajmue.<\/p>\n<p>Mir\u00ebupafshim,<\/p>","protected":false},"excerpt":{"rendered":"<p>Jam an\u00ebtar i mir\u00ebfillt\u00eb dhe kontributor i madh prej vitit 1967, t\u00eb cilin kredit e g\u00ebzojn\u0113 edhe tre vllaznit e mij n\u00eb aktivitet t\u00eb gjat\u00eb n\u00eb Vat\u00ebr, tue fillue nji vit ma von\u00eb, si t\u00eb emigruem t\u00eb ri n\u00eb SHBA. Lista ime q\u00eb vijon ma posht\u00eb i ngjan ma fort nji skice, apo nji draft&hellip;<\/p>\n","protected":false},"author":1,"featured_media":10072,"comment_status":"open","ping_status":"open","sticky":false,"template":"","format":"standard","meta":{"footnotes":""},"categories":[9],"tags":[],"class_list":["post-10071","post","type-post","status-publish","format-standard","has-post-thumbnail","hentry","category-kritike"],"_links":{"self":[{"href":"https:\/\/revistakuvendi.org\/index.php?rest_route=\/wp\/v2\/posts\/10071","targetHints":{"allow":["GET"]}}],"collection":[{"href":"https:\/\/revistakuvendi.org\/index.php?rest_route=\/wp\/v2\/posts"}],"about":[{"href":"https:\/\/revistakuvendi.org\/index.php?rest_route=\/wp\/v2\/types\/post"}],"author":[{"embeddable":true,"href":"https:\/\/revistakuvendi.org\/index.php?rest_route=\/wp\/v2\/users\/1"}],"replies":[{"embeddable":true,"href":"https:\/\/revistakuvendi.org\/index.php?rest_route=%2Fwp%2Fv2%2Fcomments&post=10071"}],"version-history":[{"count":1,"href":"https:\/\/revistakuvendi.org\/index.php?rest_route=\/wp\/v2\/posts\/10071\/revisions"}],"predecessor-version":[{"id":10073,"href":"https:\/\/revistakuvendi.org\/index.php?rest_route=\/wp\/v2\/posts\/10071\/revisions\/10073"}],"wp:featuredmedia":[{"embeddable":true,"href":"https:\/\/revistakuvendi.org\/index.php?rest_route=\/wp\/v2\/media\/10072"}],"wp:attachment":[{"href":"https:\/\/revistakuvendi.org\/index.php?rest_route=%2Fwp%2Fv2%2Fmedia&parent=10071"}],"wp:term":[{"taxonomy":"category","embeddable":true,"href":"https:\/\/revistakuvendi.org\/index.php?rest_route=%2Fwp%2Fv2%2Fcategories&post=10071"},{"taxonomy":"post_tag","embeddable":true,"href":"https:\/\/revistakuvendi.org\/index.php?rest_route=%2Fwp%2Fv2%2Ftags&post=10071"}],"curies":[{"name":"wp","href":"https:\/\/api.w.org\/{rel}","templated":true}]}}