{"id":10046,"date":"2023-11-19T02:32:09","date_gmt":"2023-11-19T02:32:09","guid":{"rendered":"https:\/\/revistakuvendi.org\/?p=10046"},"modified":"2023-11-19T02:32:09","modified_gmt":"2023-11-19T02:32:09","slug":"salvator-gjeci-antologjia-poetike-1991-2023","status":"publish","type":"post","link":"https:\/\/revistakuvendi.org\/?p=10046","title":{"rendered":"SALVATOR GJE\u00c7I, ANTOLOGJIA POETIKE 1991-2023"},"content":{"rendered":"\n<figure class=\"wp-block-image size-full\"><a href=\"https:\/\/revistakuvendi.org\/wp-content\/uploads\/2023\/11\/SALVADOR-kopertine.jpg\"><img loading=\"lazy\" decoding=\"async\" width=\"170\" height=\"212\" src=\"https:\/\/revistakuvendi.org\/wp-content\/uploads\/2023\/11\/SALVADOR-kopertine.jpg\" alt=\"\" class=\"wp-image-10047\"\/><\/a><\/figure>\n\n\n<p>&nbsp;<\/p>\n<p>&nbsp;<\/p>\n<h3>PONC PILATIT<\/h3>\n<h3><br \/>Madh\u00ebria juaj Ponc Pilat:<br \/>N\u00eb em\u00ebr t\u00eb vullnetit t\u00eb shprehur nga turma,<br \/>Urdh\u00ebruat kryq\u00ebzimin e Jezusit,<br \/>Birin e Per\u00ebndis\u00eb,<br \/>Dhe vet\u00eb dol\u00ebt i lar\u00eb nga m\u00ebkati i vrasjes<br \/>Mbi t\u00eb gjitha vrasjet q\u00eb njohu bota.<br \/>E keqja tjet\u00ebr q\u00eb s\u2019po na shqitet, Pilat:<br \/>I m\u00ebsove njer\u00ebzis\u00eb<br \/>Si t\u00eb fitoj\u00eb e keqja me vota.<\/h3>\n<h3>\u00a0<\/h3>\n<h3>PEISAZH DIMEROR<\/h3>\n<h3>\u00a0<\/h3>\n<h3>Dielli s\u2019po ngroh m\u00eb si dikur,<br \/>Me rregullsi stinore,<br \/>E pem\u00ebt t\u00eb mashtruara<br \/>Po i \u00e7elin lulet m\u00eb her\u00ebt,<br \/>Pa u ardhur stina,<br \/>Dhe po abortojn\u00eb<br \/>Prej ngricash t\u00eb vona e t\u00eb pabesa;<br \/>Vajzat rrall\u00eb e m\u00eb rrall\u00eb<br \/>Po e sjellin n\u00eb paj\u00eb<br \/>Surprizen e nat\u00ebs s\u00eb par\u00eb;<br \/>Djemt\u00eb p\u00ebrher\u00eb e m\u00eb von\u00eb<br \/>Po k\u00ebrkojn\u00eb t\u00eb burr\u00ebrohen<br \/>Prej zhg\u00ebnjimeve q\u00eb i presin;<br \/>Burrat dhe zogjt\u00eb <br \/>Po harrohen shteg\u00ebtimeve,<br \/>Zonjat zot\u00ebr sht\u00ebpie po b\u00ebhen,<br \/>Pleqt\u00eb-gjysh\u00ebr t\u00eb mjer\u00eb,<br \/>Rojtar\u00eb sht\u00ebpie,<br \/>Thar\u00eb prej mallit,<br \/>Shurdhuar prej vetmie.<\/h3>\n<h3>\u00a0<\/h3>\n<p>&nbsp;<\/p>","protected":false},"excerpt":{"rendered":"<p>&nbsp; &nbsp; PONC PILATIT Madh\u00ebria juaj Ponc Pilat:N\u00eb em\u00ebr t\u00eb vullnetit t\u00eb shprehur nga turma,Urdh\u00ebruat kryq\u00ebzimin e Jezusit,Birin e Per\u00ebndis\u00eb,Dhe vet\u00eb dol\u00ebt i lar\u00eb nga m\u00ebkati i vrasjesMbi t\u00eb gjitha vrasjet q\u00eb njohu bota.E keqja tjet\u00ebr q\u00eb s\u2019po na shqitet, Pilat:I m\u00ebsove njer\u00ebzis\u00ebSi t\u00eb fitoj\u00eb e keqja me vota. \u00a0 PEISAZH DIMEROR \u00a0 Dielli s\u2019po&hellip;<\/p>\n","protected":false},"author":1,"featured_media":10047,"comment_status":"open","ping_status":"open","sticky":false,"template":"","format":"standard","meta":{"footnotes":""},"categories":[7],"tags":[],"class_list":["post-10046","post","type-post","status-publish","format-standard","has-post-thumbnail","hentry","category-poezi"],"_links":{"self":[{"href":"https:\/\/revistakuvendi.org\/index.php?rest_route=\/wp\/v2\/posts\/10046","targetHints":{"allow":["GET"]}}],"collection":[{"href":"https:\/\/revistakuvendi.org\/index.php?rest_route=\/wp\/v2\/posts"}],"about":[{"href":"https:\/\/revistakuvendi.org\/index.php?rest_route=\/wp\/v2\/types\/post"}],"author":[{"embeddable":true,"href":"https:\/\/revistakuvendi.org\/index.php?rest_route=\/wp\/v2\/users\/1"}],"replies":[{"embeddable":true,"href":"https:\/\/revistakuvendi.org\/index.php?rest_route=%2Fwp%2Fv2%2Fcomments&post=10046"}],"version-history":[{"count":1,"href":"https:\/\/revistakuvendi.org\/index.php?rest_route=\/wp\/v2\/posts\/10046\/revisions"}],"predecessor-version":[{"id":10048,"href":"https:\/\/revistakuvendi.org\/index.php?rest_route=\/wp\/v2\/posts\/10046\/revisions\/10048"}],"wp:featuredmedia":[{"embeddable":true,"href":"https:\/\/revistakuvendi.org\/index.php?rest_route=\/wp\/v2\/media\/10047"}],"wp:attachment":[{"href":"https:\/\/revistakuvendi.org\/index.php?rest_route=%2Fwp%2Fv2%2Fmedia&parent=10046"}],"wp:term":[{"taxonomy":"category","embeddable":true,"href":"https:\/\/revistakuvendi.org\/index.php?rest_route=%2Fwp%2Fv2%2Fcategories&post=10046"},{"taxonomy":"post_tag","embeddable":true,"href":"https:\/\/revistakuvendi.org\/index.php?rest_route=%2Fwp%2Fv2%2Ftags&post=10046"}],"curies":[{"name":"wp","href":"https:\/\/api.w.org\/{rel}","templated":true}]}}