{"id":10043,"date":"2023-11-19T02:16:18","date_gmt":"2023-11-19T02:16:18","guid":{"rendered":"https:\/\/revistakuvendi.org\/?p=10043"},"modified":"2023-11-19T02:16:18","modified_gmt":"2023-11-19T02:16:18","slug":"enkelejda-kondi-antologjia-poetike-1991-2023","status":"publish","type":"post","link":"https:\/\/revistakuvendi.org\/?p=10043","title":{"rendered":"ENKELEJDA KONDI, ANTOLOGJIA POETIKE 1991-2023"},"content":{"rendered":"\n<figure class=\"wp-block-image size-full\"><a href=\"https:\/\/revistakuvendi.org\/wp-content\/uploads\/2023\/11\/enkelejda-kondi-KOPERTINE.jpg\"><img loading=\"lazy\" decoding=\"async\" width=\"170\" height=\"221\" src=\"https:\/\/revistakuvendi.org\/wp-content\/uploads\/2023\/11\/enkelejda-kondi-KOPERTINE.jpg\" alt=\"\" class=\"wp-image-10044\"\/><\/a><\/figure>\n\n\n\n<p><\/p>\n\n\n<h3>NE PARIS<\/h3>\n<h3>U mbyta n\u00eb dallg\u00ebn e mendimeve t\u00eb tua, <br \/>N\u00eb mbr\u00ebmje ngjyr\u00eb blu dashurish. <br \/>Hodha hapa t\u00eb ngat\u00ebrruara an\u00ebs Sen\u00ebs,<br \/>P\u00ebrqafova qiellin t\u00ebnd<br \/>Dhe l\u00ebshova ajrit frym\u00ebn e shpres\u00ebs.<br \/>Vall\u00ebzova me melodin\u00eb q\u00eb m\u00eb shushuriti<br \/>\u00ebmb\u00ebl te veshi,<br \/>Dashurova fytyr\u00ebn t\u00ebnde n\u00eb dehjen e pranver\u00ebs, <br \/>S\u2019u lodha s\u00eb prituri prekjen t\u00ebnde&#8230;<\/h3>\n<h3>Le t\u00eb humbas tani n\u00eb gjirin t\u00ebnd, Paris, <br \/>N\u00eb frym\u00ebn t\u00ebnde le t\u00eb humbas.<\/h3>\n<h3><br \/>G R U A<\/h3>\n<h3>Un\u00eb jam grua,<br \/>But\u00ebsi puthjesh,<br \/>Zem\u00ebrdashuruar<br \/>Flok\u00ebl\u00ebshuar,<br \/>Arom\u00eb lulesh,<br \/>Ndjenj\u00eb e q\u00ebndisur<br \/>P\u00eblhurash t\u00eb bardha.<\/h3>\n<h3>Un\u00eb jam grua,<br \/>K\u00ebnga e jet\u00ebs<br \/>Melodi e pashterrur.<\/h3>\n<h3>Un\u00eb jam grua,<br \/>Gjysm\u00eb dashurie,<br \/>Muza e vargut,<br \/>Loti i dhimbjes,<br \/>Un\u00eb jam grua,<br \/>Dje, \u00ebndrra e nj\u00eb vajze\u2026<\/h3>\n<h3><br \/>DJALIT TIM<\/h3>\n<h3>U rrite, biri im,<br \/>U b\u00ebre burr\u00eb.<br \/>Vitet ikin<br \/>Dhe un\u00eb s\u2019i vura re,<br \/>I kuptova vet\u00ebm<br \/>Kur u ngrita n\u00eb maj\u00eb t\u00eb gishtave<br \/>Dhe t\u00eb putha<br \/>Dhe ndjeva nj\u00eb tjet\u00ebr parfum.<\/h3>\n<h3>E turp\u00ebruar, puthja ime<br \/>Mbi faqen t\u00ebnde<br \/>Si zog i trembur fluturoi<br \/>Dhe iku e u ndal<br \/>Mbi deg\u00ebn e nj\u00eb \u00ebndrre.<\/h3>\n<h3>U rrite, djali im, u b\u00ebre burr\u00eb!<\/h3>\n<h3>\u00a0<\/h3>\n<p>&nbsp;<\/p>","protected":false},"excerpt":{"rendered":"<p>NE PARIS U mbyta n\u00eb dallg\u00ebn e mendimeve t\u00eb tua, N\u00eb mbr\u00ebmje ngjyr\u00eb blu dashurish. Hodha hapa t\u00eb ngat\u00ebrruara an\u00ebs Sen\u00ebs,P\u00ebrqafova qiellin t\u00ebndDhe l\u00ebshova ajrit frym\u00ebn e shpres\u00ebs.Vall\u00ebzova me melodin\u00eb q\u00eb m\u00eb shushuriti\u00ebmb\u00ebl te veshi,Dashurova fytyr\u00ebn t\u00ebnde n\u00eb dehjen e pranver\u00ebs, S\u2019u lodha s\u00eb prituri prekjen t\u00ebnde&#8230; Le t\u00eb humbas tani n\u00eb gjirin t\u00ebnd, Paris,&hellip;<\/p>\n","protected":false},"author":1,"featured_media":10044,"comment_status":"open","ping_status":"open","sticky":false,"template":"","format":"standard","meta":{"footnotes":""},"categories":[7],"tags":[],"class_list":["post-10043","post","type-post","status-publish","format-standard","has-post-thumbnail","hentry","category-poezi"],"_links":{"self":[{"href":"https:\/\/revistakuvendi.org\/index.php?rest_route=\/wp\/v2\/posts\/10043","targetHints":{"allow":["GET"]}}],"collection":[{"href":"https:\/\/revistakuvendi.org\/index.php?rest_route=\/wp\/v2\/posts"}],"about":[{"href":"https:\/\/revistakuvendi.org\/index.php?rest_route=\/wp\/v2\/types\/post"}],"author":[{"embeddable":true,"href":"https:\/\/revistakuvendi.org\/index.php?rest_route=\/wp\/v2\/users\/1"}],"replies":[{"embeddable":true,"href":"https:\/\/revistakuvendi.org\/index.php?rest_route=%2Fwp%2Fv2%2Fcomments&post=10043"}],"version-history":[{"count":1,"href":"https:\/\/revistakuvendi.org\/index.php?rest_route=\/wp\/v2\/posts\/10043\/revisions"}],"predecessor-version":[{"id":10045,"href":"https:\/\/revistakuvendi.org\/index.php?rest_route=\/wp\/v2\/posts\/10043\/revisions\/10045"}],"wp:featuredmedia":[{"embeddable":true,"href":"https:\/\/revistakuvendi.org\/index.php?rest_route=\/wp\/v2\/media\/10044"}],"wp:attachment":[{"href":"https:\/\/revistakuvendi.org\/index.php?rest_route=%2Fwp%2Fv2%2Fmedia&parent=10043"}],"wp:term":[{"taxonomy":"category","embeddable":true,"href":"https:\/\/revistakuvendi.org\/index.php?rest_route=%2Fwp%2Fv2%2Fcategories&post=10043"},{"taxonomy":"post_tag","embeddable":true,"href":"https:\/\/revistakuvendi.org\/index.php?rest_route=%2Fwp%2Fv2%2Ftags&post=10043"}],"curies":[{"name":"wp","href":"https:\/\/api.w.org\/{rel}","templated":true}]}}