{"id":10040,"date":"2023-11-19T02:08:08","date_gmt":"2023-11-19T02:08:08","guid":{"rendered":"https:\/\/revistakuvendi.org\/?p=10040"},"modified":"2023-11-19T02:08:08","modified_gmt":"2023-11-19T02:08:08","slug":"frrok-kovaci-antologjia-poetike-1991-2023","status":"publish","type":"post","link":"https:\/\/revistakuvendi.org\/?p=10040","title":{"rendered":"FRROK KOVA\u00c7I, ANTOLOGJIA POETIKE 1991-2023"},"content":{"rendered":"\n<figure class=\"wp-block-image size-full\"><a href=\"https:\/\/revistakuvendi.org\/wp-content\/uploads\/2023\/11\/FRROKU-1.jpg\"><img loading=\"lazy\" decoding=\"async\" width=\"183\" height=\"220\" src=\"https:\/\/revistakuvendi.org\/wp-content\/uploads\/2023\/11\/FRROKU-1.jpg\" alt=\"\" class=\"wp-image-10041\"\/><\/a><\/figure>\n\n\n<p>&nbsp;<\/p>\n<p>&nbsp;<\/p>\n<h3>TI ME FLET<\/h3>\n<h3><br \/><strong>Ti m\u00eb flet p\u00ebr t&#8217;v\u00ebrtet\u00ebn t\u00ebnde.<\/strong><br \/><strong>Koha b\u00ebn e zhb\u00ebn t&#8217; v\u00ebrteta.<\/strong><br \/><strong>E v\u00ebrteta e prillit \u00ebsht\u00eb trendafili<\/strong><br \/><strong>E imja, kurthi i nj\u00eb trilli.<\/strong><\/h3>\n<h3><strong>Nj\u00eb mur\u00eb ajri p\u00ebrher\u00eb na ndan\u00eb<\/strong><br \/><strong>N\u00eb koh\u00ebn bosh, n\u00eb koh\u00eb plot.<\/strong><br \/><strong>Koha e asgj\u00ebs\u00eb, koha e \u00e7do gj\u00ebse<\/strong><br \/><strong>Dhe koha kur shiu ishte lot.<\/strong><\/h3>\n<h3><strong>Qet\u00ebsija e er\u00ebs plaget i rin\u00eb.<\/strong><br \/><strong>Se dashurija na qenka nj\u00eb ves\u00eb.<\/strong><br \/><strong>E ti je dhimbja e zotit..<\/strong><br \/><strong>Delikate si shport\u00eb me vez\u00eb.<\/strong><\/h3>\n<h3><strong>Ti m\u00eb tregon t\u00eb v\u00ebrteten t\u00ebnde.<\/strong><br \/><strong>Me dhimbje vizatuar n\u00eb sy.<\/strong><br \/><strong>Pllangat e trendafilave t\u00eb prillit.<\/strong><br \/><strong>T\u00eb vyshkur n\u00eb vetmi.<\/strong><\/h3>\n<h3><strong>Zot, m\u00eb jep durimin e skllavit<\/strong><br \/><strong>T\u00eb tejmbushem me ty.<\/strong><\/h3>\n<h3><br \/>NJE FEMER\u2026<\/h3>\n<h3><strong>Peisazh<\/strong><\/h3>\n<h3><br \/><strong>Me nj\u00ebren dor\u00eb, p\u00ebrkund detin,<\/strong><br \/><strong>Nj\u00eb val\u00eb vjen tek bregu, <\/strong><br \/><strong>Si krah&#8217; i bardh\u00eb f\u00ebmije,<\/strong><br \/><strong>del nga djepi.<\/strong><br \/><strong>Mi merr t\u00eb gjith\u00eb guackat, <\/strong><br \/><strong>prej syve t\u00eb mi! <\/strong><br \/><strong>E kalt\u00ebr,e kalt\u00ebr,e gjitha kalt\u00ebrsi<\/strong><br \/><strong>Me doren tjet\u00ebr b\u00ebn nj\u00eb gjest,<\/strong><br \/><strong>Sikur hedh nj\u00eb p\u00ebllumb t\u00eb bardh\u00eb<\/strong><br \/><strong>Ajri si fug\u00eb sillet pas saj.<\/strong><br \/><strong>Flatra, flatra, flatra n\u00eb er\u00eb,<\/strong><br \/><strong>deri sa dielli hyn n\u00eb loj\u00eb,<\/strong><br \/><strong>duke e kthyer gjith\u00e7ka n\u00eb kristal.<\/strong><br \/><strong>Pem\u00eb, zogj\u00eb, ngjyra vezulluse, <\/strong><br \/><strong>flatra prej ere..<\/strong><br \/><strong>Nj\u00eb fem\u00ebr, me trup t\u00eb bukur,<\/strong><br \/><strong>shkrin\u00eb n\u00ebper sy, <\/strong><br \/><strong>but\u00ebsin\u00eb e nj\u00eb reje<\/strong><\/h3>\n<h3>\u00a0<\/h3>\n<h3><br \/>TE VONUARIT<\/h3>\n<h3><strong>Vitet 90.<\/strong><\/h3>\n<h3><br \/><strong>T\u00eb par\u00ebt erdhen Italjan\u00ebt.<\/strong><br \/><strong>Dhe na veshen me rrobat e kishes. <\/strong><br \/><strong>E na than\u00eb:<\/strong><br \/><strong>Grigja jon\u00eb e humbur.<\/strong><br \/><strong>Pastaj erdhen Turqit<\/strong><br \/><strong>Dhe na sollen sapun &#8216;Duru&#8217;<\/strong><br \/><strong>Dhe na than\u00eb : <\/strong><br \/><strong>&#8211; Edhe Jahudi..Edhe t\u00eb pa lar\u00eb.<\/strong><br \/><strong>Pastaj erdhen Amerikan\u00ebt<\/strong><br \/><strong>Dhe na than\u00eb: <\/strong><br \/><strong>Ne u m\u00ebsojm\u00eb t\u00eb peshkoni <\/strong><br \/><strong>N\u00eb detin kapital!<\/strong><br \/><strong>Ne kishim naft\u00eb, po s&#8217;kishim makina.<\/strong><br \/><strong>Dhe u nisem n\u00eb kemb\u00eb.<\/strong><br \/><strong>Ca u mbytem n\u00eb det,<\/strong><br \/><strong>Ca dolem n\u00eb bregun matan\u00eb.<\/strong><br \/><strong>Ne kemi makinat e tyre.<\/strong><br \/><strong>Ata kan\u00eb naft\u00ebn ton\u00eb!<\/strong><\/h3>\n<p>&nbsp;<\/p>\n<p>&nbsp;<\/p>","protected":false},"excerpt":{"rendered":"<p>&nbsp; &nbsp; TI ME FLET Ti m\u00eb flet p\u00ebr t&#8217;v\u00ebrtet\u00ebn t\u00ebnde.Koha b\u00ebn e zhb\u00ebn t&#8217; v\u00ebrteta.E v\u00ebrteta e prillit \u00ebsht\u00eb trendafiliE imja, kurthi i nj\u00eb trilli. Nj\u00eb mur\u00eb ajri p\u00ebrher\u00eb na ndan\u00ebN\u00eb koh\u00ebn bosh, n\u00eb koh\u00eb plot.Koha e asgj\u00ebs\u00eb, koha e \u00e7do gj\u00ebseDhe koha kur shiu ishte lot. Qet\u00ebsija e er\u00ebs plaget i rin\u00eb.Se dashurija&hellip;<\/p>\n","protected":false},"author":1,"featured_media":10041,"comment_status":"open","ping_status":"open","sticky":false,"template":"","format":"standard","meta":{"footnotes":""},"categories":[7],"tags":[],"class_list":["post-10040","post","type-post","status-publish","format-standard","has-post-thumbnail","hentry","category-poezi"],"_links":{"self":[{"href":"https:\/\/revistakuvendi.org\/index.php?rest_route=\/wp\/v2\/posts\/10040","targetHints":{"allow":["GET"]}}],"collection":[{"href":"https:\/\/revistakuvendi.org\/index.php?rest_route=\/wp\/v2\/posts"}],"about":[{"href":"https:\/\/revistakuvendi.org\/index.php?rest_route=\/wp\/v2\/types\/post"}],"author":[{"embeddable":true,"href":"https:\/\/revistakuvendi.org\/index.php?rest_route=\/wp\/v2\/users\/1"}],"replies":[{"embeddable":true,"href":"https:\/\/revistakuvendi.org\/index.php?rest_route=%2Fwp%2Fv2%2Fcomments&post=10040"}],"version-history":[{"count":1,"href":"https:\/\/revistakuvendi.org\/index.php?rest_route=\/wp\/v2\/posts\/10040\/revisions"}],"predecessor-version":[{"id":10042,"href":"https:\/\/revistakuvendi.org\/index.php?rest_route=\/wp\/v2\/posts\/10040\/revisions\/10042"}],"wp:featuredmedia":[{"embeddable":true,"href":"https:\/\/revistakuvendi.org\/index.php?rest_route=\/wp\/v2\/media\/10041"}],"wp:attachment":[{"href":"https:\/\/revistakuvendi.org\/index.php?rest_route=%2Fwp%2Fv2%2Fmedia&parent=10040"}],"wp:term":[{"taxonomy":"category","embeddable":true,"href":"https:\/\/revistakuvendi.org\/index.php?rest_route=%2Fwp%2Fv2%2Fcategories&post=10040"},{"taxonomy":"post_tag","embeddable":true,"href":"https:\/\/revistakuvendi.org\/index.php?rest_route=%2Fwp%2Fv2%2Ftags&post=10040"}],"curies":[{"name":"wp","href":"https:\/\/api.w.org\/{rel}","templated":true}]}}