{"id":10037,"date":"2023-11-17T00:43:34","date_gmt":"2023-11-17T00:43:34","guid":{"rendered":"https:\/\/revistakuvendi.org\/?p=10037"},"modified":"2023-11-17T00:43:34","modified_gmt":"2023-11-17T00:43:34","slug":"majlinda-rama-antologjia-poetike-1991-2023","status":"publish","type":"post","link":"https:\/\/revistakuvendi.org\/?p=10037","title":{"rendered":"MAJLINDA RAMA, ANTOLOGJIA POETIKE 1991-2023"},"content":{"rendered":"\n<figure class=\"wp-block-image size-full\"><a href=\"https:\/\/revistakuvendi.org\/wp-content\/uploads\/2023\/11\/MAJLINDA-RAMA.jpg\"><img loading=\"lazy\" decoding=\"async\" width=\"231\" height=\"231\" src=\"https:\/\/revistakuvendi.org\/wp-content\/uploads\/2023\/11\/MAJLINDA-RAMA.jpg\" alt=\"\" class=\"wp-image-10038\" srcset=\"https:\/\/revistakuvendi.org\/wp-content\/uploads\/2023\/11\/MAJLINDA-RAMA.jpg 231w, https:\/\/revistakuvendi.org\/wp-content\/uploads\/2023\/11\/MAJLINDA-RAMA-150x150.jpg 150w, https:\/\/revistakuvendi.org\/wp-content\/uploads\/2023\/11\/MAJLINDA-RAMA-50x50.jpg 50w\" sizes=\"auto, (max-width: 231px) 100vw, 231px\" \/><\/a><\/figure>\n\n\n<p>&nbsp;<\/p>\n<p>&nbsp;<\/p>\n<p><strong>UN\u00cb T\u00cb B\u00cbRA BURR\u00cb<\/strong><\/p>\n<p><br \/>Un\u00eb \u2013<br \/>grua,<br \/>ti \u2013<br \/>nj\u00eb shekull lindur,<br \/>q\u00eb m\u00eb k\u00ebrkon Hadit<br \/>si Orfeu Euridik\u00ebn,<br \/>101 vite<br \/>q\u00eb m\u00eb p\u00ebrgjon \u00ebndrrat n\u00eb adhurim,<br \/>nj\u00eb decenie<br \/>q\u00eb e shp\u00ebrngul dit\u00eb-nat\u00eb zemr\u00ebn tek un\u00eb,<br \/>nj\u00eb vit<br \/>q\u00eb fle zgjuar posht\u00eb d\u00ebshir\u00ebs sime,<br \/>nj\u00ebmb\u00ebdhjet\u00eb muaj \u2013<br \/>pelegrin tek un\u00eb,<br \/>nj\u00eb mij\u00ebvje\u00e7ar<br \/>q\u00eb m\u00eb ke v\u00ebn\u00eb unaz\u00eb\u2026<\/p>\n<p>Sonte,<br \/>oh, i dashur,<br \/>me puthje t\u2019i rr\u00ebzova gjith\u00eb krenarit\u00eb,<br \/>t\u2019i zbrita kulmet me p\u00ebrqafime,<br \/>malet e lartuara n\u00ebp\u00ebr koh\u00eb<br \/>t\u2019i ula gjirit tim.<\/p>\n<p>Erdhe,<br \/>dhe n\u00eb trupin tim u b\u00ebre fli,<br \/>te k\u00ebmb\u00ebt e mia si kok\u00eb e prer\u00eb.<\/p>\n<p>I dashur,<br \/>hesht,<br \/>un\u00eb t\u00eb b\u00ebra burr\u00eb!<\/p>\n<p><br \/><strong>GRA T\u00cb JUGUT<\/strong><\/p>\n<p>Hapin gjokset e tyre grat\u00eb jugore, <br \/>si\u00e7 hapet dita, si n\u00eb valle <br \/>tundin shamit\u00eb e q\u00ebndres\u00ebs, <br \/>Kapur fort, fat p\u00ebr fat, <br \/>Me kok\u00ebn lart i drejtohen jet\u00ebs <br \/>q\u00eb u r\u00ebndon plumb. <br \/>N\u00ebp\u00ebr bok\u00ebrrima zvarriten t\u00eb mbledhin lule, <br \/>Q\u00eb i kan\u00eb t\u00eb tyre deri n\u00eb tregun m\u00eb t\u00eb af\u00ebrt <br \/>Pastaj me qindarkat e shitjes derdhen t\u00eb lumtura <br \/>p\u00ebrmes drit\u00ebs mjerane. <br \/>N\u00eb syt\u00eb e thelluar fshehin mundimin, <br \/>Nga gjunj\u00ebt u varen \u00ebndrrat e humbura <br \/>Vajz\u00ebria u valvitet n\u00eb vellot e kujtimeve, <br \/>Jan\u00eb t\u00eb detyruara ta shohin p\u00ebrdit\u00eb <br \/>diellin si vdes para tyre. <br \/>Mbijetesa \u00ebsht\u00eb e vetmja betej\u00eb <br \/>Diellin, tok\u00ebn, ajrin i kan\u00eb prej gjaku <br \/>Me djers\u00eb vadisin arat me fara <br \/>Ashtu jetojn\u00eb p\u00ebrdit\u00eb, <br \/>Ashtu festojn\u00eb p\u00ebrdit\u00eb, <br \/>Ashtu vdesin p\u00ebrdit\u00eb, <br \/>Fal\u00ebnderuese n\u00ebse vdekja i zgjedh.<\/p>\n<p><br \/><strong>EROS<\/strong><\/p>\n<p><br \/>Nat\u00eb erosi n\u00eb shtratin ton\u00eb<br \/>trupat tan\u00eb lakuriq hyr\u00eb te nj\u00ebri \u2013 tjetri<br \/>dhe s\u2019na dep\u00ebrton as koha, as err\u00ebsira<br \/>nata, jo se jo.<br \/>Un\u00eb nis t\u00eb fluturoj p\u00ebrmes goj\u00ebs sate,<br \/>drejt hap\u00ebsirave t\u00eb tua,<br \/>aty brenda kthehem n\u00eb zanafill\u00eb<br \/>dhe b\u00ebhem gati p\u00ebr rrug\u00ebn e k\u00ebtij \u00e7asti,<br \/>ti rr\u00ebshqet kofsh\u00ebve t\u00eb mia t\u00eb marr\u00ebsh fuqi burri \u2026<br \/>T\u00eb pashqet\u00ebsuar nisim startet tona drejt qyteteve brenda nesh,<br \/>dritare m\u00eb dritare vendosim nga nj\u00eb flat\u00ebr-puthje.<br \/>N\u00eb fillim trupi yt prej mali b\u00ebhet nj\u00ebsh me brisht\u00ebsin\u00eb time<br \/>dhe \u00e7mendem\u2026<br \/>dhe marr trajt\u00ebn t\u00ebnde.<br \/>Pastaj, m\u00eb fton t\u00eb hyj n\u00eb ty<br \/>dhe ky trup i vog\u00ebl gruaje<br \/>hyn n\u00eb burrin e pritur prej shekujsh<br \/>dhe b\u00ebhemi nj\u00ebsh<br \/>dhe ti \u00e7mendesh\u2026<br \/>Dhe vuajm\u00eb paq\u00ebsisht,<br \/>gjakrat nisin harbimin e bashkohen n\u00ebp\u00ebr vena<br \/>pastaj l\u00ebkur\u00ebt tona l\u00ebvizin vendit<br \/>prej epshit, prej afshit, prej nxeht\u00ebsis\u00eb, prej alkimis\u00eb s\u00eb zjarrit\u2026<br \/>dhe skuqemi<br \/>dhe digjemi<br \/>dhe ti rritesh<br \/>(dhe un\u00eb b\u00ebhem edhe m\u00eb shum\u00eb TI)<br \/>Dhe s\u2019dim\u00eb \u00e7far\u00eb \u00ebsht\u00eb jotja e \u00e7far\u00eb imja<br \/>vet\u00ebm e bardha e \u00e7ar\u00e7af\u00ebve na ndan sinor\u00ebt sip\u00ebrfaq\u00ebsisht<br \/>\u00e7do gj\u00eb tjet\u00ebr na b\u00ebn bashk\u00eb<br \/>dhe n\u00ebp\u00ebr nat\u00eb thurim himne dashurie<br \/>t\u00eb pafundme<br \/>deri n\u00eb p\u00ebrjet\u00ebsi!<\/p>","protected":false},"excerpt":{"rendered":"<p>&nbsp; &nbsp; UN\u00cb T\u00cb B\u00cbRA BURR\u00cb Un\u00eb \u2013grua,ti \u2013nj\u00eb shekull lindur,q\u00eb m\u00eb k\u00ebrkon Haditsi Orfeu Euridik\u00ebn,101 viteq\u00eb m\u00eb p\u00ebrgjon \u00ebndrrat n\u00eb adhurim,nj\u00eb decenieq\u00eb e shp\u00ebrngul dit\u00eb-nat\u00eb zemr\u00ebn tek un\u00eb,nj\u00eb vitq\u00eb fle zgjuar posht\u00eb d\u00ebshir\u00ebs sime,nj\u00ebmb\u00ebdhjet\u00eb muaj \u2013pelegrin tek un\u00eb,nj\u00eb mij\u00ebvje\u00e7arq\u00eb m\u00eb ke v\u00ebn\u00eb unaz\u00eb\u2026 Sonte,oh, i dashur,me puthje t\u2019i rr\u00ebzova gjith\u00eb krenarit\u00eb,t\u2019i zbrita kulmet me&hellip;<\/p>\n","protected":false},"author":1,"featured_media":10038,"comment_status":"open","ping_status":"open","sticky":false,"template":"","format":"standard","meta":{"footnotes":""},"categories":[7],"tags":[],"class_list":["post-10037","post","type-post","status-publish","format-standard","has-post-thumbnail","hentry","category-poezi"],"_links":{"self":[{"href":"https:\/\/revistakuvendi.org\/index.php?rest_route=\/wp\/v2\/posts\/10037","targetHints":{"allow":["GET"]}}],"collection":[{"href":"https:\/\/revistakuvendi.org\/index.php?rest_route=\/wp\/v2\/posts"}],"about":[{"href":"https:\/\/revistakuvendi.org\/index.php?rest_route=\/wp\/v2\/types\/post"}],"author":[{"embeddable":true,"href":"https:\/\/revistakuvendi.org\/index.php?rest_route=\/wp\/v2\/users\/1"}],"replies":[{"embeddable":true,"href":"https:\/\/revistakuvendi.org\/index.php?rest_route=%2Fwp%2Fv2%2Fcomments&post=10037"}],"version-history":[{"count":1,"href":"https:\/\/revistakuvendi.org\/index.php?rest_route=\/wp\/v2\/posts\/10037\/revisions"}],"predecessor-version":[{"id":10039,"href":"https:\/\/revistakuvendi.org\/index.php?rest_route=\/wp\/v2\/posts\/10037\/revisions\/10039"}],"wp:featuredmedia":[{"embeddable":true,"href":"https:\/\/revistakuvendi.org\/index.php?rest_route=\/wp\/v2\/media\/10038"}],"wp:attachment":[{"href":"https:\/\/revistakuvendi.org\/index.php?rest_route=%2Fwp%2Fv2%2Fmedia&parent=10037"}],"wp:term":[{"taxonomy":"category","embeddable":true,"href":"https:\/\/revistakuvendi.org\/index.php?rest_route=%2Fwp%2Fv2%2Fcategories&post=10037"},{"taxonomy":"post_tag","embeddable":true,"href":"https:\/\/revistakuvendi.org\/index.php?rest_route=%2Fwp%2Fv2%2Ftags&post=10037"}],"curies":[{"name":"wp","href":"https:\/\/api.w.org\/{rel}","templated":true}]}}