{"id":10034,"date":"2023-11-17T00:39:16","date_gmt":"2023-11-17T00:39:16","guid":{"rendered":"https:\/\/revistakuvendi.org\/?p=10034"},"modified":"2023-11-17T00:39:16","modified_gmt":"2023-11-17T00:39:16","slug":"ndue-dedaj-antologjia-poetike-1991-2023","status":"publish","type":"post","link":"https:\/\/revistakuvendi.org\/?p=10034","title":{"rendered":"NDUE DEDAJ, ANTOLOGJIA POETIKE 1991-2023"},"content":{"rendered":"\n<figure class=\"wp-block-image size-full\"><a href=\"https:\/\/revistakuvendi.org\/wp-content\/uploads\/2023\/11\/NDUE-DEDAJ.jpg\"><img loading=\"lazy\" decoding=\"async\" width=\"224\" height=\"162\" src=\"https:\/\/revistakuvendi.org\/wp-content\/uploads\/2023\/11\/NDUE-DEDAJ.jpg\" alt=\"\" class=\"wp-image-10035\"\/><\/a><\/figure>\n\n\n<p><strong>N\u00cb PROVINC\u00cb<\/strong><br \/><br \/>N\u00eb provinc\u00eb p\u00ebrdit\u00eb bien tupanat<br \/>N\u00eb provinc\u00eb t\u00eb gjith\u00eb shesin kikirik\u00eb,<br \/>N\u00eb provinc\u00eb t\u00eb gjith\u00eb gjuajn\u00eb politik\u00eb,<br \/>N\u00eb provinc\u00eb fjalimet i mbajn\u00eb t\u00eb gjata,<br \/>N\u00eb provinc\u00eb makinat i ngasin burrat,<br \/>N\u00eb provinc\u00eb shkall\u00ebt i lajn\u00eb grat\u00eb,<br \/>N\u00eb provinc\u00eb t\u00eb gjith\u00eb shkruajn\u00eb libra,<br \/>N\u00eb provinc\u00eb t\u00eb gjith\u00eb i b\u00ebjn\u00eb t\u00eb gjitha.<br \/>N\u00eb provinc\u00eb b\u00ebhesh hero dhe padashur,<br \/>N\u00eb provinc\u00eb rakia pihet me barut,<br \/>N\u00eb provinc\u00eb sporti i t\u00eb gjith\u00ebve \u2013 xhirot,<br \/>N\u00eb provinc\u00eb plugu i dit\u00ebs \u2013 thashethemet,<br \/>N\u00eb provinc\u00eb grat\u00eb jan\u00eb t\u00eb ndershme,<br \/>N\u00eb provinc\u00eb dashurit\u00eb jan\u00eb t\u00eb zjarrta.<br \/>N\u00eb provinc\u00eb bie lahuta bridashe\u2026<br \/>14 qershor 2010.<\/p>\n<p>&nbsp;<\/p>\n<p><strong>FILLIM BALADE<\/strong><\/p>\n<p><br \/>Si t\u2019i \u00e7\u2019nguros gjuh\u00ebt e ngrira t\u00eb rruzullit?<br \/>Kronikat e Euro Njuzit, valixhet diplomatike, <br \/>Pretencat e Hag\u00ebs, si t\u2019i \u00e7\u2019nguros?<\/p>\n<p>Vajtojcat e Kosov\u00ebs hepuar mbi murana, <br \/>Si t\u2019i ngre?<\/p>\n<p>N\u00eb p\u00ebrshpirtje t\u00eb foshnj\u00ebs njom\u00ebzake<br \/>Q\u00eb nga gjiri i s\u2019am\u00ebs e ndan\u00eb<br \/>Pa filluar ende q\u00eb qante&#8230;<\/p>\n<p>&nbsp;<\/p>\n<p><strong>ASGJ\u00cb S\u2019\u00cbSHT\u00cb SI M\u00cb PAR\u00cb<\/strong><\/p>\n<p><br \/>Vitet m\u00eb rrin\u00eb p\u00ebrher\u00eb e m\u00eb ngusht,<br \/>nd\u00ebrsa k\u00ebpuc\u00ebt p\u00ebrher\u00eb e m\u00eb lir\u00eb.<br \/>Asgj\u00eb nuk \u00ebsht\u00eb si m\u00eb par\u00eb,<br \/>pem\u00ebt l\u00ebshojn\u00eb m\u00eb shum\u00eb hije,<br \/>dielli per\u00ebndon m\u00eb shpejt,<br \/>deti si nj\u00eb bujtin\u00eb p\u00ebr pleq.<br \/>Asgj\u00eb nuk \u00ebsht\u00eb si m\u00eb par\u00eb,<br \/>sidomos kalendari monoton,<br \/>q\u00eb i bien flet\u00ebt si flok\u00ebt e bor\u00ebs,<br \/>i vetmi q\u00eb nuk e shoh\u2026<br \/>Vitet m\u00eb rrin\u00eb p\u00ebrher\u00eb e m\u00eb ngusht,<br \/>nd\u00ebrsa k\u00ebpuc\u00ebt p\u00ebrher\u00eb e m\u00eb lir\u00eb.<\/p>","protected":false},"excerpt":{"rendered":"<p>N\u00cb PROVINC\u00cb N\u00eb provinc\u00eb p\u00ebrdit\u00eb bien tupanatN\u00eb provinc\u00eb t\u00eb gjith\u00eb shesin kikirik\u00eb,N\u00eb provinc\u00eb t\u00eb gjith\u00eb gjuajn\u00eb politik\u00eb,N\u00eb provinc\u00eb fjalimet i mbajn\u00eb t\u00eb gjata,N\u00eb provinc\u00eb makinat i ngasin burrat,N\u00eb provinc\u00eb shkall\u00ebt i lajn\u00eb grat\u00eb,N\u00eb provinc\u00eb t\u00eb gjith\u00eb shkruajn\u00eb libra,N\u00eb provinc\u00eb t\u00eb gjith\u00eb i b\u00ebjn\u00eb t\u00eb gjitha.N\u00eb provinc\u00eb b\u00ebhesh hero dhe padashur,N\u00eb provinc\u00eb rakia pihet me barut,N\u00eb&hellip;<\/p>\n","protected":false},"author":1,"featured_media":10035,"comment_status":"open","ping_status":"open","sticky":false,"template":"","format":"standard","meta":{"footnotes":""},"categories":[7],"tags":[],"class_list":["post-10034","post","type-post","status-publish","format-standard","has-post-thumbnail","hentry","category-poezi"],"_links":{"self":[{"href":"https:\/\/revistakuvendi.org\/index.php?rest_route=\/wp\/v2\/posts\/10034","targetHints":{"allow":["GET"]}}],"collection":[{"href":"https:\/\/revistakuvendi.org\/index.php?rest_route=\/wp\/v2\/posts"}],"about":[{"href":"https:\/\/revistakuvendi.org\/index.php?rest_route=\/wp\/v2\/types\/post"}],"author":[{"embeddable":true,"href":"https:\/\/revistakuvendi.org\/index.php?rest_route=\/wp\/v2\/users\/1"}],"replies":[{"embeddable":true,"href":"https:\/\/revistakuvendi.org\/index.php?rest_route=%2Fwp%2Fv2%2Fcomments&post=10034"}],"version-history":[{"count":1,"href":"https:\/\/revistakuvendi.org\/index.php?rest_route=\/wp\/v2\/posts\/10034\/revisions"}],"predecessor-version":[{"id":10036,"href":"https:\/\/revistakuvendi.org\/index.php?rest_route=\/wp\/v2\/posts\/10034\/revisions\/10036"}],"wp:featuredmedia":[{"embeddable":true,"href":"https:\/\/revistakuvendi.org\/index.php?rest_route=\/wp\/v2\/media\/10035"}],"wp:attachment":[{"href":"https:\/\/revistakuvendi.org\/index.php?rest_route=%2Fwp%2Fv2%2Fmedia&parent=10034"}],"wp:term":[{"taxonomy":"category","embeddable":true,"href":"https:\/\/revistakuvendi.org\/index.php?rest_route=%2Fwp%2Fv2%2Fcategories&post=10034"},{"taxonomy":"post_tag","embeddable":true,"href":"https:\/\/revistakuvendi.org\/index.php?rest_route=%2Fwp%2Fv2%2Ftags&post=10034"}],"curies":[{"name":"wp","href":"https:\/\/api.w.org\/{rel}","templated":true}]}}