{"id":10012,"date":"2023-11-10T14:00:40","date_gmt":"2023-11-10T14:00:40","guid":{"rendered":"https:\/\/revistakuvendi.org\/?p=10012"},"modified":"2023-11-10T14:00:40","modified_gmt":"2023-11-10T14:00:40","slug":"sot-10-vjet-me-pare-u-krijua-shoqata-mirdita","status":"publish","type":"post","link":"https:\/\/revistakuvendi.org\/?p=10012","title":{"rendered":"SOT 10 VJET ME PARE U KRIJUA SHOQATA &#8220;MIRDITA&#8221;"},"content":{"rendered":"\n<figure class=\"wp-block-image size-full\"><a href=\"https:\/\/revistakuvendi.org\/wp-content\/uploads\/2023\/11\/shoqata-Mirdita.jpg\"><img loading=\"lazy\" decoding=\"async\" width=\"160\" height=\"160\" src=\"https:\/\/revistakuvendi.org\/wp-content\/uploads\/2023\/11\/shoqata-Mirdita.jpg\" alt=\"\" class=\"wp-image-10013\" srcset=\"https:\/\/revistakuvendi.org\/wp-content\/uploads\/2023\/11\/shoqata-Mirdita.jpg 160w, https:\/\/revistakuvendi.org\/wp-content\/uploads\/2023\/11\/shoqata-Mirdita-150x150.jpg 150w, https:\/\/revistakuvendi.org\/wp-content\/uploads\/2023\/11\/shoqata-Mirdita-50x50.jpg 50w\" sizes=\"auto, (max-width: 160px) 100vw, 160px\" \/><\/a><\/figure>\n\n\n<p>Pjeter Jaku<\/p>\n<p>Si sot 10 vjet ma pare u krijua Shoqata &#8221; Mirdita&#8221;. me kete rast po publikoj vetem disa pjese te shkeputura nga njoftimet e atehershme ne rrjetet sociale. Ve\u00e7 kesaj, mirditoret do deshironin t&#8217;i shenonin ne kalendarin te kesaj krahine vitale edhe keto evenimente te mirditoreve ne diaspore.<\/p>\n<p>Me dat\u00ebn 10 N\u00ebndor 2013, nga ora 3:00 Pm deri n\u00eb 5 :00 Pm, n\u00eb nj\u00eb takim q\u00eb u thirr nga Komisioni Nism\u00ebtar, n\u00eb nj\u00eb nga mjediset e Kish\u00ebs s\u00eb Sh\u00ebn Palit, n\u00eb Rochester Hills u krijua Shoqata Atdhetare \u201c Mirdita\u201d,\u00a0 i pari grupim i mirditorve n\u00eb USA.<\/p>\n<p>Pas numrimit t\u00eb votave, Komisioni i Votimit njofton zgjedhjen e\u00a0 Kujtim Qafes\u00a0 Kryetar i k\u00ebsaj shoqate.<\/p>\n<p>Me nj\u00eb p\u00ebrsh\u00ebndetje t\u00eb shkurt\u00ebr dhe falenderim p\u00ebr besimin q\u00eb i dhan\u00eb mirditor\u00ebt e k\u00ebtij takimi, Kujtimi zuri vend n\u00eb drejtimin e takimit s\u00ebbashku me komisionin e\u00a0 votimit.\u00a0 Pas votimit t\u00eb dyt\u00eb p\u00ebr kryesin\u00eb e k\u00ebsaj shoqate, u lexuan fituesit: Pjet\u00ebr Gega, Gjovalin Kola, Viktor Toma, Dod Qafa, Lek Preni, Gjon Simoni, Gentjan Kola, Shkelqim Legisi, Gjok Ndoj, Fran Vokrri, Bardhok Ndoj dhe Gjon Nikolli.<\/p>\n<p>Kryesia zgjodhi: n\u00ebnkryetar,\u00a0 Bardhok Ndoj dhe\u00a0 Fran Vokrri, Sekretar Gjon Simoni dhe ark\u00ebtar Pjet\u00ebr Gega. Sipas\u00a0 Programit, m\u00eb von\u00eb do t\u00eb zgjidhen dhe disa komisione, q\u00eb do ta ndihmojn\u00eb kryesin\u00eb p\u00ebr t\u00eb realizuar programin e miratuar n\u00eb k\u00ebt\u00eb takim.<\/p>\n<p><strong>Takimi i dyte<\/strong> per zgjedhjet u be ne shkurt te vitit 2016, ku kryetar u zgjodh Bardhok Ndoj. Me marrjen e detyres, Bardhoku krijoi nepermjet sekretarit Ermal Picaku, profilin ne fb te shoqates, vulen, tesrat e antaresise dhe u perpoq te merrte pjese ne aktivitetet sportive te komunitetit.<\/p>\n<p><strong>Takimi i trete<\/strong> per zgjedhje te reja u be, ne Kafe KUVENDI, me 08 Maj 2022, ku pati keta te zgjedhur;<\/p>\n<p>Kryetar u zgjodh\u00a0 Albert Arapi<br \/>N\u00ebnkryetar Fran Vokrri<br \/>Sekretar dhe ark\u00ebtar, Ing. Gjeulan Marku<br \/>Kryesia:<br \/>Zef P\u00ebrgega<br \/>Dode Qafa<br \/>Paulim Marku<br \/>Pjet\u00ebr Gega<\/p>\n\n\n<figure class=\"wp-block-image size-large\"><a href=\"https:\/\/revistakuvendi.org\/wp-content\/uploads\/2023\/11\/shoqata-mirdita-23.jpg\"><img loading=\"lazy\" decoding=\"async\" width=\"1024\" height=\"683\" src=\"https:\/\/revistakuvendi.org\/wp-content\/uploads\/2023\/11\/shoqata-mirdita-23-1024x683.jpg\" alt=\"\" class=\"wp-image-10014\" srcset=\"https:\/\/revistakuvendi.org\/wp-content\/uploads\/2023\/11\/shoqata-mirdita-23-1024x683.jpg 1024w, https:\/\/revistakuvendi.org\/wp-content\/uploads\/2023\/11\/shoqata-mirdita-23-300x200.jpg 300w, https:\/\/revistakuvendi.org\/wp-content\/uploads\/2023\/11\/shoqata-mirdita-23-768x512.jpg 768w, https:\/\/revistakuvendi.org\/wp-content\/uploads\/2023\/11\/shoqata-mirdita-23.jpg 1080w\" sizes=\"auto, (max-width: 1024px) 100vw, 1024px\" \/><\/a><\/figure>\n\n\n\n<figure class=\"wp-block-image size-large\"><a href=\"https:\/\/revistakuvendi.org\/wp-content\/uploads\/2023\/11\/shoqata-mirdita-23-1.jpg\"><img loading=\"lazy\" decoding=\"async\" width=\"1024\" height=\"682\" src=\"https:\/\/revistakuvendi.org\/wp-content\/uploads\/2023\/11\/shoqata-mirdita-23-1-1024x682.jpg\" alt=\"\" class=\"wp-image-10015\" srcset=\"https:\/\/revistakuvendi.org\/wp-content\/uploads\/2023\/11\/shoqata-mirdita-23-1-1024x682.jpg 1024w, https:\/\/revistakuvendi.org\/wp-content\/uploads\/2023\/11\/shoqata-mirdita-23-1-300x200.jpg 300w, https:\/\/revistakuvendi.org\/wp-content\/uploads\/2023\/11\/shoqata-mirdita-23-1-768x512.jpg 768w, https:\/\/revistakuvendi.org\/wp-content\/uploads\/2023\/11\/shoqata-mirdita-23-1.jpg 1190w\" sizes=\"auto, (max-width: 1024px) 100vw, 1024px\" \/><\/a><\/figure>\n\n\n\n<figure class=\"wp-block-image size-full\"><a href=\"https:\/\/revistakuvendi.org\/wp-content\/uploads\/2023\/11\/shoqatamirdita-5.png\"><img loading=\"lazy\" decoding=\"async\" width=\"147\" height=\"211\" src=\"https:\/\/revistakuvendi.org\/wp-content\/uploads\/2023\/11\/shoqatamirdita-5.png\" alt=\"\" class=\"wp-image-10016\"\/><\/a><\/figure>\n\n\n\n<figure class=\"wp-block-image size-full\"><a href=\"https:\/\/revistakuvendi.org\/wp-content\/uploads\/2023\/11\/shoqatamirdita-4.png\"><img loading=\"lazy\" decoding=\"async\" width=\"374\" height=\"267\" src=\"https:\/\/revistakuvendi.org\/wp-content\/uploads\/2023\/11\/shoqatamirdita-4.png\" alt=\"\" class=\"wp-image-10017\" srcset=\"https:\/\/revistakuvendi.org\/wp-content\/uploads\/2023\/11\/shoqatamirdita-4.png 374w, https:\/\/revistakuvendi.org\/wp-content\/uploads\/2023\/11\/shoqatamirdita-4-300x214.png 300w\" sizes=\"auto, (max-width: 374px) 100vw, 374px\" \/><\/a><\/figure>\n\n\n\n<figure class=\"wp-block-image size-full\"><a href=\"https:\/\/revistakuvendi.org\/wp-content\/uploads\/2023\/11\/shoqatamirdita-6.jpg\"><img loading=\"lazy\" decoding=\"async\" width=\"135\" height=\"143\" src=\"https:\/\/revistakuvendi.org\/wp-content\/uploads\/2023\/11\/shoqatamirdita-6.jpg\" alt=\"\" class=\"wp-image-10018\"\/><\/a><\/figure>\n\n\n\n<figure class=\"wp-block-image size-full\"><a href=\"https:\/\/revistakuvendi.org\/wp-content\/uploads\/2023\/11\/shoqata-mirdta-3.jpg\"><img loading=\"lazy\" decoding=\"async\" width=\"300\" height=\"332\" src=\"https:\/\/revistakuvendi.org\/wp-content\/uploads\/2023\/11\/shoqata-mirdta-3.jpg\" alt=\"\" class=\"wp-image-10019\" srcset=\"https:\/\/revistakuvendi.org\/wp-content\/uploads\/2023\/11\/shoqata-mirdta-3.jpg 300w, https:\/\/revistakuvendi.org\/wp-content\/uploads\/2023\/11\/shoqata-mirdta-3-271x300.jpg 271w\" sizes=\"auto, (max-width: 300px) 100vw, 300px\" \/><\/a><\/figure>\n","protected":false},"excerpt":{"rendered":"<p>Pjeter Jaku Si sot 10 vjet ma pare u krijua Shoqata &#8221; Mirdita&#8221;. me kete rast po publikoj vetem disa pjese te shkeputura nga njoftimet e atehershme ne rrjetet sociale. Ve\u00e7 kesaj, mirditoret do deshironin t&#8217;i shenonin ne kalendarin te kesaj krahine vitale edhe keto evenimente te mirditoreve ne diaspore. Me dat\u00ebn 10 N\u00ebndor 2013,&hellip;<\/p>\n","protected":false},"author":1,"featured_media":10013,"comment_status":"open","ping_status":"open","sticky":false,"template":"","format":"standard","meta":{"footnotes":""},"categories":[12],"tags":[],"class_list":["post-10012","post","type-post","status-publish","format-standard","has-post-thumbnail","hentry","category-jete-komuniteti"],"_links":{"self":[{"href":"https:\/\/revistakuvendi.org\/index.php?rest_route=\/wp\/v2\/posts\/10012","targetHints":{"allow":["GET"]}}],"collection":[{"href":"https:\/\/revistakuvendi.org\/index.php?rest_route=\/wp\/v2\/posts"}],"about":[{"href":"https:\/\/revistakuvendi.org\/index.php?rest_route=\/wp\/v2\/types\/post"}],"author":[{"embeddable":true,"href":"https:\/\/revistakuvendi.org\/index.php?rest_route=\/wp\/v2\/users\/1"}],"replies":[{"embeddable":true,"href":"https:\/\/revistakuvendi.org\/index.php?rest_route=%2Fwp%2Fv2%2Fcomments&post=10012"}],"version-history":[{"count":1,"href":"https:\/\/revistakuvendi.org\/index.php?rest_route=\/wp\/v2\/posts\/10012\/revisions"}],"predecessor-version":[{"id":10020,"href":"https:\/\/revistakuvendi.org\/index.php?rest_route=\/wp\/v2\/posts\/10012\/revisions\/10020"}],"wp:featuredmedia":[{"embeddable":true,"href":"https:\/\/revistakuvendi.org\/index.php?rest_route=\/wp\/v2\/media\/10013"}],"wp:attachment":[{"href":"https:\/\/revistakuvendi.org\/index.php?rest_route=%2Fwp%2Fv2%2Fmedia&parent=10012"}],"wp:term":[{"taxonomy":"category","embeddable":true,"href":"https:\/\/revistakuvendi.org\/index.php?rest_route=%2Fwp%2Fv2%2Fcategories&post=10012"},{"taxonomy":"post_tag","embeddable":true,"href":"https:\/\/revistakuvendi.org\/index.php?rest_route=%2Fwp%2Fv2%2Ftags&post=10012"}],"curies":[{"name":"wp","href":"https:\/\/api.w.org\/{rel}","templated":true}]}}