{"id":10007,"date":"2023-11-03T03:07:07","date_gmt":"2023-11-03T03:07:07","guid":{"rendered":"https:\/\/revistakuvendi.org\/?p=10007"},"modified":"2023-11-03T03:07:07","modified_gmt":"2023-11-03T03:07:07","slug":"ermira-ymeraj-antologjia-poetike-1991-2023","status":"publish","type":"post","link":"https:\/\/revistakuvendi.org\/?p=10007","title":{"rendered":"ERMIRA YMERAJ, ANTOLOGJIA POETIKE 1991-2023"},"content":{"rendered":"\n<figure class=\"wp-block-image size-full\"><a href=\"https:\/\/revistakuvendi.org\/wp-content\/uploads\/2023\/11\/ERMIRA-Y.-Kopertine.jpg\"><img loading=\"lazy\" decoding=\"async\" width=\"170\" height=\"160\" src=\"https:\/\/revistakuvendi.org\/wp-content\/uploads\/2023\/11\/ERMIRA-Y.-Kopertine.jpg\" alt=\"\" class=\"wp-image-10008\"\/><\/a><\/figure>\n\n\n<p>ERMIRA YMERAJ<\/p>\n<p>LEXIMIT<\/p>\n<p><br \/>t&#8217;kisha me mujt, <br \/>me mund, <br \/>me ta hek\u00eb nga nji ashk\u00ebl <br \/>\u00e7do dit\u00eb ngarkue mbi gjinj, <br \/>mu n&#8217;gjoks brenda njaty, <br \/>ku ngihet e unjet, <br \/>ngryset e zbardhet, dridhet e tkurret jeta,<br \/>librin e shpirtit me shkru&#8230; <br \/>eh medet!<br \/>pa le kur t&#8217;fiket prej gjurm\u00ebve fryma,<br \/>kisha me dit\u00eb<br \/>me ta ngjit m&#8217;u n&#8217;am\u00eb,<br \/>p\u00ebshp\u00ebrimat e nji andrre. <br \/>shijet me kultivu,<br \/>librin e syve me lexu!<br \/>bash tana her\u00ebt q\u00eb kok\u00ebn se \u00e7an, <br \/>sa je mbi kamb\u00eb t&#8217;reja <br \/>ngarkue me d\u00ebshira beze, <br \/>me pasthirrma pranvere, <br \/>me drithma moshe, <br \/>kisha me dasht\u00eb, <br \/>zemr\u00ebn me ta sh\u00ebtit\u00eb n&#8217;andrallat t\u00eb krijimit,<br \/>gjuh\u00ebn me pasuru.<br \/>librin e t&#8217;pathanave me lexu.<br \/>e kur flok\u00ebt t&#8217;nisin me u rrit\u00eb,<br \/>bashk\u00eb me trupin,<br \/>hije ma shum\u00eb n&#8217;trotuar tuj ba, <br \/>me mujt at\u00ebher\u00eb kisha dasht\u00eb, <br \/>me t\u00eb ni<br \/>tuj i f\u00ebrsh\u00ebllu andjeve,<br \/>pa teklif,<br \/>n&#8217;sy t\u00eb kthjellun <br \/>n&#8217;shtjellat e nji libri.<br \/>e n&#8217;mesdit\u00ebn tane n&#8217;zhegun e mosh\u00ebs, <br \/>ku i tkurrun je prej kahjeve, caqeve, p\u00ebrplasjeve, brrylave, frik\u00ebrave, <br \/>mendimet kisha dasht\u00eb<br \/>mos me t&#8217;i ngat\u00ebrrue me cullufet e merimangave.<br \/>e at\u00ebher\u00eb ke me mujt,<br \/>me shijet e mbledhuna, <br \/>me i latue dhimbjet e nji shpirti t&#8217;kultivum. <br \/>nji greth, <br \/>ndoshta ma shum\u00eb se nji, <br \/>ka me lyp\u00eb me t&#8217;u duk\u00eb blet\u00eb, <br \/>At\u00ebher\u00eb! <br \/>vetiu ke me zgjedh\u00eb<br \/>nji re t\u00eb bardh\u00eb t&#8217;rrokaqafun me qiellin e nxim\u00eb <br \/>n&#8217;lojnat e yjeve stilue me fjal\u00eb.<\/p>\n<p>Prill 2023<\/p>\n<p>&nbsp;<\/p>\n<p>UNE JAM GRUEJA\u2026<\/p>\n<p>Un\u00eb jam grueja,<br \/>Grueja e vargjeve t&#8217; err\u00ebta,<br \/>E rreshtave me metafora t&#8217;brishta <br \/>dhe epitete t\u00eb marra,<br \/>shkarravis flet\u00ebt<br \/>e bardha,<br \/>Me fjal\u00eb t&#8217;lidhuna<br \/>n&#8217;skutat e mendjes,<br \/>t&#8217;grishuna n&#8217;shpirt, e<br \/>harbue n&#8217;zem\u00ebr.<br \/>Jam grueja,<br \/>Q\u00eb dua shum\u00eb<br \/>thartimeve t\u00eb jet\u00ebs<br \/>kuptim me iu dhan\u00eb.<br \/>Jam grueja q\u00eb dashnis\u00eb<br \/>i shkruej me zjarr, <br \/>Gatu n&#8217;p\u00ebrshtjellime fryme.<br \/>E tash&#8230;<br \/>m&#8217;leni me ra<br \/>qet\u00eb<br \/>n&#8217;ujnat e harruem<br \/>T&#8217;nji shpirti trazuem.<\/p>\n<p>19 mars 2023<\/p>","protected":false},"excerpt":{"rendered":"<p>ERMIRA YMERAJ LEXIMIT t&#8217;kisha me mujt, me mund, me ta hek\u00eb nga nji ashk\u00ebl \u00e7do dit\u00eb ngarkue mbi gjinj, mu n&#8217;gjoks brenda njaty, ku ngihet e unjet, ngryset e zbardhet, dridhet e tkurret jeta,librin e shpirtit me shkru&#8230; eh medet!pa le kur t&#8217;fiket prej gjurm\u00ebve fryma,kisha me dit\u00ebme ta ngjit m&#8217;u n&#8217;am\u00eb,p\u00ebshp\u00ebrimat e nji andrre.&hellip;<\/p>\n","protected":false},"author":1,"featured_media":10008,"comment_status":"open","ping_status":"open","sticky":false,"template":"","format":"standard","meta":{"footnotes":""},"categories":[7],"tags":[],"class_list":["post-10007","post","type-post","status-publish","format-standard","has-post-thumbnail","hentry","category-poezi"],"_links":{"self":[{"href":"https:\/\/revistakuvendi.org\/index.php?rest_route=\/wp\/v2\/posts\/10007","targetHints":{"allow":["GET"]}}],"collection":[{"href":"https:\/\/revistakuvendi.org\/index.php?rest_route=\/wp\/v2\/posts"}],"about":[{"href":"https:\/\/revistakuvendi.org\/index.php?rest_route=\/wp\/v2\/types\/post"}],"author":[{"embeddable":true,"href":"https:\/\/revistakuvendi.org\/index.php?rest_route=\/wp\/v2\/users\/1"}],"replies":[{"embeddable":true,"href":"https:\/\/revistakuvendi.org\/index.php?rest_route=%2Fwp%2Fv2%2Fcomments&post=10007"}],"version-history":[{"count":1,"href":"https:\/\/revistakuvendi.org\/index.php?rest_route=\/wp\/v2\/posts\/10007\/revisions"}],"predecessor-version":[{"id":10009,"href":"https:\/\/revistakuvendi.org\/index.php?rest_route=\/wp\/v2\/posts\/10007\/revisions\/10009"}],"wp:featuredmedia":[{"embeddable":true,"href":"https:\/\/revistakuvendi.org\/index.php?rest_route=\/wp\/v2\/media\/10008"}],"wp:attachment":[{"href":"https:\/\/revistakuvendi.org\/index.php?rest_route=%2Fwp%2Fv2%2Fmedia&parent=10007"}],"wp:term":[{"taxonomy":"category","embeddable":true,"href":"https:\/\/revistakuvendi.org\/index.php?rest_route=%2Fwp%2Fv2%2Fcategories&post=10007"},{"taxonomy":"post_tag","embeddable":true,"href":"https:\/\/revistakuvendi.org\/index.php?rest_route=%2Fwp%2Fv2%2Ftags&post=10007"}],"curies":[{"name":"wp","href":"https:\/\/api.w.org\/{rel}","templated":true}]}}