{"id":10002,"date":"2023-10-29T01:18:12","date_gmt":"2023-10-29T01:18:12","guid":{"rendered":"https:\/\/revistakuvendi.org\/?p=10002"},"modified":"2023-10-29T01:18:12","modified_gmt":"2023-10-29T01:18:12","slug":"arben-prendi-antologjia-poetike-1991-2023","status":"publish","type":"post","link":"https:\/\/revistakuvendi.org\/?p=10002","title":{"rendered":"ARBEN PRENDI, ANTOLOGJIA POETIKE 1991-2023"},"content":{"rendered":"\n<figure class=\"wp-block-image size-full\"><a href=\"https:\/\/revistakuvendi.org\/wp-content\/uploads\/2023\/10\/ARBEN-PRENDI-KOPERTINE.jpg\"><img loading=\"lazy\" decoding=\"async\" width=\"170\" height=\"170\" src=\"https:\/\/revistakuvendi.org\/wp-content\/uploads\/2023\/10\/ARBEN-PRENDI-KOPERTINE.jpg\" alt=\"\" class=\"wp-image-10004\" srcset=\"https:\/\/revistakuvendi.org\/wp-content\/uploads\/2023\/10\/ARBEN-PRENDI-KOPERTINE.jpg 170w, https:\/\/revistakuvendi.org\/wp-content\/uploads\/2023\/10\/ARBEN-PRENDI-KOPERTINE-150x150.jpg 150w, https:\/\/revistakuvendi.org\/wp-content\/uploads\/2023\/10\/ARBEN-PRENDI-KOPERTINE-50x50.jpg 50w\" sizes=\"auto, (max-width: 170px) 100vw, 170px\" \/><\/a><\/figure>\n\n\n<p><strong>PATJETER DUHET TE NDRYSHOJE BOTA<\/strong><\/p>\n<p>Sot duhet t\u00eb shihemi patjet\u00ebr,<br \/>Se o \u00e7\u2019m\u00ebrzi jeta pa ty. <br \/>M\u00eb ngjan bota krejt e vjet\u00ebr,<br \/>M\u00eb ngjan bota krejt pa sy.<\/p>\n<p>M\u00eb lotojn\u00eb vargje krojet e mallit,<br \/>Sythet e dhembjes m\u00eb lotojn\u00eb perla.<br \/>Fryn pastaj nj\u00eb furtun\u00eb e \u00e7mendur<br \/>M\u00eb hedh n\u00eb ca stin\u00eb t\u00eb shkreta.<\/p>\n<p>Mirazheve, mirazheve v\u00ebrtitemi<br \/>E s\u2019dim\u00eb \u00e7\u2019duam e \u00e7\u2019b\u00ebjm\u00eb n\u00eb k\u00ebt\u00eb jet\u00eb,<br \/>E s\u2019dim\u00eb n\u00eb jemi ata q\u00eb jemi<br \/>N\u00eb t\u00eb v\u00ebrtet\u00eb\u2026<\/p>\n<p>Por ka nj\u00eb gj\u00eb q\u00eb nuk l\u00ebkundet m\u00eb,<br \/>Sot do shihemi patjet\u00ebr.<br \/>M\u00eb ngjajn\u00eb gj\u00ebrat pa kuptim,<br \/>M\u00eb ngjan bota krejt e vjet\u00ebr.<\/p>\n<p><br \/><strong>PERSPEKTIVE E MBYLLUN<\/strong><\/p>\n<p>Ka mashtrue dimni,<br \/>K\u00ebrcenjt\u00eb e gjelb\u00ebr, gjethet viktima,<br \/>Dhe shinat e trishtimit.<\/p>\n<p>Gj\u00ebmon n\u00eb k\u00ebt\u00eb an\u00eb,<br \/>Gj\u00ebmon n\u00eb at\u00eb an\u00eb,<br \/>Qielli,<br \/>Prej mashtrimit\u2026<\/p>\n<p><br \/><strong>MOTER, MOS U BAN QYQE BALADE<\/strong><\/p>\n<p>\u2026 Edhe k\u00ebt\u00eb ver\u00eb se mbajta fjalen<br \/>Q\u00eb nan\u00ebs i dham\u00eb kur u martove,<br \/>se her\u00eb qesh\u00eb plagu nga trupi, <br \/>her\u00eb nga koka,<br \/>e her\u00eb s\u2019po m\u00eb len puna,<br \/>e her\u00eb s\u2019po m\u00eb del rroga,<br \/>e rruga p\u00ebr te ti,<br \/>tre-kat\u00ebr male kaptue<br \/>larg.<\/p>\n<p>Nana edhe k\u00ebt\u00eb ver\u00eb<br \/>Ku vapa p\u00eblcet gurin dhe shpirtin e saj,<br \/>Do t\u00eb jet\u00eb n\u00eb merak p\u00ebr ty.<\/p>\n<p>Mot\u00ebr, qyqe balade mos u ban,<br \/>Po gj\u00ebje vet rrug\u00ebn e humbun\u2026<\/p>\n<p>&nbsp;<\/p>\n<p>&nbsp;<\/p>","protected":false},"excerpt":{"rendered":"<p>PATJETER DUHET TE NDRYSHOJE BOTA Sot duhet t\u00eb shihemi patjet\u00ebr,Se o \u00e7\u2019m\u00ebrzi jeta pa ty. M\u00eb ngjan bota krejt e vjet\u00ebr,M\u00eb ngjan bota krejt pa sy. M\u00eb lotojn\u00eb vargje krojet e mallit,Sythet e dhembjes m\u00eb lotojn\u00eb perla.Fryn pastaj nj\u00eb furtun\u00eb e \u00e7mendurM\u00eb hedh n\u00eb ca stin\u00eb t\u00eb shkreta. Mirazheve, mirazheve v\u00ebrtitemiE s\u2019dim\u00eb \u00e7\u2019duam e \u00e7\u2019b\u00ebjm\u00eb&hellip;<\/p>\n","protected":false},"author":1,"featured_media":10004,"comment_status":"open","ping_status":"open","sticky":false,"template":"","format":"standard","meta":{"footnotes":""},"categories":[7],"tags":[],"class_list":["post-10002","post","type-post","status-publish","format-standard","has-post-thumbnail","hentry","category-poezi"],"_links":{"self":[{"href":"https:\/\/revistakuvendi.org\/index.php?rest_route=\/wp\/v2\/posts\/10002","targetHints":{"allow":["GET"]}}],"collection":[{"href":"https:\/\/revistakuvendi.org\/index.php?rest_route=\/wp\/v2\/posts"}],"about":[{"href":"https:\/\/revistakuvendi.org\/index.php?rest_route=\/wp\/v2\/types\/post"}],"author":[{"embeddable":true,"href":"https:\/\/revistakuvendi.org\/index.php?rest_route=\/wp\/v2\/users\/1"}],"replies":[{"embeddable":true,"href":"https:\/\/revistakuvendi.org\/index.php?rest_route=%2Fwp%2Fv2%2Fcomments&post=10002"}],"version-history":[{"count":1,"href":"https:\/\/revistakuvendi.org\/index.php?rest_route=\/wp\/v2\/posts\/10002\/revisions"}],"predecessor-version":[{"id":10005,"href":"https:\/\/revistakuvendi.org\/index.php?rest_route=\/wp\/v2\/posts\/10002\/revisions\/10005"}],"wp:featuredmedia":[{"embeddable":true,"href":"https:\/\/revistakuvendi.org\/index.php?rest_route=\/wp\/v2\/media\/10004"}],"wp:attachment":[{"href":"https:\/\/revistakuvendi.org\/index.php?rest_route=%2Fwp%2Fv2%2Fmedia&parent=10002"}],"wp:term":[{"taxonomy":"category","embeddable":true,"href":"https:\/\/revistakuvendi.org\/index.php?rest_route=%2Fwp%2Fv2%2Fcategories&post=10002"},{"taxonomy":"post_tag","embeddable":true,"href":"https:\/\/revistakuvendi.org\/index.php?rest_route=%2Fwp%2Fv2%2Ftags&post=10002"}],"curies":[{"name":"wp","href":"https:\/\/api.w.org\/{rel}","templated":true}]}}